{"id":10019,"date":"2023-07-28T09:29:50","date_gmt":"2023-07-28T12:29:50","guid":{"rendered":"https:\/\/vimagazine.com.br\/?p=10019"},"modified":"2023-07-28T09:29:52","modified_gmt":"2023-07-28T12:29:52","slug":"hospital-dona-helena-de-joinville-sc-investe-em-novos-equipamentos-e-na-jornada-do-paciente","status":"publish","type":"post","link":"https:\/\/vimagazine.com.br\/?p=10019","title":{"rendered":"Hospital Dona Helena, de Joinville (SC), investe em novos equipamentos e na Jornada do Paciente"},"content":{"rendered":"\n<p class=\"has-text-align-center\">A moderniza\u00e7\u00e3o cont\u00ednua do parque tecnol\u00f3gico, oferecendo a melhor assist\u00eancia ao paciente, aliada aos fundamentos da humaniza\u00e7\u00e3o, \u00e9 uma das diretrizes do novo Planejamento Estrat\u00e9gico do Hospital Dona Helena, de Joinville (SC). <\/p>\n\n\n\n<p class=\"has-text-align-center\">O desenho do planejamento \u2013 que estabelece metas para os pr\u00f3ximos cinco anos \u2013 teve a consultoria da Funda\u00e7\u00e3o Dom Cabral, de Minas Gerais. Na semana passada, a dire\u00e7\u00e3o do hospital divulgou investimento de R$ 1 milh\u00e3o, em equipamentos destinados a v\u00e1rios setores. <\/p>\n\n\n\n<p class=\"has-text-align-center\"><strong>A aquisi\u00e7\u00e3o foi feita durante a Feira Hospitalar 2023. \u201cProcuramos estar sempre em dia com as novas tecnologias que o mercado tem a oferecer\u201d, ressalta o diretor-geral Jos\u00e9 Tadeu Chechi.<\/strong><\/p>\n\n\n\n<p class=\"has-text-align-center\">Tamb\u00e9m associada ao novo planejamento, uma a\u00e7\u00e3o em andamento est\u00e1 voltada \u00e0 chamada Jornada do Paciente, uma s\u00e9rie de ferramentas que ser\u00e3o implementadas nas diversas etapas do atendimento, do agendamento da consulta at\u00e9 o acesso ao m\u00e9dico. O projeto, alinhado com as estrat\u00e9gias de gest\u00e3o da Sa\u00fade 4.0, est\u00e1 sendo desenvolvido em parceria com uma startup baseada em S\u00e3o Jos\u00e9 dos Campos (SP), a Nick Sa\u00fade.<\/p>\n\n\n\n<p class=\"has-text-align-center\">O diretor Jos\u00e9 Tadeu menciona ainda a flexibiliza\u00e7\u00e3o na estrutura de atendimento como um ponto chave trazido pelo novo planejamento estrat\u00e9gico. Foi com base nessa diretriz que, no m\u00eas de abril, o hospital conseguiu ampliar sua capacidade total em 22 leitos para dar conta do aumento da demanda, no enfrentamento \u00e0 epidemia da dengue. <\/p>\n\n\n\n<p class=\"has-text-align-center\">\u201c\u00c9 importante essa resposta r\u00e1pida, tanto no diagn\u00f3stico quanto no tratamento, para que o paciente responda e reverta um cen\u00e1rio de doen\u00e7a que poderia se agravar\u201d, sinaliza Jos\u00e9 Tadeu. \u201cAntes da epidemia de dengue, vivemos o auge da Covid-19, em que tamb\u00e9m precisamos ser \u00e1geis. Nossas equipes est\u00e3o preparadas para agir rapidamente ante essas demandas que surgem.\u201d<\/p>\n\n\n\n<p class=\"has-text-align-center\">Para o executivo, a \u00e1rea da sa\u00fade ganhou proje\u00e7\u00e3o no p\u00f3s-pandemia. \u201cM\u00e9dicos, enfermeiros, nutricionistas etc. eram vistos como profissionais comuns. A pandemia elevou o patamar da categoria, porque todo mundo, de alguma forma, percebeu a relev\u00e2ncia da sa\u00fade. Tivemos uma valoriza\u00e7\u00e3o, pelo esfor\u00e7o empreendido para dar a melhor assist\u00eancia. <\/p>\n\n\n\n<p class=\"has-text-align-center\"><strong>A pandemia deixou um legado, em termos de reconhecimento social da sa\u00fade. <\/strong><\/p>\n\n\n\n<p class=\"has-text-align-center\">Quanto ao hospital, o aprendizado foi sobre o quanto \u00e9 importante trabalharmos mais unidos, entender que um depende do outro, seja qual for sua fun\u00e7\u00e3o, turno ou setor \u2013 e temos que tentar construir uma unidade, uma uniformidade na maneira de atender o paciente, com seguran\u00e7a e humaniza\u00e7\u00e3o.\u201d<\/p>\n\n\n\n<p class=\"has-text-align-center\">Assessoria de imprensa Hospital Dona Helena. <\/p>\n\n\n\n<p class=\"has-text-align-center\">Jornalista respons\u00e1vel: Guilherme Diefenthaeler<\/p>\n\n\n\n<p class=\"has-text-align-center\"> (reg. prof. 6207\/RS).<\/p>\n","protected":false},"excerpt":{"rendered":"<p>A moderniza\u00e7\u00e3o cont\u00ednua do parque tecnol\u00f3gico, oferecendo a melhor assist\u00eancia ao paciente, aliada aos fundamentos&#8230;<\/p>\n","protected":false},"author":3,"featured_media":10020,"comment_status":"closed","ping_status":"open","sticky":false,"template":"","format":"standard","meta":{"om_disable_all_campaigns":false,"_monsterinsights_skip_tracking":false,"_monsterinsights_sitenote_active":false,"_monsterinsights_sitenote_note":"","_monsterinsights_sitenote_category":0,"spay_email":""},"categories":[1],"tags":[],"jetpack_featured_media_url":"https:\/\/vimagazine.com.br\/wp-content\/uploads\/2023\/07\/WhatsApp-Image-2023-07-17-at-08.32.58.jpeg","_links":{"self":[{"href":"https:\/\/vimagazine.com.br\/index.php?rest_route=\/wp\/v2\/posts\/10019"}],"collection":[{"href":"https:\/\/vimagazine.com.br\/index.php?rest_route=\/wp\/v2\/posts"}],"about":[{"href":"https:\/\/vimagazine.com.br\/index.php?rest_route=\/wp\/v2\/types\/post"}],"author":[{"embeddable":true,"href":"https:\/\/vimagazine.com.br\/index.php?rest_route=\/wp\/v2\/users\/3"}],"replies":[{"embeddable":true,"href":"https:\/\/vimagazine.com.br\/index.php?rest_route=%2Fwp%2Fv2%2Fcomments&post=10019"}],"version-history":[{"count":1,"href":"https:\/\/vimagazine.com.br\/index.php?rest_route=\/wp\/v2\/posts\/10019\/revisions"}],"predecessor-version":[{"id":10021,"href":"https:\/\/vimagazine.com.br\/index.php?rest_route=\/wp\/v2\/posts\/10019\/revisions\/10021"}],"wp:featuredmedia":[{"embeddable":true,"href":"https:\/\/vimagazine.com.br\/index.php?rest_route=\/wp\/v2\/media\/10020"}],"wp:attachment":[{"href":"https:\/\/vimagazine.com.br\/index.php?rest_route=%2Fwp%2Fv2%2Fmedia&parent=10019"}],"wp:term":[{"taxonomy":"category","embeddable":true,"href":"https:\/\/vimagazine.com.br\/index.php?rest_route=%2Fwp%2Fv2%2Fcategories&post=10019"},{"taxonomy":"post_tag","embeddable":true,"href":"https:\/\/vimagazine.com.br\/index.php?rest_route=%2Fwp%2Fv2%2Ftags&post=10019"}],"curies":[{"name":"wp","href":"https:\/\/api.w.org\/{rel}","templated":true}]}}