{"id":10022,"date":"2023-07-28T10:32:51","date_gmt":"2023-07-28T13:32:51","guid":{"rendered":"https:\/\/vimagazine.com.br\/?p=10022"},"modified":"2023-07-28T10:32:54","modified_gmt":"2023-07-28T13:32:54","slug":"garten-shopping-recebe-contacao-de-historias-neste-sabado-29","status":"publish","type":"post","link":"https:\/\/vimagazine.com.br\/?p=10022","title":{"rendered":"Garten Shopping recebe conta\u00e7\u00e3o de hist\u00f3rias neste s\u00e1bado (29)"},"content":{"rendered":"\n<p class=\"has-text-align-center\">Com intuito de estimular a leitura e proporcionar lazer \u00e0s crian\u00e7as, o Garten Shopping recebe a conta\u00e7\u00e3o de hist\u00f3rias neste s\u00e1bado (29). A Hora do Conto acontece na Livrarias Curitiba \u00e0s 15h. A&nbsp;<strong>atra\u00e7\u00e3o gratuita<\/strong>&nbsp;\u00e9 conduzida pela educadora e contadora de hist\u00f3rias Caroline Spieker.&nbsp;<\/p>\n\n\n\n<p class=\"has-text-align-center\">Al\u00e9m da Hora do Conto, o p\u00fablico infantil pode se divertir no mundo dos dinossauros com diversos brinquedos, labirinto tri\u00e1ssico e piscina de bolinhas gigante, no Dino\u2019s Adventure. A atra\u00e7\u00e3o cobra R$50 reais por&nbsp;<strong>uma hora<\/strong>, depois mais R$15 reais a cada 15 minutos.&nbsp;<\/p>\n\n\n\n<p class=\"has-text-align-center\"><strong>A divers\u00e3o \u00e9 garantida no GNC Cinemas do Garten Shopping<\/strong><\/p>\n\n\n\n<p class=\"has-text-align-center\">Nas telas do cinema, a \u201cBarbie\u201d continua liderando as bilheterias em seu mundo encantado. Com um enredo que est\u00e1 dando o que falar, o p\u00fablico pode aproveitar o final de semana para escolher sua sess\u00e3o da Barbie nas telas do Garten Shopping. A boneca mais famosa do mundo est\u00e1 estampada em diversos produtos da&nbsp;<strong>vitrine Pantone<\/strong>, logo na entrada do Shopping.&nbsp;<\/p>\n\n\n\n<p class=\"has-text-align-center\">Tem op\u00e7\u00f5es para todos os gostos. O p\u00fablico que gosta do g\u00eanero a\u00e7\u00e3o e aventura pode garantir a agenda do final de semana com o filme \u201cOppenheimer\u201d, que envolve a hist\u00f3ria do f\u00edsico americano Julius Robert Oppenheimer e seu papel no Projeto Manhattan, no desenvolvimento da\u00a0<strong>bomba at\u00f4mica<\/strong>\u00a0durante a Segunda Guerra Mundial. Ethan Hunt, agente do FMI, aventura-se novamente em &#8220;Miss\u00e3o Imposs\u00edvel &#8211; Acerto de Contas Parte 1&#8221;, s\u00e9timo longa da s\u00e9rie de filmes &#8220;Miss\u00e3o Imposs\u00edvel&#8221;, dispon\u00edvel no GNC Cinemas.\u00a0<\/p>\n\n\n\n<figure class=\"wp-block-image size-large\"><img width=\"1024\" height=\"683\" src=\"https:\/\/vimagazine.com.br\/wp-content\/uploads\/2023\/07\/Barbie-1-1024x683.jpg\" alt=\"\" class=\"wp-image-10024\" srcset=\"https:\/\/vimagazine.com.br\/wp-content\/uploads\/2023\/07\/Barbie-1-1024x683.jpg 1024w, https:\/\/vimagazine.com.br\/wp-content\/uploads\/2023\/07\/Barbie-1-300x200.jpg 300w, https:\/\/vimagazine.com.br\/wp-content\/uploads\/2023\/07\/Barbie-1-768x512.jpg 768w, https:\/\/vimagazine.com.br\/wp-content\/uploads\/2023\/07\/Barbie-1-1536x1024.jpg 1536w, https:\/\/vimagazine.com.br\/wp-content\/uploads\/2023\/07\/Barbie-1.jpg 1920w\" sizes=\"(max-width: 1024px) 100vw, 1024px\" \/><\/figure>\n\n\n\n<p class=\"has-text-align-center\">Em cartaz, o p\u00fablico tamb\u00e9m tem as op\u00e7\u00f5es de assistir \u201cMiss\u00e3o de Sobreviv\u00eancia\u201d, com Tom Harris como um&nbsp;<strong>agente secreto<\/strong>&nbsp;da CIA, \u201cMans\u00e3o Mal Assombrada\u201d, em uma casa com invasores&nbsp;<strong>sobrenaturais<\/strong>, e \u201cElementos\u201d, onde os quatro elementos ar, terra, fogo, ar se encontram para uma grande aventura divertida de anima\u00e7\u00e3o.<\/p>\n\n\n\n<p class=\"has-text-align-center\"><strong>Exposi\u00e7\u00e3o \u201cCompanhia de Dan\u00e7a Liliana Vieira &#8211; 10 anos\u201d<\/strong><\/p>\n\n\n\n<p class=\"has-text-align-center\">Ainda no ritmo do Festival Garten de Dan\u00e7a, no Garten Cultura os clientes podem apreciar a exposi\u00e7\u00e3o \u201cCompanhia de Dan\u00e7a Liliana Vieira &#8211; 10 anos\u201d, contando a trajet\u00f3ria da core\u00f3grafa Liliana Vieira dentro do Festival de Dan\u00e7a de Joinville.\u00a0<\/p>\n\n\n\n<p class=\"has-text-align-center\"><strong>Gabriele Abatti<\/strong><\/p>\n\n\n\n<p class=\"has-text-align-center\"><strong>Atendimento Garten Shopping<\/strong><\/p>\n\n\n\n<p class=\"has-text-align-center\"><strong>Primeira Via Comunica\u00e7\u00e3o Integrada<\/strong><\/p>\n\n\n\n<figure class=\"wp-block-image size-large\"><img width=\"1024\" height=\"683\" src=\"https:\/\/vimagazine.com.br\/wp-content\/uploads\/2023\/07\/Barbie-2-1024x683.jpg\" alt=\"\" class=\"wp-image-10025\" srcset=\"https:\/\/vimagazine.com.br\/wp-content\/uploads\/2023\/07\/Barbie-2-1024x683.jpg 1024w, https:\/\/vimagazine.com.br\/wp-content\/uploads\/2023\/07\/Barbie-2-300x200.jpg 300w, https:\/\/vimagazine.com.br\/wp-content\/uploads\/2023\/07\/Barbie-2-768x512.jpg 768w, https:\/\/vimagazine.com.br\/wp-content\/uploads\/2023\/07\/Barbie-2-1536x1024.jpg 1536w, https:\/\/vimagazine.com.br\/wp-content\/uploads\/2023\/07\/Barbie-2.jpg 1920w\" sizes=\"(max-width: 1024px) 100vw, 1024px\" \/><\/figure>\n\n\n\n<figure class=\"wp-block-image size-large is-resized\"><img src=\"https:\/\/vimagazine.com.br\/wp-content\/uploads\/2023\/07\/Exposicao-2-1024x683.jpg\" alt=\"\" class=\"wp-image-10027\" width=\"840\" height=\"560\" srcset=\"https:\/\/vimagazine.com.br\/wp-content\/uploads\/2023\/07\/Exposicao-2-1024x683.jpg 1024w, https:\/\/vimagazine.com.br\/wp-content\/uploads\/2023\/07\/Exposicao-2-300x200.jpg 300w, https:\/\/vimagazine.com.br\/wp-content\/uploads\/2023\/07\/Exposicao-2-768x512.jpg 768w, https:\/\/vimagazine.com.br\/wp-content\/uploads\/2023\/07\/Exposicao-2-1536x1024.jpg 1536w, https:\/\/vimagazine.com.br\/wp-content\/uploads\/2023\/07\/Exposicao-2.jpg 1920w\" sizes=\"(max-width: 840px) 100vw, 840px\" \/><\/figure>\n\n\n\n<figure class=\"wp-block-image aligncenter size-large\"><img width=\"683\" height=\"1024\" src=\"https:\/\/vimagazine.com.br\/wp-content\/uploads\/2023\/07\/Exposicao-1-683x1024.jpg\" alt=\"\" class=\"wp-image-10028\" srcset=\"https:\/\/vimagazine.com.br\/wp-content\/uploads\/2023\/07\/Exposicao-1-683x1024.jpg 683w, https:\/\/vimagazine.com.br\/wp-content\/uploads\/2023\/07\/Exposicao-1-200x300.jpg 200w, https:\/\/vimagazine.com.br\/wp-content\/uploads\/2023\/07\/Exposicao-1-768x1152.jpg 768w, https:\/\/vimagazine.com.br\/wp-content\/uploads\/2023\/07\/Exposicao-1-1024x1536.jpg 1024w, https:\/\/vimagazine.com.br\/wp-content\/uploads\/2023\/07\/Exposicao-1.jpg 1280w\" sizes=\"(max-width: 683px) 100vw, 683px\" \/><\/figure>\n\n\n\n<p class=\"has-text-align-center\"><a href=\"https:\/\/www.linkedin.com\/company\/primeiravia\/\" target=\"_blank\" rel=\"noreferrer noopener\"><\/a>&nbsp;<a href=\"https:\/\/www.facebook.com\/primeiravia\/\" target=\"_blank\" rel=\"noreferrer noopener\"><\/a>&nbsp;<a href=\"https:\/\/www.instagram.com\/primeiravia\" target=\"_blank\" rel=\"noreferrer noopener\"><\/a><\/p>\n","protected":false},"excerpt":{"rendered":"<p>Com intuito de estimular a leitura e proporcionar lazer \u00e0s crian\u00e7as, o Garten Shopping recebe&#8230;<\/p>\n","protected":false},"author":3,"featured_media":10023,"comment_status":"closed","ping_status":"open","sticky":false,"template":"","format":"standard","meta":{"om_disable_all_campaigns":false,"_monsterinsights_skip_tracking":false,"_monsterinsights_sitenote_active":false,"_monsterinsights_sitenote_note":"","_monsterinsights_sitenote_category":0,"spay_email":""},"categories":[1],"tags":[],"jetpack_featured_media_url":"https:\/\/vimagazine.com.br\/wp-content\/uploads\/2023\/07\/Hora-do-conto-e1690550917275.jpg","_links":{"self":[{"href":"https:\/\/vimagazine.com.br\/index.php?rest_route=\/wp\/v2\/posts\/10022"}],"collection":[{"href":"https:\/\/vimagazine.com.br\/index.php?rest_route=\/wp\/v2\/posts"}],"about":[{"href":"https:\/\/vimagazine.com.br\/index.php?rest_route=\/wp\/v2\/types\/post"}],"author":[{"embeddable":true,"href":"https:\/\/vimagazine.com.br\/index.php?rest_route=\/wp\/v2\/users\/3"}],"replies":[{"embeddable":true,"href":"https:\/\/vimagazine.com.br\/index.php?rest_route=%2Fwp%2Fv2%2Fcomments&post=10022"}],"version-history":[{"count":1,"href":"https:\/\/vimagazine.com.br\/index.php?rest_route=\/wp\/v2\/posts\/10022\/revisions"}],"predecessor-version":[{"id":10029,"href":"https:\/\/vimagazine.com.br\/index.php?rest_route=\/wp\/v2\/posts\/10022\/revisions\/10029"}],"wp:featuredmedia":[{"embeddable":true,"href":"https:\/\/vimagazine.com.br\/index.php?rest_route=\/wp\/v2\/media\/10023"}],"wp:attachment":[{"href":"https:\/\/vimagazine.com.br\/index.php?rest_route=%2Fwp%2Fv2%2Fmedia&parent=10022"}],"wp:term":[{"taxonomy":"category","embeddable":true,"href":"https:\/\/vimagazine.com.br\/index.php?rest_route=%2Fwp%2Fv2%2Fcategories&post=10022"},{"taxonomy":"post_tag","embeddable":true,"href":"https:\/\/vimagazine.com.br\/index.php?rest_route=%2Fwp%2Fv2%2Ftags&post=10022"}],"curies":[{"name":"wp","href":"https:\/\/api.w.org\/{rel}","templated":true}]}}