{"id":10034,"date":"2023-07-28T12:34:12","date_gmt":"2023-07-28T15:34:12","guid":{"rendered":"https:\/\/vimagazine.com.br\/?p=10034"},"modified":"2023-07-28T12:34:15","modified_gmt":"2023-07-28T15:34:15","slug":"o-mane-que-calculava-e-a-atracao-deste-domingo-com-teatro-no-villa-romana-shopping","status":"publish","type":"post","link":"https:\/\/vimagazine.com.br\/?p=10034","title":{"rendered":"O Man\u00e9 que Calculava \u00e9 a atra\u00e7\u00e3o deste Domingo com Teatro, no Villa Romana Shopping"},"content":{"rendered":"\n<p class=\"has-text-align-center\"><em>O projeto promove o teatro infantil, atrav\u00e9s de uma programa\u00e7\u00e3o para curtir em fam\u00edlia. Todos os domingos em Florian\u00f3polis, com entrada gratuita<\/em><\/p>\n\n\n\n<p class=\"has-text-align-center\">O Domingo com Teatro desta semana apresenta &#8220;O Man\u00e9 que Calculava&#8221;, do Grupo Teatro em Tr\u00e2mite. Durante o espet\u00e1culo, que ser\u00e1 realizado \u00e0s 11h30, no Villa Romana Shopping, somos levados a uma viagem pelas hist\u00f3rias de Man\u00e9, um antigo morador da Ilha de Santa Catarina. <\/p>\n\n\n\n<p class=\"has-text-align-center\">Com muito humor e divers\u00e3o, ele compartilha as perip\u00e9cias de sua av\u00f3, Maria das Contas, uma mulher apaixonada por matem\u00e1tica que o ensinou a enxergar o mundo atrav\u00e9s dos n\u00fameros e das contas.<\/p>\n\n\n\n<p class=\"has-text-align-center\">Essa adapta\u00e7\u00e3o livre do livro &#8220;O homem que Calculava&#8221; de Malba Tahan traz um toque especial, inserindo as tradi\u00e7\u00f5es a\u00e7orianas presentes na vida das pessoas em Florian\u00f3polis. Atrav\u00e9s das lembran\u00e7as afetivas de Man\u00e9, o espet\u00e1culo busca aproximar o conhecimento matem\u00e1tico das hist\u00f3rias e tradi\u00e7\u00f5es hist\u00f3ricas da cidade. Com a atua\u00e7\u00e3o de Paulo Thiago Ferrugem e dire\u00e7\u00e3o de Andr\u00e9 Francisco, prepare-se para uma experi\u00eancia teatral encantadora e educativa.&nbsp;<\/p>\n\n\n\n<p class=\"has-text-align-center\"><strong>Acessibilidade&nbsp;<\/strong><\/p>\n\n\n\n<p class=\"has-text-align-center\">Todos os domingos no projeto Domingo com Teatro, a acessibilidade e inclus\u00e3o s\u00e3o valores fundamentais. Todas as pe\u00e7as teatrais contam com tradu\u00e7\u00e3o em Libras (L\u00edngua Brasileira de Sinais). <\/p>\n\n\n\n<p class=\"has-text-align-center\">O objetivo \u00e9 permitir que a magia das performances e hist\u00f3rias alcance a todos, independentemente de sua capacidade auditiva. Al\u00e9m disso, todo \u00faltimo domingo do m\u00eas, o projeto contar\u00e1 tamb\u00e9m com o servi\u00e7o de audiodescri\u00e7\u00e3o, proporcionando uma experi\u00eancia enriquecedora e inclusiva para pessoas com defici\u00eancia visual.\u00a0<\/p>\n\n\n\n<p class=\"has-text-align-center\">O Domingo com Teatro \u00e9 um dos mais importantes projetos de promo\u00e7\u00e3o da cultura na inf\u00e2ncia e forma\u00e7\u00e3o de plateia de Santa Catarina. Realiza apresenta\u00e7\u00f5es semanais de espet\u00e1culos infantis para curtir em fam\u00edlia, sempre em sess\u00f5es gratuitas. <\/p>\n\n\n\n<p class=\"has-text-align-center\">O projeto \u00e9 totalmente patrocinado pela Prefeitura Municipal de Florian\u00f3polis, Secretaria de Cultura, Esporte e Lazer e Funda\u00e7\u00e3o Cultural de Florian\u00f3polis Franklin Cascaes por meio da Lei Municipal de Incentivo \u00e0 Cultura n\u00ba 3659\/91. Com o apoio cultural do Villa Romana Shopping e Cinesystem. A coordena\u00e7\u00e3o geral \u00e9 da Marte Cultural.<\/p>\n\n\n\n<p class=\"has-text-align-center\"><strong>Agende-se<\/strong><\/p>\n\n\n\n<p class=\"has-text-align-center\">Domingo Com Teatro: Grupo Teatro em Tr\u00e2mite | O Man\u00e9 que Calculava<\/p>\n\n\n\n<p class=\"has-text-align-center\">Quando: 30\/07\/2023, \u00e0s 11h30<\/p>\n\n\n\n<p class=\"has-text-align-center\">Onde: Cinesystem \u2013 Villa Romana Shopping (Av. Madre Benvenuta, 687, Santa M\u00f4nica, Florian\u00f3polis)<\/p>\n\n\n\n<p class=\"has-text-align-center\"><strong>Gratuito<\/strong><\/p>\n\n\n\n<p class=\"has-text-align-center\">Classifica\u00e7\u00e3o: Livre<\/p>\n\n\n\n<p class=\"has-text-align-center\">Siga-nos tamb\u00e9m no Instagram: @martecultural e @domingocomteatro<\/p>\n\n\n\n<p class=\"has-text-align-center\"><strong>Celina Keppeler | Atendimento<\/strong><\/p>\n","protected":false},"excerpt":{"rendered":"<p>O projeto promove o teatro infantil, atrav\u00e9s de uma programa\u00e7\u00e3o para curtir em fam\u00edlia. Todos&#8230;<\/p>\n","protected":false},"author":3,"featured_media":10035,"comment_status":"closed","ping_status":"open","sticky":false,"template":"","format":"standard","meta":{"om_disable_all_campaigns":false,"_monsterinsights_skip_tracking":false,"_monsterinsights_sitenote_active":false,"_monsterinsights_sitenote_note":"","_monsterinsights_sitenote_category":0,"spay_email":""},"categories":[1],"tags":[],"jetpack_featured_media_url":"https:\/\/vimagazine.com.br\/wp-content\/uploads\/2023\/07\/mane-1.jpg","_links":{"self":[{"href":"https:\/\/vimagazine.com.br\/index.php?rest_route=\/wp\/v2\/posts\/10034"}],"collection":[{"href":"https:\/\/vimagazine.com.br\/index.php?rest_route=\/wp\/v2\/posts"}],"about":[{"href":"https:\/\/vimagazine.com.br\/index.php?rest_route=\/wp\/v2\/types\/post"}],"author":[{"embeddable":true,"href":"https:\/\/vimagazine.com.br\/index.php?rest_route=\/wp\/v2\/users\/3"}],"replies":[{"embeddable":true,"href":"https:\/\/vimagazine.com.br\/index.php?rest_route=%2Fwp%2Fv2%2Fcomments&post=10034"}],"version-history":[{"count":1,"href":"https:\/\/vimagazine.com.br\/index.php?rest_route=\/wp\/v2\/posts\/10034\/revisions"}],"predecessor-version":[{"id":10036,"href":"https:\/\/vimagazine.com.br\/index.php?rest_route=\/wp\/v2\/posts\/10034\/revisions\/10036"}],"wp:featuredmedia":[{"embeddable":true,"href":"https:\/\/vimagazine.com.br\/index.php?rest_route=\/wp\/v2\/media\/10035"}],"wp:attachment":[{"href":"https:\/\/vimagazine.com.br\/index.php?rest_route=%2Fwp%2Fv2%2Fmedia&parent=10034"}],"wp:term":[{"taxonomy":"category","embeddable":true,"href":"https:\/\/vimagazine.com.br\/index.php?rest_route=%2Fwp%2Fv2%2Fcategories&post=10034"},{"taxonomy":"post_tag","embeddable":true,"href":"https:\/\/vimagazine.com.br\/index.php?rest_route=%2Fwp%2Fv2%2Ftags&post=10034"}],"curies":[{"name":"wp","href":"https:\/\/api.w.org\/{rel}","templated":true}]}}