{"id":10045,"date":"2023-07-28T12:51:16","date_gmt":"2023-07-28T15:51:16","guid":{"rendered":"https:\/\/vimagazine.com.br\/?p=10045"},"modified":"2023-07-28T13:00:36","modified_gmt":"2023-07-28T16:00:36","slug":"voraz-grava-single-e-se-apresenta-em-portugal","status":"publish","type":"post","link":"https:\/\/vimagazine.com.br\/?p=10045","title":{"rendered":"Voraz grava single e se apresenta em Portugal"},"content":{"rendered":"\n<p>Depois do lan\u00e7amento da pop-reggae&nbsp;<strong>\u201cNada Al\u00e9m de N\u00f3s Dois\u201d<\/strong>&nbsp;e da colab &nbsp;\u201c<strong>QueDate\u201d<\/strong>,&nbsp;j\u00e1 dispon\u00edveis nas plataformas digitais ,&nbsp;a Voraz desembarca em Portugal para duas apresenta\u00e7\u00f5es e grava\u00e7\u00e3o de novo single.<\/p>\n\n\n\n<p>A banda foi convidada pela Panela Entertainment, uma das principais ag\u00eancias de shows da atualidade, com sedes em Portugal, Brasil e Estados Unidos, para compor seu cast de artistas em 2023 e os resultados n\u00e3o poderiam ser melhores; a Voraz se apresenta em um show exclusivo (30\/07) no lend\u00e1rio Chaplin Lisbon, em um evento fechado e (04\/08) em Ericeira, al\u00e9m de acompanhar a turn\u00ea da banda Melim por diversas cidades de Portugal.<\/p>\n\n\n\n<p>Outra novidade \u00e9 que o novo single que a Voraz vai gravar em Lisboa com produtores internacionais da Panela Rec.A banda com seu alto astral e energia \u201cPra cima\u201d, tem atra\u00eddo a cada dia mais seguidores e um p\u00fablico fiel em suas apresenta\u00e7\u00f5es.<\/p>\n\n\n\n<p><strong>\u201cEstou bem ansioso para me apresentar em Portugal, estive l\u00e1 recentemente em divulga\u00e7\u00e3o de nosso trabalho e me senti abra\u00e7ado, gostei muito da receptividade dos portugueses. Quanto ao novo single vou dar o meu melhor para que seja uma faixa incr\u00edvel\u201d. Finaliza o vocalista Diogo Ferraz.<\/strong><\/p>\n\n\n\n<figure class=\"wp-block-embed\"><div class=\"wp-block-embed__wrapper\">\nhttps:\/\/bfan.link\/nada-alem-de-nos-dois\n<\/div><\/figure>\n\n\n\n<p><strong><u>Para saber mais acesse:<\/u><\/strong><\/p>\n\n\n\n<p>&nbsp;<a href=\"http:\/\/facebook.com\/oficialvoraz\/\" target=\"_blank\" rel=\"noreferrer noopener\">facebook.com\/oficialvoraz\/<\/a><\/p>\n\n\n\n<p>&nbsp;<a href=\"http:\/\/www.instagram.com\/vorazoficial\/\" target=\"_blank\" rel=\"noreferrer noopener\">www.instagram.com\/vorazoficial\/<\/a><\/p>\n\n\n\n<figure class=\"wp-block-embed is-type-rich is-provider-spotify wp-block-embed-spotify wp-embed-aspect-21-9 wp-has-aspect-ratio\"><div class=\"wp-block-embed__wrapper\">\nhttps:\/\/open.spotify.com\/artist\/54emVun9PakI9opV4aT5Jb\n<\/div><\/figure>\n\n\n\n<figure class=\"wp-block-embed\"><div class=\"wp-block-embed__wrapper\">\nhttps:\/\/www.deezer.com\/br\/artist\/10052000\n<\/div><\/figure>\n\n\n\n<figure class=\"wp-block-embed\"><div class=\"wp-block-embed__wrapper\">\nhttps:\/\/www.youtube.com\/channel\/UCFXxbGnSOfNmc9xqX4fPsZQ.\n<\/div><\/figure>\n\n\n\n<p>&nbsp;Fotos &#8211; Larissa Amparo<\/p>\n\n\n\n<p>Assessoria de Comunica\u00e7\u00e3o &#8211; Fernanda Lara Rocca\u00a0<\/p>\n\n\n\n<p><\/p>\n","protected":false},"excerpt":{"rendered":"<p>Depois do lan\u00e7amento da pop-reggae&nbsp;\u201cNada Al\u00e9m de N\u00f3s Dois\u201d&nbsp;e da colab &nbsp;\u201cQueDate\u201d,&nbsp;j\u00e1 dispon\u00edveis nas plataformas&#8230;<\/p>\n","protected":false},"author":3,"featured_media":10046,"comment_status":"closed","ping_status":"open","sticky":false,"template":"","format":"standard","meta":{"om_disable_all_campaigns":false,"_monsterinsights_skip_tracking":false,"_monsterinsights_sitenote_active":false,"_monsterinsights_sitenote_note":"","_monsterinsights_sitenote_category":0,"spay_email":""},"categories":[1],"tags":[],"jetpack_featured_media_url":"https:\/\/vimagazine.com.br\/wp-content\/uploads\/2023\/07\/divulg-2-e1690559273728.jpg","_links":{"self":[{"href":"https:\/\/vimagazine.com.br\/index.php?rest_route=\/wp\/v2\/posts\/10045"}],"collection":[{"href":"https:\/\/vimagazine.com.br\/index.php?rest_route=\/wp\/v2\/posts"}],"about":[{"href":"https:\/\/vimagazine.com.br\/index.php?rest_route=\/wp\/v2\/types\/post"}],"author":[{"embeddable":true,"href":"https:\/\/vimagazine.com.br\/index.php?rest_route=\/wp\/v2\/users\/3"}],"replies":[{"embeddable":true,"href":"https:\/\/vimagazine.com.br\/index.php?rest_route=%2Fwp%2Fv2%2Fcomments&post=10045"}],"version-history":[{"count":7,"href":"https:\/\/vimagazine.com.br\/index.php?rest_route=\/wp\/v2\/posts\/10045\/revisions"}],"predecessor-version":[{"id":10055,"href":"https:\/\/vimagazine.com.br\/index.php?rest_route=\/wp\/v2\/posts\/10045\/revisions\/10055"}],"wp:featuredmedia":[{"embeddable":true,"href":"https:\/\/vimagazine.com.br\/index.php?rest_route=\/wp\/v2\/media\/10046"}],"wp:attachment":[{"href":"https:\/\/vimagazine.com.br\/index.php?rest_route=%2Fwp%2Fv2%2Fmedia&parent=10045"}],"wp:term":[{"taxonomy":"category","embeddable":true,"href":"https:\/\/vimagazine.com.br\/index.php?rest_route=%2Fwp%2Fv2%2Fcategories&post=10045"},{"taxonomy":"post_tag","embeddable":true,"href":"https:\/\/vimagazine.com.br\/index.php?rest_route=%2Fwp%2Fv2%2Ftags&post=10045"}],"curies":[{"name":"wp","href":"https:\/\/api.w.org\/{rel}","templated":true}]}}