{"id":10067,"date":"2023-08-01T12:29:23","date_gmt":"2023-08-01T15:29:23","guid":{"rendered":"https:\/\/vimagazine.com.br\/?p=10067"},"modified":"2023-08-01T12:32:07","modified_gmt":"2023-08-01T15:32:07","slug":"feira-de-artes-graficas-divulga-lista-de-expositores","status":"publish","type":"post","link":"https:\/\/vimagazine.com.br\/?p=10067","title":{"rendered":"FEIRA DE ARTES GR\u00c1FICAS DIVULGA LISTA DE EXPOSITORES\u00a0"},"content":{"rendered":"\n<p class=\"has-text-align-center\"><em>A Bicicleta \u2013 Feira de Artes Gr\u00e1ficas e Publica\u00e7\u00f5es Independentes, acontecer\u00e1 no Instituto Internacional Juarez Machado no m\u00eas de agosto..<\/em><em>&nbsp;<\/em><\/p>\n\n\n\n<p class=\"has-text-align-center\">A Bicicleta \u2013 Feira de Artes Gr\u00e1ficas e Publica\u00e7\u00f5es Independentes, que acontecer\u00e1 entre os dias 12 e 13 de agosto, no Instituto Internacional Juarez Machado, em Joinville, divulgou atrav\u00e9s de e-mail para os inscritos no processo seletivo, o resultado que selecionou os expositores, artistas em geral, que ir\u00e3o comercializar, trocar e mostrar suas produ\u00e7\u00f5es em impressos, m\u00faltiplos, gravuras, publica\u00e7\u00f5es de editoras independentes, nessa que ser\u00e1 a maior j\u00e1 realizada na cidade.\u00a0<\/p>\n\n\n\n<figure class=\"wp-block-image size-large\"><img width=\"1024\" height=\"576\" src=\"https:\/\/vimagazine.com.br\/wp-content\/uploads\/2023\/08\/roda-conversa-1024x576.jpg\" alt=\"\" class=\"wp-image-10071\" srcset=\"https:\/\/vimagazine.com.br\/wp-content\/uploads\/2023\/08\/roda-conversa-1024x576.jpg 1024w, https:\/\/vimagazine.com.br\/wp-content\/uploads\/2023\/08\/roda-conversa-300x169.jpg 300w, https:\/\/vimagazine.com.br\/wp-content\/uploads\/2023\/08\/roda-conversa-768x432.jpg 768w, https:\/\/vimagazine.com.br\/wp-content\/uploads\/2023\/08\/roda-conversa.jpg 1032w\" sizes=\"(max-width: 1024px) 100vw, 1024px\" \/><\/figure>\n\n\n\n<p class=\"has-text-align-center\">&nbsp;&nbsp;O projeto que foi aprovado pelo&nbsp;Programa de Incentivo \u00e0&nbsp;<em>Cultura<\/em>&nbsp;(<em>PIC<\/em>), da Funda\u00e7\u00e3o Catarinense de Cultura, alcan\u00e7ou seu principal objetivo,&nbsp;&nbsp;segundo a produtora executiva da feira gr\u00e1fica Renata Maciel, foram recebidas mais de 100 inscri\u00e7\u00f5es de v\u00e1rias regi\u00f5es do Brasil, onde atrav\u00e9s de uma curadoria, foram escolhidos 80 artistas gr\u00e1ficos, expositores que far\u00e3o parte do evento, superando a edi\u00e7\u00e3o de 2019, naquela edi\u00e7\u00e3o, ainda com outro nome, 40 expositores participaram, levando mais de 2 mil pessoas para o Instituto Internacional Juarez Machado, recorde de p\u00fablico, at\u00e9 ent\u00e3o.&nbsp;<\/p>\n\n\n\n<p class=\"has-text-align-center\">\u00a0Al\u00e9m dos dois dias de feira, s\u00e1bado e domingo, na sexta-feira (11), acontecer\u00e3o oficinas com profissionais de destaque na \u00e1rea do design e das artes visuais como: oficina de fotolivro Paisagens Improv\u00e1veis com Rossana Di Munno, oficina de encaderna\u00e7\u00e3o japonesa com Helder Kawabata, oficina arte tecnologic-processing orientado para impress\u00e3o com\u00a0\u00a0Diego de Los Campos, oficina gravura no isopor com Marin\u00eas Busetti, oficina de no\u00e7\u00f5es b\u00e1sicas de entalhe de matriz para gravura com Samuel Casal, al\u00e9m de pain\u00e9is, rodas de conversa e lan\u00e7amentos de publica\u00e7\u00f5es, entre outros.<\/p>\n\n\n\n<figure class=\"wp-block-image size-large\"><img width=\"1024\" height=\"576\" src=\"https:\/\/vimagazine.com.br\/wp-content\/uploads\/2023\/08\/ReTina-Joinville-10-1024x576.jpg\" alt=\"\" class=\"wp-image-10068\" srcset=\"https:\/\/vimagazine.com.br\/wp-content\/uploads\/2023\/08\/ReTina-Joinville-10-1024x576.jpg 1024w, https:\/\/vimagazine.com.br\/wp-content\/uploads\/2023\/08\/ReTina-Joinville-10-300x169.jpg 300w, https:\/\/vimagazine.com.br\/wp-content\/uploads\/2023\/08\/ReTina-Joinville-10-768x432.jpg 768w, https:\/\/vimagazine.com.br\/wp-content\/uploads\/2023\/08\/ReTina-Joinville-10-1536x864.jpg 1536w, https:\/\/vimagazine.com.br\/wp-content\/uploads\/2023\/08\/ReTina-Joinville-10.jpg 1920w\" sizes=\"(max-width: 1024px) 100vw, 1024px\" \/><\/figure>\n\n\n\n<p class=\"has-text-align-center\"><strong> Em breve a equipe de produ\u00e7\u00e3o da feira ir\u00e1 divulgar a data para as inscri\u00e7\u00f5es dessas atividades paralelas.<\/strong>\u00a0<\/p>\n\n\n\n<p class=\"has-text-align-center\">A Bicicleta \u2013 Feira de Artes Gr\u00e1ficas e Publica\u00e7\u00f5es Independentes, ir\u00e1 expor e comercializar trabalhos que unem criatividade e produ\u00e7\u00e3o gr\u00e1fica com conceito artesanal e art\u00edstico. Zines, serigrafias, xilogravuras, ilustra\u00e7\u00f5es, fotografias, p\u00f4steres,&nbsp;livros, revistas, HQs entre outras produ\u00e7\u00f5es com variadas t\u00e9cnicas de impress\u00e3o ou todas as modalidades que permeiam as artes gr\u00e1ficas.&nbsp;&nbsp;<\/p>\n\n\n\n<p class=\"has-text-align-center\"><strong>Confira a lista de expositores desta edi\u00e7\u00e3o:&nbsp;<\/strong><\/p>\n\n\n\n<p class=\"has-text-align-center\">Absorver Ru\u00eddos:&nbsp;&nbsp;<\/p>\n\n\n\n<p class=\"has-text-align-center\">Ainodesain&nbsp;<\/p>\n\n\n\n<p class=\"has-text-align-center\">Alena Marmo&nbsp;<\/p>\n\n\n\n<p class=\"has-text-align-center\">Ana Barroso Calle&nbsp;<\/p>\n\n\n\n<p class=\"has-text-align-center\">Ateli\u00ea39&nbsp;<\/p>\n\n\n\n<p class=\"has-text-align-center\">Atelier Gabriel Coelho&nbsp;<\/p>\n\n\n\n<p class=\"has-text-align-center\">Baderna Gr\u00e1fica&nbsp;<\/p>\n\n\n\n<p class=\"has-text-align-center\">Bendita Coletivo&nbsp;<\/p>\n\n\n\n<p class=\"has-text-align-center\">Beto Shibata&nbsp;<\/p>\n\n\n\n<p class=\"has-text-align-center\">Borgod\u00f3 Editora&nbsp;<\/p>\n\n\n\n<p class=\"has-text-align-center\">Bruna Fidlerski&nbsp;<\/p>\n\n\n\n<p class=\"has-text-align-center\">Bruna Sofia Morsch&nbsp;<\/p>\n\n\n\n<p class=\"has-text-align-center\">Bruno Felipe&nbsp;<\/p>\n\n\n\n<p class=\"has-text-align-center\">Burocrata Carimbos&nbsp;<\/p>\n\n\n\n<p class=\"has-text-align-center\">Carol Kr\u00fcgel&nbsp;<\/p>\n\n\n\n<p class=\"has-text-align-center\">Carinhodm\u00e3o&nbsp;<\/p>\n\n\n\n<p class=\"has-text-align-center\">Caseira&nbsp;<\/p>\n\n\n\n<p class=\"has-text-align-center\">Claudia Araujo Godinho&nbsp;<\/p>\n\n\n\n<p class=\"has-text-align-center\">Costuradus&nbsp;<\/p>\n\n\n\n<p class=\"has-text-align-center\">Cultura e Barb\u00e1rie&nbsp;<\/p>\n\n\n\n<p class=\"has-text-align-center\">Denise Roman&nbsp;<\/p>\n\n\n\n<p class=\"has-text-align-center\">Doudt&nbsp;<\/p>\n\n\n\n<p class=\"has-text-align-center\">Edi\u00e7\u00f5es \u00c1gua para cavalos&nbsp;<\/p>\n\n\n\n<p class=\"has-text-align-center\">Editora Barbante&nbsp;<\/p>\n\n\n\n<p class=\"has-text-align-center\">Editora Micronotas&nbsp;<\/p>\n\n\n\n<p class=\"has-text-align-center\">Editora Noa Noa&nbsp;<\/p>\n\n\n\n<p class=\"has-text-align-center\">Editora Sambaqui&nbsp;<\/p>\n\n\n\n<p class=\"has-text-align-center\">Encarden\u00f3ias&nbsp;<\/p>\n\n\n\n<p class=\"has-text-align-center\">Entre Vilas Ateli\u00ea&nbsp;<\/p>\n\n\n\n<p class=\"has-text-align-center\">Estudio Ceda El Paso&nbsp;<\/p>\n\n\n\n<p class=\"has-text-align-center\">Experimentos Impressos&nbsp;<\/p>\n\n\n\n<p class=\"has-text-align-center\">Fernanda Sponchiado&nbsp;<\/p>\n\n\n\n<p class=\"has-text-align-center\">Flama Coletivo&nbsp;<\/p>\n\n\n\n<p class=\"has-text-align-center\">Grafica Autonoma&nbsp;<\/p>\n\n\n\n<p class=\"has-text-align-center\">J.P.F.Borges&nbsp;<\/p>\n\n\n\n<p class=\"has-text-align-center\">Jan M.O&nbsp;<\/p>\n\n\n\n<p class=\"has-text-align-center\">Jean Smekatz&nbsp;<\/p>\n\n\n\n<p class=\"has-text-align-center\">Josiane Fonseca&nbsp;<\/p>\n\n\n\n<p class=\"has-text-align-center\">Katia Horn&nbsp;<\/p>\n\n\n\n<p class=\"has-text-align-center\">Poup\u00e9e Rouge Publica\u00e7\u00f5es&nbsp;<\/p>\n\n\n\n<p class=\"has-text-align-center\">Leandro Serpa&nbsp;<\/p>\n\n\n\n<p class=\"has-text-align-center\">Lobo&nbsp;<\/p>\n\n\n\n<p class=\"has-text-align-center\">Lote 42&nbsp;<\/p>\n\n\n\n<p class=\"has-text-align-center\">Louuzinhaa&nbsp;<\/p>\n\n\n\n<p class=\"has-text-align-center\">P\u00e9riplo&nbsp;<\/p>\n\n\n\n<p class=\"has-text-align-center\">Lupiego&nbsp;<\/p>\n\n\n\n<p class=\"has-text-align-center\">Magri&nbsp;<\/p>\n\n\n\n<p class=\"has-text-align-center\">M\u00e3o Negra&nbsp;<\/p>\n\n\n\n<p class=\"has-text-align-center\">Marc Engler&nbsp;<\/p>\n\n\n\n<p class=\"has-text-align-center\">Marcos J\u00fanior Accorsini&nbsp;<\/p>\n\n\n\n<p class=\"has-text-align-center\">Marin\u00eas Busetti&nbsp;<\/p>\n\n\n\n<p class=\"has-text-align-center\">Martha Eberhardt&nbsp;<\/p>\n\n\n\n<p class=\"has-text-align-center\">Martina&nbsp;<\/p>\n\n\n\n<p class=\"has-text-align-center\">Messala Rautenberg&nbsp;<\/p>\n\n\n\n<p class=\"has-text-align-center\">Mika&nbsp;<\/p>\n\n\n\n<p class=\"has-text-align-center\">Milton Cazelatto&nbsp;<\/p>\n\n\n\n<p class=\"has-text-align-center\">Nathane Campos Lima&nbsp;<\/p>\n\n\n\n<p class=\"has-text-align-center\">Nestor JR&nbsp;<\/p>\n\n\n\n<p class=\"has-text-align-center\">Nefa&nbsp;<\/p>\n\n\n\n<p class=\"has-text-align-center\">\u00d5take \u2013 Oficina Criativa&nbsp;<\/p>\n\n\n\n<p class=\"has-text-align-center\">Paradiso Book Arts&nbsp;<\/p>\n\n\n\n<p class=\"has-text-align-center\">Patr\u00edcia Claudine Hoffmann&nbsp;<\/p>\n\n\n\n<p class=\"has-text-align-center\">P\u00e9 de Cabra&nbsp;<\/p>\n\n\n\n<p class=\"has-text-align-center\">Phonte88&nbsp;<\/p>\n\n\n\n<p class=\"has-text-align-center\">Plataforma Estopim&nbsp;<\/p>\n\n\n\n<p class=\"has-text-align-center\">Predomina&nbsp;<\/p>\n\n\n\n<p class=\"has-text-align-center\">Rafael Lunardon&nbsp;<\/p>\n\n\n\n<p class=\"has-text-align-center\">Rafael Moreno&nbsp;<\/p>\n\n\n\n<p class=\"has-text-align-center\">Raul Walter da Luz&nbsp;<\/p>\n\n\n\n<p class=\"has-text-align-center\">Ricardo do Ros\u00e1rio&nbsp;<\/p>\n\n\n\n<p class=\"has-text-align-center\">Sabrina Barbosa&nbsp;<\/p>\n\n\n\n<p class=\"has-text-align-center\">Sebasti\u00e3o G. Branco&nbsp;<\/p>\n\n\n\n<p class=\"has-text-align-center\">Suzana Elizabeth ball&nbsp;<\/p>\n\n\n\n<p class=\"has-text-align-center\">Tab&nbsp;<\/p>\n\n\n\n<p class=\"has-text-align-center\">T\u00eampora Editora&nbsp;<\/p>\n\n\n\n<p class=\"has-text-align-center\">Trapo Studio&nbsp;<\/p>\n\n\n\n<p class=\"has-text-align-center\">Uterina&nbsp;<\/p>\n\n\n\n<p class=\"has-text-align-center\">Utopic Analogic&nbsp;<\/p>\n\n\n\n<p class=\"has-text-align-center\">Wagner Mello&nbsp;<\/p>\n\n\n\n<p class=\"has-text-align-center\">Yuina Takase&nbsp;<\/p>\n\n\n\n<p class=\"has-text-align-center\"><strong>SERVI\u00c7O&nbsp;<\/strong><\/p>\n\n\n\n<p class=\"has-text-align-center\"><strong>O Que&nbsp;<\/strong>\u201cA Bicicleta \u2013 Feira de Artes Gr\u00e1ficas e Publica\u00e7\u00f5es Independentes\u201d<strong>&nbsp;<\/strong><\/p>\n\n\n\n<p class=\"has-text-align-center\"><strong>Onde:&nbsp;<\/strong>Instituto Internacional Juarez Machado, localizado na Rua Lages, 994 \u2013 Am\u00e9rica.<strong>&nbsp;<\/strong><\/p>\n\n\n\n<p class=\"has-text-align-center\"><strong>Quando:&nbsp;<\/strong>Dia 11 de agosto &#8211;&nbsp;&nbsp;sexta-feira (oficinas, rodas de conversas e pain\u00e9is)&nbsp;12 e 13 de agosto &#8211; s\u00e1bado e domingo acontecer\u00e1 a feira&nbsp;<\/p>\n\n\n\n<p class=\"has-text-align-center\"><strong>Hor\u00e1rio:&nbsp;<\/strong>sexta-feira &#8211; oficinas das 14h \u00e0s 17h30 s\u00e1bado e domingo das 11h \u00e0s 20h&nbsp;&nbsp;<\/p>\n\n\n\n<p class=\"has-text-align-center\"><strong>Quanto:&nbsp;<\/strong>Gratuito&nbsp;&nbsp;<\/p>\n\n\n\n<p class=\"has-text-align-center\"><strong>INFORMA\u00c7\u00d5ES&nbsp;<\/strong><\/p>\n\n\n\n<p class=\"has-text-align-center\"><strong>Renata Dias Maciel \u2013 Produtora Executiva&nbsp;<\/strong><\/p>\n\n\n\n<p class=\"has-text-align-center\"><strong>Telefone:&nbsp;<\/strong>48 98152 3060<\/p>\n\n\n\n<p class=\"has-text-align-center\"><strong>Site:&nbsp;<\/strong><a href=\"https:\/\/linktr.ee\/feirabicicleta\" target=\"_blank\" rel=\"noreferrer noopener\">https:\/\/linktr.ee\/feirabicicleta<\/a><\/p>\n\n\n\n<p class=\"has-text-align-center\"><strong>Instagram:<\/strong>&nbsp;@feirabicicleta&nbsp;<\/p>\n\n\n\n<p class=\"has-text-align-center\"><strong>Dom Comunica &#8211; assessoria de comunica\u00e7\u00e3o&nbsp;&nbsp;&nbsp;<\/strong><\/p>\n\n\n\n<p class=\"has-text-align-center\"><strong>Telefone:<\/strong>&nbsp;47 99612 3517&nbsp;&nbsp;&nbsp;<\/p>\n\n\n\n<p class=\"has-text-align-center\"><strong>E mail:<\/strong>&nbsp;<a href=\"mailto:rodrigo@domcomunica.com.br\" target=\"_blank\" rel=\"noreferrer noopener\">rodrigo@domcomunica.com.br<\/a>&nbsp;&nbsp;<a href=\"mailto:rodrigocomunica@hotmail.com\" target=\"_blank\" rel=\"noreferrer noopener\">rodrigocomunica@hotmail.com<\/a>&nbsp;&nbsp;<\/p>\n\n\n\n<p class=\"has-text-align-center\"><strong>Instagram:<\/strong>&nbsp;@domcomunica&nbsp;&nbsp;&nbsp;<\/p>\n\n\n\n<p><\/p>\n","protected":false},"excerpt":{"rendered":"<p>A Bicicleta \u2013 Feira de Artes Gr\u00e1ficas e Publica\u00e7\u00f5es Independentes, acontecer\u00e1 no Instituto Internacional Juarez&#8230;<\/p>\n","protected":false},"author":3,"featured_media":10070,"comment_status":"closed","ping_status":"open","sticky":false,"template":"","format":"standard","meta":{"om_disable_all_campaigns":false,"_monsterinsights_skip_tracking":false,"_monsterinsights_sitenote_active":false,"_monsterinsights_sitenote_note":"","_monsterinsights_sitenote_category":0,"spay_email":""},"categories":[1],"tags":[],"jetpack_featured_media_url":"https:\/\/vimagazine.com.br\/wp-content\/uploads\/2023\/08\/oficina-xilo.jpg","_links":{"self":[{"href":"https:\/\/vimagazine.com.br\/index.php?rest_route=\/wp\/v2\/posts\/10067"}],"collection":[{"href":"https:\/\/vimagazine.com.br\/index.php?rest_route=\/wp\/v2\/posts"}],"about":[{"href":"https:\/\/vimagazine.com.br\/index.php?rest_route=\/wp\/v2\/types\/post"}],"author":[{"embeddable":true,"href":"https:\/\/vimagazine.com.br\/index.php?rest_route=\/wp\/v2\/users\/3"}],"replies":[{"embeddable":true,"href":"https:\/\/vimagazine.com.br\/index.php?rest_route=%2Fwp%2Fv2%2Fcomments&post=10067"}],"version-history":[{"count":2,"href":"https:\/\/vimagazine.com.br\/index.php?rest_route=\/wp\/v2\/posts\/10067\/revisions"}],"predecessor-version":[{"id":10073,"href":"https:\/\/vimagazine.com.br\/index.php?rest_route=\/wp\/v2\/posts\/10067\/revisions\/10073"}],"wp:featuredmedia":[{"embeddable":true,"href":"https:\/\/vimagazine.com.br\/index.php?rest_route=\/wp\/v2\/media\/10070"}],"wp:attachment":[{"href":"https:\/\/vimagazine.com.br\/index.php?rest_route=%2Fwp%2Fv2%2Fmedia&parent=10067"}],"wp:term":[{"taxonomy":"category","embeddable":true,"href":"https:\/\/vimagazine.com.br\/index.php?rest_route=%2Fwp%2Fv2%2Fcategories&post=10067"},{"taxonomy":"post_tag","embeddable":true,"href":"https:\/\/vimagazine.com.br\/index.php?rest_route=%2Fwp%2Fv2%2Ftags&post=10067"}],"curies":[{"name":"wp","href":"https:\/\/api.w.org\/{rel}","templated":true}]}}