{"id":10077,"date":"2023-08-02T10:23:18","date_gmt":"2023-08-02T13:23:18","guid":{"rendered":"https:\/\/vimagazine.com.br\/?p=10077"},"modified":"2023-08-02T10:23:38","modified_gmt":"2023-08-02T13:23:38","slug":"tiaraju-estudio-fotografico-uma-referencia-em-retratos-corporativos","status":"publish","type":"post","link":"https:\/\/vimagazine.com.br\/?p=10077","title":{"rendered":"Tiaraj\u00fa Est\u00fadio Fotogr\u00e1fico uma refer\u00eancia em Retratos Corporativos"},"content":{"rendered":"\n<p class=\"has-text-align-center\">No mundo din\u00e2mico dos neg\u00f3cios e das profiss\u00f5es, a imagem que transmitimos \u00e9 de suma import\u00e2ncia para o nosso sucesso e reconhecimento.<\/p>\n\n\n\n<p class=\"has-text-align-center\"> Os retratos corporativos emergem como uma poderosa ferramenta para profissionais de diversas \u00e1reas, como m\u00e9dicos, enfermeiros, maquiadores, arquitetos, advogados e muitos outros, permitindo-lhes expressar sua personalidade, expertise e profissionalismo de maneira marcante e o Tiaraj\u00fa Est\u00fadio Fotogr\u00e1fico vem se destacando no mercado e se especializando neste segmento.\u00a0<\/p>\n\n\n\n<p class=\"has-text-align-center\"><em>\u201cDepois da pandemia a procura aumentou muito, as pessoas ficaram ainda mais focadas nos neg\u00f3cios digitais. E o retrato corporativo tem colaborado p ara passar uma imagem de profissionalismo e autoridade no assunto<\/em>\u201d, explica o fot\u00f3grafo Ono\u00e9l Neves de Oliveira, da Tiaraj\u00fa Est\u00fadio Fotogr\u00e1fico.<br>Em uma era altamente visual, onde as redes sociais e o marketing pessoal s\u00e3o essenciais para destacar-se da concorr\u00eancia, um retrato corporativo bem elaborado pode fazer toda a diferen\u00e7a.<br>De acordo com Ono\u00e9l o est\u00fadio \u00e9 preparado conforme a necessidade de cada cliente. <\/p>\n\n\n\n<p class=\"has-text-align-center\">Antes de cada sess\u00e3o fotogr\u00e1fica \u00e9 feita uma reuni\u00e3o para conhecer os objetivos e necessidade de cada cliente.<\/p>\n\n\n\n<figure class=\"wp-block-image size-large\"><img width=\"683\" height=\"1024\" src=\"https:\/\/vimagazine.com.br\/wp-content\/uploads\/2023\/08\/Onoel-Neves-de-Oliveira-5-683x1024.jpg\" alt=\"\" class=\"wp-image-10079\" srcset=\"https:\/\/vimagazine.com.br\/wp-content\/uploads\/2023\/08\/Onoel-Neves-de-Oliveira-5-683x1024.jpg 683w, https:\/\/vimagazine.com.br\/wp-content\/uploads\/2023\/08\/Onoel-Neves-de-Oliveira-5-200x300.jpg 200w, https:\/\/vimagazine.com.br\/wp-content\/uploads\/2023\/08\/Onoel-Neves-de-Oliveira-5-768x1152.jpg 768w, https:\/\/vimagazine.com.br\/wp-content\/uploads\/2023\/08\/Onoel-Neves-de-Oliveira-5-1024x1536.jpg 1024w, https:\/\/vimagazine.com.br\/wp-content\/uploads\/2023\/08\/Onoel-Neves-de-Oliveira-5.jpg 1280w\" sizes=\"(max-width: 683px) 100vw, 683px\" \/><\/figure>\n\n\n\n<p class=\"has-text-align-center\"><em><strong>\u201cDesde a luz, o fundo, cuidamos de todos os destalhes. <\/strong><\/em><\/p>\n\n\n\n<p class=\"has-text-align-center\"><em>At\u00e9 mesmo o cen\u00e1rio tem que estar em conformidade com o objetivo do cliente<\/em>\u201d, explica o fot\u00f3grafo.<br>O Tiaraj\u00fa Est\u00fadio oferece uma infraestrutura completa, com diversos cen\u00e1rios, fundo com cores prim\u00e1rias para escolher a que comp\u00f5em melhor, equipamentos de \u00faltima gera\u00e7\u00e3o e uma equipe para dar o melhor suporte ao cliente.<\/p>\n\n\n\n<p class=\"has-text-align-center\"><strong>Quem \u00e9 Ono\u00e9l Neves de Oliveira<\/strong><br>Com mais de sete anos de experi\u00eancia, atua em diversas \u00e1reas da fotografia, mas nos \u00faltimos anos tem se aprimorando em retratos corporativos. Professor de fotografia, possui um curso com durabilidade de 4 meses. Sobre o nome do est\u00fadio \u00e9 uma homenagem as suas ra\u00edzes ind\u00edgenas, herdadas do pai e o nome Tiaraj\u00fa quer dizer flash de luz ou raio de luz.<\/p>\n\n\n\n<p class=\"has-text-align-center\"><strong>Servi\u00e7o<\/strong><br>Tiaraj\u00fa Est\u00fadio Fotogr\u00e1fico<br><a>www.tiarajuestudio.com<\/a><br>@tiarajuestudio<\/p>\n","protected":false},"excerpt":{"rendered":"<p>No mundo din\u00e2mico dos neg\u00f3cios e das profiss\u00f5es, a imagem que transmitimos \u00e9 de suma&#8230;<\/p>\n","protected":false},"author":3,"featured_media":10078,"comment_status":"closed","ping_status":"open","sticky":false,"template":"","format":"standard","meta":{"om_disable_all_campaigns":false,"_monsterinsights_skip_tracking":false,"_monsterinsights_sitenote_active":false,"_monsterinsights_sitenote_note":"","_monsterinsights_sitenote_category":0,"spay_email":""},"categories":[1],"tags":[],"jetpack_featured_media_url":"https:\/\/vimagazine.com.br\/wp-content\/uploads\/2023\/08\/Onoel-Neves-de-Oliveira-1-e1690982486696.jpg","_links":{"self":[{"href":"https:\/\/vimagazine.com.br\/index.php?rest_route=\/wp\/v2\/posts\/10077"}],"collection":[{"href":"https:\/\/vimagazine.com.br\/index.php?rest_route=\/wp\/v2\/posts"}],"about":[{"href":"https:\/\/vimagazine.com.br\/index.php?rest_route=\/wp\/v2\/types\/post"}],"author":[{"embeddable":true,"href":"https:\/\/vimagazine.com.br\/index.php?rest_route=\/wp\/v2\/users\/3"}],"replies":[{"embeddable":true,"href":"https:\/\/vimagazine.com.br\/index.php?rest_route=%2Fwp%2Fv2%2Fcomments&post=10077"}],"version-history":[{"count":2,"href":"https:\/\/vimagazine.com.br\/index.php?rest_route=\/wp\/v2\/posts\/10077\/revisions"}],"predecessor-version":[{"id":10081,"href":"https:\/\/vimagazine.com.br\/index.php?rest_route=\/wp\/v2\/posts\/10077\/revisions\/10081"}],"wp:featuredmedia":[{"embeddable":true,"href":"https:\/\/vimagazine.com.br\/index.php?rest_route=\/wp\/v2\/media\/10078"}],"wp:attachment":[{"href":"https:\/\/vimagazine.com.br\/index.php?rest_route=%2Fwp%2Fv2%2Fmedia&parent=10077"}],"wp:term":[{"taxonomy":"category","embeddable":true,"href":"https:\/\/vimagazine.com.br\/index.php?rest_route=%2Fwp%2Fv2%2Fcategories&post=10077"},{"taxonomy":"post_tag","embeddable":true,"href":"https:\/\/vimagazine.com.br\/index.php?rest_route=%2Fwp%2Fv2%2Ftags&post=10077"}],"curies":[{"name":"wp","href":"https:\/\/api.w.org\/{rel}","templated":true}]}}