{"id":10107,"date":"2023-08-10T12:07:24","date_gmt":"2023-08-10T15:07:24","guid":{"rendered":"https:\/\/vimagazine.com.br\/?p=10107"},"modified":"2023-08-10T12:07:26","modified_gmt":"2023-08-10T15:07:26","slug":"agrotalk-business","status":"publish","type":"post","link":"https:\/\/vimagazine.com.br\/?p=10107","title":{"rendered":"Agrotalk Business"},"content":{"rendered":"\n<p class=\"has-text-align-center\">Aconteceu neste \u00faltima dia 08, em S\u00e3o Paulo, \u00e0s 20h no Iulia Jockey Clube, a 1\u00ba edi\u00e7\u00e3o do<br>AGROTALK BUSINESS, evento apenas para convidados, que abriu discuss\u00e3o do painel<br>sobre o atual cen\u00e1rio econ\u00f4mico brasileiro.<\/p>\n\n\n\n<p class=\"has-text-align-center\"><br>Evento teve a participa\u00e7\u00e3o de Speakers e convidados especiais como Antonia Fontenelle<br>(empres\u00e1ria e comentarista), Antonio Cabrera Mano Filho (ex-ministro da agricultura),<br>Evaristo de Miranda (pesquisador do Embrapa), Paulo Junqueira (presidente do sindicato<br>rural de Ribeir\u00e3o Preto), Nilson Leite (CEO do Haras Rosa Mystica e conselheiro de<br>agroneg\u00f3cios ACSP &#8211; Associa\u00e7\u00e3o Comercial de S\u00e3o Paulo), Lucas B\u00f3ve (Deputado<br>Estadual), Sr. Furlan (CEO Grupo Pecu\u00e1ria Brasil) e Antonio Julio Junqueira (Secret\u00e1rio da<br>Agricultura do Governo do Estado de S\u00e3o Paulo). <\/p>\n\n\n\n<p class=\"has-text-align-center\">Al\u00e9m da participa\u00e7\u00e3o especial do ex-<br>presidente da Rep\u00fablica, Sr. Jair Messias Bolsonaro, que conversou via v\u00eddeo com os<br>presentes no evento por aproximadamente 20 minutos, enaltecendo a import\u00e2ncia e for\u00e7a<br>que o agroneg\u00f3cio representa para o Brasil.<\/p>\n\n\n\n<figure class=\"wp-block-image aligncenter size-full\"><img width=\"576\" height=\"1024\" src=\"https:\/\/vimagazine.com.br\/wp-content\/uploads\/2023\/08\/agro-0.jpeg\" alt=\"\" class=\"wp-image-10109\" srcset=\"https:\/\/vimagazine.com.br\/wp-content\/uploads\/2023\/08\/agro-0.jpeg 576w, https:\/\/vimagazine.com.br\/wp-content\/uploads\/2023\/08\/agro-0-169x300.jpeg 169w\" sizes=\"(max-width: 576px) 100vw, 576px\" \/><\/figure>\n\n\n\n<p class=\"has-text-align-center\"><br>Segundo a organizadora do evento Aryane Garcia (CEO da AGX Estrat\u00e9gias), o evento que<br>foi em formato de jantar corporativo foi um enorme sucesso, e a 2\u00ba edi\u00e7\u00e3o j\u00e1 dever\u00e1<br>acontecer em breve, muito provavelmente no 1\u00ba trimestre de 2024. Segundo ela: <\/p>\n\n\n\n<p class=\"has-text-align-center\">\u201cEsses encontros ser\u00e3o refer\u00eancia para reunir e promover, em formato intimista, os principais<br>empres\u00e1rios do agro que fomentam os 20% de toda a for\u00e7a de trabalho do Brasil, e que<br>representam uma parcela do faturamento recorde de R$ 1,18 trilh\u00e3o, inserindo de maneira<br>espont\u00e2nea o agroneg\u00f3cio no epicentro financeiro e pol\u00edtico nos pr\u00f3ximos anos.<\/p>\n\n\n\n<p class=\"has-text-align-center\"><br>Evento teve ampla cobertura da imprensa Nacional e tamb\u00e9m Internacional, com as<br>presen\u00e7as dos rep\u00f3rteres e apresentadores Renato Abate e Anna Lourensetti, que inclusive<br>aproveitaram para ressaltar que o encontro foi realmente um absoluto sucesso e acreditam<br>que a continuidade desse evento ser\u00e1 muito ben\u00e9fico para o Brasil.<\/p>\n\n\n\n<p class=\"has-text-align-center\"><strong>Fonte: Anna Lourensetti<\/strong><\/p>\n\n\n\n<p class=\"has-text-align-center\"><strong>@annalourensetti<\/strong><\/p>\n\n\n\n<p><\/p>\n\n\n\n<figure class=\"wp-block-image size-large\"><img width=\"768\" height=\"1024\" src=\"https:\/\/vimagazine.com.br\/wp-content\/uploads\/2023\/08\/agro-2-768x1024.jpeg\" alt=\"\" class=\"wp-image-10110\" srcset=\"https:\/\/vimagazine.com.br\/wp-content\/uploads\/2023\/08\/agro-2-768x1024.jpeg 768w, https:\/\/vimagazine.com.br\/wp-content\/uploads\/2023\/08\/agro-2-225x300.jpeg 225w, https:\/\/vimagazine.com.br\/wp-content\/uploads\/2023\/08\/agro-2-1152x1536.jpeg 1152w, https:\/\/vimagazine.com.br\/wp-content\/uploads\/2023\/08\/agro-2-1024x1365.jpeg 1024w, https:\/\/vimagazine.com.br\/wp-content\/uploads\/2023\/08\/agro-2.jpeg 1200w\" sizes=\"(max-width: 768px) 100vw, 768px\" \/><\/figure>\n","protected":false},"excerpt":{"rendered":"<p>Aconteceu neste \u00faltima dia 08, em S\u00e3o Paulo, \u00e0s 20h no Iulia Jockey Clube, a&#8230;<\/p>\n","protected":false},"author":3,"featured_media":10108,"comment_status":"closed","ping_status":"open","sticky":false,"template":"","format":"standard","meta":{"om_disable_all_campaigns":false,"_monsterinsights_skip_tracking":false,"_monsterinsights_sitenote_active":false,"_monsterinsights_sitenote_note":"","_monsterinsights_sitenote_category":0,"spay_email":""},"categories":[1],"tags":[],"jetpack_featured_media_url":"https:\/\/vimagazine.com.br\/wp-content\/uploads\/2023\/08\/agro-1.jpeg","_links":{"self":[{"href":"https:\/\/vimagazine.com.br\/index.php?rest_route=\/wp\/v2\/posts\/10107"}],"collection":[{"href":"https:\/\/vimagazine.com.br\/index.php?rest_route=\/wp\/v2\/posts"}],"about":[{"href":"https:\/\/vimagazine.com.br\/index.php?rest_route=\/wp\/v2\/types\/post"}],"author":[{"embeddable":true,"href":"https:\/\/vimagazine.com.br\/index.php?rest_route=\/wp\/v2\/users\/3"}],"replies":[{"embeddable":true,"href":"https:\/\/vimagazine.com.br\/index.php?rest_route=%2Fwp%2Fv2%2Fcomments&post=10107"}],"version-history":[{"count":1,"href":"https:\/\/vimagazine.com.br\/index.php?rest_route=\/wp\/v2\/posts\/10107\/revisions"}],"predecessor-version":[{"id":10111,"href":"https:\/\/vimagazine.com.br\/index.php?rest_route=\/wp\/v2\/posts\/10107\/revisions\/10111"}],"wp:featuredmedia":[{"embeddable":true,"href":"https:\/\/vimagazine.com.br\/index.php?rest_route=\/wp\/v2\/media\/10108"}],"wp:attachment":[{"href":"https:\/\/vimagazine.com.br\/index.php?rest_route=%2Fwp%2Fv2%2Fmedia&parent=10107"}],"wp:term":[{"taxonomy":"category","embeddable":true,"href":"https:\/\/vimagazine.com.br\/index.php?rest_route=%2Fwp%2Fv2%2Fcategories&post=10107"},{"taxonomy":"post_tag","embeddable":true,"href":"https:\/\/vimagazine.com.br\/index.php?rest_route=%2Fwp%2Fv2%2Ftags&post=10107"}],"curies":[{"name":"wp","href":"https:\/\/api.w.org\/{rel}","templated":true}]}}