{"id":10112,"date":"2023-08-10T12:12:06","date_gmt":"2023-08-10T15:12:06","guid":{"rendered":"https:\/\/vimagazine.com.br\/?p=10112"},"modified":"2023-08-10T12:21:27","modified_gmt":"2023-08-10T15:21:27","slug":"lancamentos-literarios-fazem-parte-da-feira-de-artes-graficas-e-publicacoes-independentes-bicicleta","status":"publish","type":"post","link":"https:\/\/vimagazine.com.br\/?p=10112","title":{"rendered":"LAN\u00c7AMENTOS LITER\u00c1RIOS\u00a0FAZEM PARTE DA FEIRA DE ARTES GR\u00c1FICAS E PUBLICA\u00c7\u00d5ES INDEPENDENTES BICICLETA\u00a0"},"content":{"rendered":"\n<p class=\"has-text-align-center\">A Bicicleta \u2013 Feira de Artes Gr\u00e1ficas e Publica\u00e7\u00f5es Independentes, acontecer\u00e1 no Instituto Internacional Juarez Machado a partir de sexta-feira (11), com mais de 15 publica\u00e7\u00f5es.<\/p>\n\n\n\n<p class=\"has-text-align-center\">Bicicleta \u2013 Feira de Artes Gr\u00e1ficas e Publica\u00e7\u00f5es Independentes, que acontecer\u00e1 entre os dias 11, 12 e 13 de agosto, e vai ocupar todo o espa\u00e7o do Instituto Internacional Juarez Machado, em Joinville, com oficinas, rodas de conversa e atividades interativas, al\u00e9m do lan\u00e7amento de 15 publica\u00e7\u00f5es independentes, mediadas pela escritora e editora Katherine Funke, da MIcronotas. <\/p>\n\n\n\n<p class=\"has-text-align-center\">A edi\u00e7\u00e3o contar\u00e1 tamb\u00e9m com 80 artistas visuais, vindos de v\u00e1rias cidades brasileiras, que estar\u00e3o comercializando e expondo livros, prints, adesivos, zines, gravuras, p\u00f4steres, fotografia, serigrafia, colagem, xilogravura, bottons, camisetas, quadrinhos, ilustra\u00e7\u00f5es, fotolivros e mais uma infinidade de formatos gr\u00e1ficos e publica\u00e7\u00f5es independentes. <\/p>\n\n\n\n<p class=\"has-text-align-center\">O projeto foi aprovado pelo Programa de Incentivo \u00e0 Cultura (PIC), da Funda\u00e7\u00e3o Catarinense de Cultura, sendo que o evento tamb\u00e9m possuir\u00e1 acessibilidade em libras. Toda programa\u00e7\u00e3o \u00e9 gratuita e todos est\u00e3o convidados para a feira, que possui uma programa\u00e7\u00e3o intensa.<\/p>\n\n\n\n<figure class=\"wp-block-image size-full\"><img width=\"828\" height=\"1021\" src=\"https:\/\/vimagazine.com.br\/wp-content\/uploads\/2023\/08\/PHOTO-2023-08-10-10-13-03.jpg\" alt=\"\" class=\"wp-image-10114\" srcset=\"https:\/\/vimagazine.com.br\/wp-content\/uploads\/2023\/08\/PHOTO-2023-08-10-10-13-03.jpg 828w, https:\/\/vimagazine.com.br\/wp-content\/uploads\/2023\/08\/PHOTO-2023-08-10-10-13-03-243x300.jpg 243w, https:\/\/vimagazine.com.br\/wp-content\/uploads\/2023\/08\/PHOTO-2023-08-10-10-13-03-768x947.jpg 768w\" sizes=\"(max-width: 828px) 100vw, 828px\" \/><\/figure>\n\n\n\n<p class=\"has-text-align-center\"><strong>ENTRE OS LAN\u00c7AMENTOS EST\u00c3O:<\/strong><\/p>\n\n\n\n<p class=\"has-text-align-center\"><strong>SEXTA-FEIRA<\/strong><\/p>\n\n\n\n<p class=\"has-text-align-center\">15h30 &#8211; &#8220;A lenda da Cobra Trouxa\u201d, um zine Fernanda Sponchiado, independente, da s\u00e9rie Muta\u00e7\u00f5es (Joinville)<\/p>\n\n\n\n<p class=\"has-text-align-center\"><strong>S\u00c1BADO<\/strong><\/p>\n\n\n\n<p class=\"has-text-align-center\">16h10 &#8211; &#8220;F\u00f3sforos de Inseguran\u00e7a\u201d, cole\u00e7\u00e3o de caixinhas de f\u00f3sforo contendo imagens e textos, do selo #f\u00e1bricademalfeitoria Baderna Gr\u00e1fica (S\u00e3o Paulo)<\/p>\n\n\n\n<p class=\"has-text-align-center\">18h30 &#8211; &#8220;Amanh\u00e3 eu mudo o mundo\u201d, antologia de contos da professora Rita Pabst Martins, lan\u00e7amento da Editora Micronotas (Joinville)<\/p>\n\n\n\n<p class=\"has-text-align-center\"><strong>DOMINGO<\/strong><\/p>\n\n\n\n<p class=\"has-text-align-center\">12h \u201cNaT\u00e1bua\u201d, publica\u00e7\u00e3o que re\u00fane os p\u00f4steres de Fabio Zimbres para o evento de rock e literatura promovido por Paulo Scott em Porto Alegre. Livro Editora Lote 42 (S\u00e3o Paulo)<\/p>\n\n\n\n<p class=\"has-text-align-center\">16h10 &#8211; \u201cAutopublica\u00e7\u00e3o\u201d, um livro que est\u00e1 chegando \u00e0 3a. edi\u00e7\u00e3o e que d\u00e1 o caminho das pedras a quem pretende se autopublicar, da Experimentos Impressos (Canoas RS)<\/p>\n\n\n\n<p class=\"has-text-align-center\">Os lan\u00e7amentos ocorrer\u00e3o perto do espa\u00e7o da Biblioteca, onde estar\u00e1 a Banquinha do Mel. No mesmo pr\u00e9dio, no piso superior, estar\u00e3o as bancas das editoras, onde se poder\u00e1 comprar as publica\u00e7\u00f5es. Programa\u00e7\u00e3o completa no site: feirabicicleta.com.br<\/p>\n\n\n\n<p class=\"has-text-align-center\"><strong>OUTROS DESTAQUES LITER\u00c1RIOS DA FEIRA<\/strong><\/p>\n\n\n\n<p class=\"has-text-align-center\">&#8220;A sombra azul do minotauro&#8221; de Patr\u00edcia Claudine Hoffmann, da editora Patu\u00e1 (Joinville\/SP) \u00e9 o s\u00e9timo livro da autora, re\u00fane oitenta e quatro poemas, alguns deles em prosa, e labirinta-se em tr\u00eas cap\u00edtulos: \u201cHologramas dispersos para li\u00e7\u00f5es no labirinto\u201d, \u201cResson\u00e2ncias on\u00edricas de travessia\u201d e \u201cSublimar o azul na luz que irrompe a sombra\u201d. <\/p>\n\n\n\n<p class=\"has-text-align-center\">Os cap\u00edtulos se entrela\u00e7am, pelo fio da poesia, em temas que circundam os universos, do micro ao macrocosmo, desde uma joaninha de joelhos diante das queimadas florestais, at\u00e9 o colapso da civiliza\u00e7\u00e3o humana e suas iminentes novidades de cicatriz. A autora busca tecer met\u00e1foras que reafirmam os mitos, para em seguida desconstru\u00ed-los e\/ou transcend\u00ea-los, como o do Minotauro, por exemplo, desconfigurando o tempo linear.<\/p>\n\n\n\n<p class=\"has-text-align-center\">Outro lan\u00e7amento ser\u00e1 o: &#8220;Enquanto folhas secas na relva&#8221;, Colet\u00e2nea de poemas da Farfalharia Coletivo Po\u00e9tico, T\u00eampora Editora (Curitiba). Composto de 84 poemas, a colet\u00e2nea tem no processo de lapida\u00e7\u00e3o dos versos a sua principal for\u00e7a &#8211; cada poema \u00e9 autoral e coletivo, cada detalhe da edi\u00e7\u00e3o \u00e9 uma constru\u00e7\u00e3o em grupo. Pimeiro livro do Farfalharia &#8211; Coletivo Po\u00e9tico, e celebra a poesia com devo\u00e7\u00e3o e simplicidade.<\/p>\n\n\n\n<p class=\"has-text-align-center\">&#8220;As flores tamb\u00e9m morrem&#8221;, livro de Helder Kawabata, da Costuradus &#8211; Experimentos Gr\u00e1ficos (Mau\u00e1), \u00e9 um livro de artista com estrutura em explosionbook. Sua narrativa visual e a fant\u00e1stica estrutura de encaderna\u00e7\u00e3o explosionbook entrega a implac\u00e1vel passagem do tempo e nos escancara com a fabulosa e ordin\u00e1ria efemeridade da vida das flores.<\/p>\n\n\n\n<p class=\"has-text-align-center\">\u201cNaT\u00e1bua&#8221; livro da Editora Lote 42 de S\u00e3o Paulo, tamb\u00e9m ter\u00e1 seu lan\u00e7amento oficial na feira, essa \u00e9 a 51\u00aa publica\u00e7\u00e3o &#8211; um registro da s\u00e9rie de cartazes feitas para Rock e Ru\u00eddo, evento promovido por Paulo Scott . F\u00e1bio Zimbres fazia os cartazes.<\/p>\n\n\n\n<p class=\"has-text-align-center\">&#8220;O circo das mulheres&#8221;, livro de Kelly Alonso Braga, Poup\u00e9e Rouge Publica\u00e7\u00f5es de Santos. J\u00e1 pensou num circo s\u00f3 de mulheres? Pois aqui, elas est\u00e3o no comando! Da recep\u00e7\u00e3o at\u00e9 os n\u00fameros mais espetaculares; criativas, graciosas, esplendorosas, \u00e0s vezes mal humoradas, no entanto, sempre feministas.<\/p>\n\n\n\n<p class=\"has-text-align-center\">&#8220;Escrita de si&#8221;, \u00e9 um livro de Luana Alt de Pelotas, que re\u00fane algumas palavras e express\u00f5es comuns ao campo das publica\u00e7\u00f5es de artista, apresentadas de forma a gerar algumas dezenas de outras express\u00f5es atrav\u00e9s da combina\u00e7\u00e3o entre suas palavras &#8211; sugerindo assim outras formas de pensar e produzir arte\/escrita\/leitura\/etc.<\/p>\n\n\n\n<p class=\"has-text-align-center\">Al\u00e9m dos dois dias de feira, s\u00e1bado e domingo, na sexta-feira (11), acontecer\u00e3o oficinas com profissionais de destaque na \u00e1rea do design e das artes visuais como: oficina de fotolivro Paisagens Improv\u00e1veis com Rossana Di Munno, oficina de encaderna\u00e7\u00e3o japonesa com Helder Kawabata, oficina arte tecnologic-processing orientado para impress\u00e3o com Diego de Los Campos, oficina gravura no isopor com Marin\u00eas Busetti, oficina de no\u00e7\u00f5es b\u00e1sicas de entalhe de matriz para gravura com Samuel Casal, Oficina de Anima\u00e7\u00e3o com LapisLab, al\u00e9m de pain\u00e9is, rodas de conversa.<\/p>\n\n\n\n<p class=\"has-text-align-center\"><strong>SERVI\u00c7O<\/strong><\/p>\n\n\n\n<p class=\"has-text-align-center\">O Qu\u00ea \u201cA Bicicleta \u2013 Feira de Artes Gr\u00e1ficas e Publica\u00e7\u00f5es Independentes\u201d<br>Onde: Instituto Internacional Juarez Machado, localizado na Rua Lages, 994 \u2013 Am\u00e9rica.<br>Quando: Dia 11 de agosto &#8211; sexta-feira \u2013 oficinas &#8211; 12 e 13 de agosto &#8211; s\u00e1bado e domingo acontecer\u00e1 a feira tamb\u00e9m com oficinas, rodas de conversa e atividades interativas<br>Hor\u00e1rio: sexta-feira &#8211; oficinas das 14h \u00e0s 17h30 s\u00e1bado e domingo das 11h \u00e0s 20h<br>Quanto: Gratuito<br>Programa\u00e7\u00e3o completa: feirabicicleta.com.br<\/p>\n\n\n\n<p class=\"has-text-align-center\"><strong>INFORMA\u00c7\u00d5ES<\/strong><\/p>\n\n\n\n<p class=\"has-text-align-center\">Katherine Funke \u2013 Editora Micronotas<br>Telefone: 47 99220 4789<br>Email: editoramicronotas@gmail.com<br>Instagram: @editoramicronotas<\/p>\n\n\n\n<p class=\"has-text-align-center\">Renata Dias Maciel \u2013 Produtora Executiva<br>Telefone: 48 98152 3060<br>Site: https:\/\/www.feirabicicleta.com.br<br>Instagram: @feirabicicleta<\/p>\n\n\n\n<p class=\"has-text-align-center\">Dom Comunica &#8211; assessoria de comunica\u00e7\u00e3o<br>Telefone: 47 99612 3517<br>E mail: rodrigo@domcomunica.com.br rodrigocomunica@hotmail.com<br>Instagram: @domcomunica<\/p>\n","protected":false},"excerpt":{"rendered":"<p>A Bicicleta \u2013 Feira de Artes Gr\u00e1ficas e Publica\u00e7\u00f5es Independentes, acontecer\u00e1 no Instituto Internacional Juarez&#8230;<\/p>\n","protected":false},"author":3,"featured_media":10113,"comment_status":"closed","ping_status":"open","sticky":false,"template":"","format":"standard","meta":{"om_disable_all_campaigns":false,"_monsterinsights_skip_tracking":false,"_monsterinsights_sitenote_active":false,"_monsterinsights_sitenote_note":"","_monsterinsights_sitenote_category":0,"spay_email":""},"categories":[1],"tags":[],"jetpack_featured_media_url":"https:\/\/vimagazine.com.br\/wp-content\/uploads\/2023\/08\/PHOTO-2023-08-10-10-11-18-e1691680183639.jpg","_links":{"self":[{"href":"https:\/\/vimagazine.com.br\/index.php?rest_route=\/wp\/v2\/posts\/10112"}],"collection":[{"href":"https:\/\/vimagazine.com.br\/index.php?rest_route=\/wp\/v2\/posts"}],"about":[{"href":"https:\/\/vimagazine.com.br\/index.php?rest_route=\/wp\/v2\/types\/post"}],"author":[{"embeddable":true,"href":"https:\/\/vimagazine.com.br\/index.php?rest_route=\/wp\/v2\/users\/3"}],"replies":[{"embeddable":true,"href":"https:\/\/vimagazine.com.br\/index.php?rest_route=%2Fwp%2Fv2%2Fcomments&post=10112"}],"version-history":[{"count":2,"href":"https:\/\/vimagazine.com.br\/index.php?rest_route=\/wp\/v2\/posts\/10112\/revisions"}],"predecessor-version":[{"id":10120,"href":"https:\/\/vimagazine.com.br\/index.php?rest_route=\/wp\/v2\/posts\/10112\/revisions\/10120"}],"wp:featuredmedia":[{"embeddable":true,"href":"https:\/\/vimagazine.com.br\/index.php?rest_route=\/wp\/v2\/media\/10113"}],"wp:attachment":[{"href":"https:\/\/vimagazine.com.br\/index.php?rest_route=%2Fwp%2Fv2%2Fmedia&parent=10112"}],"wp:term":[{"taxonomy":"category","embeddable":true,"href":"https:\/\/vimagazine.com.br\/index.php?rest_route=%2Fwp%2Fv2%2Fcategories&post=10112"},{"taxonomy":"post_tag","embeddable":true,"href":"https:\/\/vimagazine.com.br\/index.php?rest_route=%2Fwp%2Fv2%2Ftags&post=10112"}],"curies":[{"name":"wp","href":"https:\/\/api.w.org\/{rel}","templated":true}]}}