{"id":10116,"date":"2023-08-10T12:15:54","date_gmt":"2023-08-10T15:15:54","guid":{"rendered":"https:\/\/vimagazine.com.br\/?p=10116"},"modified":"2023-08-10T12:15:56","modified_gmt":"2023-08-10T15:15:56","slug":"cirandas-boi-de-mamao-e-cancoes-populares-fazem-parte-do-bailinho-divertido-espetaculo-deste-domingo-com-teatro","status":"publish","type":"post","link":"https:\/\/vimagazine.com.br\/?p=10116","title":{"rendered":"Cirandas, Boi de Mam\u00e3o e can\u00e7\u00f5es populares fazem parte do Bailinho Divertido, espet\u00e1culo deste Domingo com Teatro"},"content":{"rendered":"\n<p class=\"has-text-align-center\"><em>O projeto promove o teatro infantil, atrav\u00e9s de uma programa\u00e7\u00e3o para curtir em fam\u00edlia. Todos os domingos em Florian\u00f3polis, com entrada gratuita<\/em><\/p>\n\n\n\n<p class=\"has-text-align-center\">Este domingo \u00e9 dia de &#8220;Bailinho Divertido&#8221;, comandado pelas Cias Mafagafos e Vibrata, que prop\u00f5em uma experi\u00eancia musical encantadora, repleta de hist\u00f3rias e brincadeiras. Um espet\u00e1culo para beb\u00eas, crian\u00e7as e todos que gostam de se divertir.<\/p>\n\n\n\n<p class=\"has-text-align-center\"> No repert\u00f3rio, cirandas, cocos, sambas, boi de mam\u00e3o e can\u00e7\u00f5es populares de roda, oferecendo uma diversidade de ritmos e m\u00fasicas conhecidas e autorais. A diversidade de ritmos e can\u00e7\u00f5es conhecidas e autorais prometem encantar a todos no Domingo com Teatro, \u00e0s 11h30, no Cinesystem do Villa Romana Shopping.<\/p>\n\n\n\n<p class=\"has-text-align-center\">Vibrata \u00e9 um grupo art\u00edstico fundado em Itaja\u00ed (SC) em 2012, que sempre se dedicou a cantar hist\u00f3rias e brincadeiras musicais. A Cia Mafagafos \u00e9 uma companhia de cria\u00e7\u00e3o e pesquisa com foco na cultura da inf\u00e2ncia. Desenvolve projetos e atividades nas \u00e1reas de conta\u00e7\u00e3o de hist\u00f3rias, m\u00fasica, literatura e livros.<\/p>\n\n\n\n<p class=\"has-text-align-center\"><strong>Acessibilidade&nbsp;<\/strong><\/p>\n\n\n\n<p class=\"has-text-align-center\">Todos os domingos no projeto Domingo com Teatro, a acessibilidade e inclus\u00e3o s\u00e3o valores fundamentais. Todas as pe\u00e7as teatrais contam com tradu\u00e7\u00e3o em Libras (L\u00edngua Brasileira de Sinais). O objetivo \u00e9 permitir que a magia das performances e hist\u00f3rias alcance a todos, independentemente de sua capacidade auditiva. Al\u00e9m disso, todo \u00faltimo domingo do m\u00eas, o projeto contar\u00e1 tamb\u00e9m com o servi\u00e7o de audiodescri\u00e7\u00e3o, proporcionando uma experi\u00eancia enriquecedora e inclusiva para pessoas com defici\u00eancia visual.&nbsp;<\/p>\n\n\n\n<p class=\"has-text-align-center\">O Domingo com Teatro \u00e9 um dos mais importantes projetos de promo\u00e7\u00e3o da cultura na inf\u00e2ncia e forma\u00e7\u00e3o de plateia de Santa Catarina. Realiza apresenta\u00e7\u00f5es semanais de espet\u00e1culos infantis para curtir em fam\u00edlia, sempre em sess\u00f5es gratuitas. O projeto \u00e9 totalmente patrocinado pela Prefeitura Municipal de Florian\u00f3polis, Secretaria de Cultura, Esporte e Lazer e Funda\u00e7\u00e3o Cultural de Florian\u00f3polis Franklin Cascaes por meio da Lei Municipal de Incentivo \u00e0 Cultura n\u00ba 3659\/91. Com o apoio cultural do Villa Romana Shopping e Cinesystem. A coordena\u00e7\u00e3o geral \u00e9 da Marte Cultural.<\/p>\n\n\n\n<p class=\"has-text-align-center\"><strong>Agende-se<\/strong><\/p>\n\n\n\n<p class=\"has-text-align-center\">Domingo Com Teatro: Cia Mafagafos e Vibrata | Bailinho Divertido<\/p>\n\n\n\n<p class=\"has-text-align-center\">Quando: 13\/08\/\/2023, \u00e0s 11h30<\/p>\n\n\n\n<p class=\"has-text-align-center\">Onde: Cinesystem \u2013 Villa Romana Shopping (Av. Madre Benvenuta, 687, Santa M\u00f4nica, Florian\u00f3polis)<\/p>\n\n\n\n<p class=\"has-text-align-center\">Gratuito<\/p>\n\n\n\n<p class=\"has-text-align-center\">Classifica\u00e7\u00e3o: Livre<\/p>\n\n\n\n<p class=\"has-text-align-center\">Siga-nos tamb\u00e9m no Instagram: @martecultural e @domingocomteatro<br><br><strong>Celina Keppeler <\/strong><\/p>\n","protected":false},"excerpt":{"rendered":"<p>O projeto promove o teatro infantil, atrav\u00e9s de uma programa\u00e7\u00e3o para curtir em fam\u00edlia. Todos&#8230;<\/p>\n","protected":false},"author":3,"featured_media":10117,"comment_status":"closed","ping_status":"open","sticky":false,"template":"","format":"standard","meta":{"om_disable_all_campaigns":false,"_monsterinsights_skip_tracking":false,"_monsterinsights_sitenote_active":false,"_monsterinsights_sitenote_note":"","_monsterinsights_sitenote_category":0,"spay_email":""},"categories":[1],"tags":[],"jetpack_featured_media_url":"https:\/\/vimagazine.com.br\/wp-content\/uploads\/2023\/08\/Bailinho-Divertido-e1691680485900.jpg","_links":{"self":[{"href":"https:\/\/vimagazine.com.br\/index.php?rest_route=\/wp\/v2\/posts\/10116"}],"collection":[{"href":"https:\/\/vimagazine.com.br\/index.php?rest_route=\/wp\/v2\/posts"}],"about":[{"href":"https:\/\/vimagazine.com.br\/index.php?rest_route=\/wp\/v2\/types\/post"}],"author":[{"embeddable":true,"href":"https:\/\/vimagazine.com.br\/index.php?rest_route=\/wp\/v2\/users\/3"}],"replies":[{"embeddable":true,"href":"https:\/\/vimagazine.com.br\/index.php?rest_route=%2Fwp%2Fv2%2Fcomments&post=10116"}],"version-history":[{"count":1,"href":"https:\/\/vimagazine.com.br\/index.php?rest_route=\/wp\/v2\/posts\/10116\/revisions"}],"predecessor-version":[{"id":10118,"href":"https:\/\/vimagazine.com.br\/index.php?rest_route=\/wp\/v2\/posts\/10116\/revisions\/10118"}],"wp:featuredmedia":[{"embeddable":true,"href":"https:\/\/vimagazine.com.br\/index.php?rest_route=\/wp\/v2\/media\/10117"}],"wp:attachment":[{"href":"https:\/\/vimagazine.com.br\/index.php?rest_route=%2Fwp%2Fv2%2Fmedia&parent=10116"}],"wp:term":[{"taxonomy":"category","embeddable":true,"href":"https:\/\/vimagazine.com.br\/index.php?rest_route=%2Fwp%2Fv2%2Fcategories&post=10116"},{"taxonomy":"post_tag","embeddable":true,"href":"https:\/\/vimagazine.com.br\/index.php?rest_route=%2Fwp%2Fv2%2Ftags&post=10116"}],"curies":[{"name":"wp","href":"https:\/\/api.w.org\/{rel}","templated":true}]}}