{"id":10127,"date":"2023-08-12T02:52:53","date_gmt":"2023-08-12T05:52:53","guid":{"rendered":"https:\/\/vimagazine.com.br\/?p=10127"},"modified":"2023-08-12T02:52:54","modified_gmt":"2023-08-12T05:52:54","slug":"especialista-fala-sobre-hipnoterapia-e-faz-alerta-importante","status":"publish","type":"post","link":"https:\/\/vimagazine.com.br\/?p=10127","title":{"rendered":"Especialista fala sobre hipnoterapia e faz alerta importante"},"content":{"rendered":"\n<p><\/p>\n\n\n\n<p><strong>&nbsp;&nbsp; &nbsp;Marcio Rogerio Renzo<\/strong>, \u00e9 Psicanalista\/Hipnoterapeuta e Fisioterapeuta. P\u00f3s-graduado em Neuropsicologia, Psican\u00e1lise Cl\u00ednica Avan\u00e7ada, Geriatria e Gerontologia, Oncologia e Terapia Cognitivo-Comportamental, al\u00e9m de possuir diversos cursos na \u00e1rea de sa\u00fade. Especialista em Hipnose Cl\u00ednica, com dupla certifica\u00e7\u00e3o. Major do Corpo de Bombeiros da Pol\u00edcia Militar do Estado de S\u00e3o Paulo, tem pautas ligadas \u00e0 sa\u00fade e bem-estar e podcast tamb\u00e9m sobre sa\u00fade e bem-estar e, possui diversos artigos publicados, participa\u00e7\u00f5es em programas e entrevistas em v\u00e1rios ve\u00edculos de comunica\u00e7\u00e3o (revistas, sites, jornais&#8230;).<\/p>\n\n\n\n<p>&nbsp;&nbsp;&nbsp;&nbsp; Em meio a tantos casos relacionados a sa\u00fade mental e emocional, que eu tive um bate-papo com o especialista, Marcio Rogerio Renzo. Na oportunidade, o entrevistado, discorre amplamente, sobre os benef\u00edcios da hipnoterapia e faz um alerta.<\/p>\n\n\n\n<p><strong><em>O que \u00e9 Hipnoterapia?<\/em><\/strong><\/p>\n\n\n\n<p>&nbsp; <strong>R:<\/strong>&nbsp; A hipnoterapia \u00e9 a t\u00e9cnica que se utiliza da hipnose como base para o tratamento de diversos problemas relacionados \u00e0 sa\u00fade mental e f\u00edsica tamb\u00e9m. Dentre os problemas relacionados \u00e0 sa\u00fade mental podemos citar: traumas, fobias, medos, ansiedade, depress\u00e3o e transtornos diversos. No campo da sa\u00fade f\u00edsica, podemos apontar: fibromialgia, quadro de dores cr\u00f4nicas diversos, emagrecimento, entre outros.<\/p>\n\n\n\n<p>&nbsp; &#8211; A hipnose, ao contr\u00e1rio do que muita gente acha, \u00e9 um processo natural da mente e temos o contato com este estado em diversos momentos em nosso dia a dia. Quando procuramos pelas chaves e percebemos que elas est\u00e3o em nossa m\u00e3o; quando assistimos a um filme e nos emocionamos com uma cena, rimos, ficamos euf\u00f3ricos etc.<\/p>\n\n\n\n<p>&nbsp;&nbsp; &#8211; Outro ponto importante de se divulgar \u00e9 que durante a sess\u00e3o de terapia o paciente permanece consciente o tempo todo, portanto, tem consci\u00eancia de tudo o que est\u00e1 sendo tratado e abordado na sess\u00e3o.&nbsp; N\u00e3o h\u00e1 perda de consci\u00eancia, risco de o paciente fazer algo que n\u00e3o queira.<\/p>\n\n\n\n<p>&nbsp;&nbsp;&#8211;&nbsp; Cabe salientar tamb\u00e9m, que a hipnoterapia \u00e9 reconhecida como pr\u00e1tica pelos conselhos de Medicina, Psicologia e Fisioterapia. Em 2018 foi reconhecida pelo Minist\u00e9rio da Sa\u00fade e acrescentada \u00e0 Pol\u00edtica Nacional de Pr\u00e1ticas Integrativas e Complementares (PNPIC) e autorizado o seu uso no Sistema \u00danico de Sa\u00fade (SUS).<\/p>\n\n\n\n<p><strong><em>Quais os principais benef\u00edcios da hipnoterapia para a sa\u00fade emocional?<\/em><\/strong><\/p>\n\n\n\n<p>&nbsp;&nbsp;&nbsp; <strong>R: <\/strong>Os benef\u00edcios s\u00e3o imensos, uma vez que n\u00e3o h\u00e1 efeitos adversos, colaterais ou mesmo contraindicados, tendo que apenas ter alguns cuidados com determinados tipos de pacientes que possuem alguns problemas, como por exemplo, em pacientes que possuem quadros epil\u00e9ticos.<\/p>\n\n\n\n<p><strong><em>Em quais casos \u00e9 recomend\u00e1vel a hipnose cl\u00ednica?<\/em><\/strong><\/p>\n\n\n\n<p>&nbsp;&nbsp; <strong>R:<\/strong>&nbsp; Podemos recomendar a hipnoterapia para pacientes que buscam: aumento da autoestima, redu\u00e7\u00e3o de quadros depressivos e ansiosos, supera\u00e7\u00e3o de fobias e traumas, elimina\u00e7\u00e3o de v\u00edcios, sentimentos de procrastina\u00e7\u00e3o, melhora no desempenho profissional e pessoal, emagrecimento, entre outras.<\/p>\n\n\n\n<p><strong><em>Quais os riscos da hipnoterapia? Ela \u00e9 perigosa? Como a pessoa pode saber se o profissional que faz hipnoterapia \u00e9 s\u00e9rio?<\/em><\/strong><\/p>\n\n\n\n<p>&nbsp;&nbsp;&nbsp; <strong>R:<\/strong> N\u00e3o h\u00e1 risco, desde que executada por profissional capacitado. Como estamos falando de lidar com mente humana e comportamentos, temos que avaliar consequ\u00eancias que poder\u00e3o surgir ou outro fator ou situa\u00e7\u00e3o, que n\u00e3o foi relatada pelo paciente durante a avalia\u00e7\u00e3o. Portanto, o profissional hipnoterapeuta tem que estar apto a lidar com tais intercorr\u00eancias. A t\u00e9cnica em si n\u00e3o tem perigo algum.<\/p>\n\n\n\n<p>&nbsp; &#8211;&nbsp; Podemos nos precaver de poss\u00edveis problemas durante o atendimento, buscando conhecer a forma\u00e7\u00e3o do profissional escolhido, quais recursos de que ele disp\u00f5e em sua forma\u00e7\u00e3o.<\/p>\n\n\n\n<p><strong><em>Ultimamente no p\u00f3s-pandemia como t\u00eam sido a demanda de pessoas que procuram pelo seu atendimento?<\/em><\/strong><\/p>\n\n\n\n<p>&nbsp;&nbsp; <strong>R: <\/strong>A pandemia causou um verdadeiro \u201cboom\u201d nos casos de transtornos mentais ligados \u00e0 depress\u00e3o e ansiedade, representando um aumento de cerca de 26 e 27% de aumento, somente em 2020. Desta forma, tem-se observado um grande aumento na procura do servi\u00e7o pelos pacientes. A hipnoterapia tem sido uma \u00f3tima op\u00e7\u00e3o por se tratar de uma t\u00e9cnica com uma resposta r\u00e1pida. Muitos s\u00e3o os questionamentos sobre o custo-benef\u00edcio em rela\u00e7\u00e3o \u00e0 t\u00e9cnicas diversas, pois apesar de ser um pouco elevada \u00e0 primeira vista, o per\u00edodo de tratamento \u00e9 reduzido em compara\u00e7\u00e3o com outras t\u00e9cnicas de aplicadas aos mesmos casos.<\/p>\n\n\n\n<p><strong><em>Quais as suas redes sociais?<\/em><\/strong><\/p>\n\n\n\n<p><strong>R: <\/strong>Posso ser encontrado pelas seguintes redes sociais:<\/p>\n\n\n\n<p>Instagram: <a href=\"https:\/\/www.instagram.com\/marcior.renzo\/\">@marcior.renzo<\/a><\/p>\n\n\n\n<p>Facebook: <a href=\"https:\/\/www.facebook.com\/marcior.renzooficial\">marcior.renzooficial<\/a><\/p>\n\n\n\n<p>Site: <a href=\"http:\/\/www.marciorenzo.com.br\">www.marciorenzo.com.br<\/a><\/p>\n\n\n\n<p>WhatsApp: (11) &nbsp;9830 &#8211; 62726<\/p>\n\n\n\n<p><strong><em>Quais as suas considera\u00e7\u00f5es finais?<\/em><\/strong><\/p>\n\n\n\n<p>&nbsp;&nbsp;&nbsp; A sa\u00fade mental muitas vezes \u00e9 esquecida por n\u00e3o ter sinais e sintomas evidentes como na doen\u00e7a f\u00edsica, mas os estragos s\u00e3o t\u00e3o ou mais devastadores. Portanto, sentiu que algo n\u00e3o est\u00e1 bem, procure um profissional de sua confian\u00e7a, mas busque ajuda enquanto \u00e9 tempo. Quanto antes iniciar o tratamento, melhores ser\u00e3o as perspectivas de melhora e restabelecimento de sua sa\u00fade, seja f\u00edsica ou mental.<\/p>\n\n\n\n<p>&nbsp;&nbsp;&nbsp;&nbsp;&nbsp;&nbsp;&nbsp;&nbsp;&nbsp;&nbsp;&nbsp; <strong>Foto<\/strong>: divulga\u00e7\u00e3o<\/p>\n","protected":false},"excerpt":{"rendered":"<p>&nbsp;&nbsp; &nbsp;Marcio Rogerio Renzo, \u00e9 Psicanalista\/Hipnoterapeuta e Fisioterapeuta. P\u00f3s-graduado em Neuropsicologia, Psican\u00e1lise Cl\u00ednica Avan\u00e7ada, Geriatria&#8230;<\/p>\n","protected":false},"author":2,"featured_media":10128,"comment_status":"closed","ping_status":"open","sticky":false,"template":"","format":"standard","meta":{"om_disable_all_campaigns":false,"_monsterinsights_skip_tracking":false,"_monsterinsights_sitenote_active":false,"_monsterinsights_sitenote_note":"","_monsterinsights_sitenote_category":0,"spay_email":""},"categories":[31],"tags":[717,45,696],"jetpack_featured_media_url":"https:\/\/vimagazine.com.br\/wp-content\/uploads\/2023\/08\/29b9ec04-6d2a-455a-8c25-64c23a5b2833.jpg","_links":{"self":[{"href":"https:\/\/vimagazine.com.br\/index.php?rest_route=\/wp\/v2\/posts\/10127"}],"collection":[{"href":"https:\/\/vimagazine.com.br\/index.php?rest_route=\/wp\/v2\/posts"}],"about":[{"href":"https:\/\/vimagazine.com.br\/index.php?rest_route=\/wp\/v2\/types\/post"}],"author":[{"embeddable":true,"href":"https:\/\/vimagazine.com.br\/index.php?rest_route=\/wp\/v2\/users\/2"}],"replies":[{"embeddable":true,"href":"https:\/\/vimagazine.com.br\/index.php?rest_route=%2Fwp%2Fv2%2Fcomments&post=10127"}],"version-history":[{"count":1,"href":"https:\/\/vimagazine.com.br\/index.php?rest_route=\/wp\/v2\/posts\/10127\/revisions"}],"predecessor-version":[{"id":10129,"href":"https:\/\/vimagazine.com.br\/index.php?rest_route=\/wp\/v2\/posts\/10127\/revisions\/10129"}],"wp:featuredmedia":[{"embeddable":true,"href":"https:\/\/vimagazine.com.br\/index.php?rest_route=\/wp\/v2\/media\/10128"}],"wp:attachment":[{"href":"https:\/\/vimagazine.com.br\/index.php?rest_route=%2Fwp%2Fv2%2Fmedia&parent=10127"}],"wp:term":[{"taxonomy":"category","embeddable":true,"href":"https:\/\/vimagazine.com.br\/index.php?rest_route=%2Fwp%2Fv2%2Fcategories&post=10127"},{"taxonomy":"post_tag","embeddable":true,"href":"https:\/\/vimagazine.com.br\/index.php?rest_route=%2Fwp%2Fv2%2Ftags&post=10127"}],"curies":[{"name":"wp","href":"https:\/\/api.w.org\/{rel}","templated":true}]}}