{"id":10135,"date":"2023-08-15T01:11:49","date_gmt":"2023-08-15T04:11:49","guid":{"rendered":"https:\/\/vimagazine.com.br\/?p=10135"},"modified":"2023-08-15T01:12:27","modified_gmt":"2023-08-15T04:12:27","slug":"com-varios-titulos-modelo-fala-das-suas-conquistas-e-perspectivas-para-o-miss-brasil","status":"publish","type":"post","link":"https:\/\/vimagazine.com.br\/?p=10135","title":{"rendered":"Com v\u00e1rios t\u00edtulos modelo fala das suas conquistas e perspectivas para o Miss Brasil"},"content":{"rendered":"\n<p><\/p>\n\n\n\n<p><strong>&nbsp;&nbsp;&nbsp; L\u00edvia Rodrigues<\/strong> \u00e9 Miss Santa Catarina 2023 pela franquia Supranational, \u00e9 Miss Personalidade, \u00e9 Musa do Gr\u00eamio, Gata do Brasileir\u00e3o, Miss Beleza T Itaja\u00ed 2023, e est\u00e1 concorrendo ao Miss Brasil Beleza Brasileira.<\/p>\n\n\n\n<figure class=\"wp-block-image size-full is-resized\"><img src=\"https:\/\/vimagazine.com.br\/wp-content\/uploads\/2023\/08\/75a5cd25-097e-4fe8-a6ef-18bd60667322.jpg\" alt=\"\" class=\"wp-image-10137\" width=\"897\" height=\"924\" srcset=\"https:\/\/vimagazine.com.br\/wp-content\/uploads\/2023\/08\/75a5cd25-097e-4fe8-a6ef-18bd60667322.jpg 907w, https:\/\/vimagazine.com.br\/wp-content\/uploads\/2023\/08\/75a5cd25-097e-4fe8-a6ef-18bd60667322-291x300.jpg 291w, https:\/\/vimagazine.com.br\/wp-content\/uploads\/2023\/08\/75a5cd25-097e-4fe8-a6ef-18bd60667322-768x791.jpg 768w\" sizes=\"(max-width: 897px) 100vw, 897px\" \/><\/figure>\n\n\n\n<p>&nbsp;&nbsp;&nbsp; Em meio a muito glamour, que entrevistei com exclusividade, a <strong>Miss Santa Catarina <\/strong>2023<strong>.<\/strong>&nbsp; Na oportunidade, a entrevistada abre o cora\u00e7\u00e3o, conta um pouco da sua hist\u00f3ria de vida e revela as suas perspectivas para o Miss Brasil, em novembro.<\/p>\n\n\n\n<figure class=\"wp-block-image size-large\"><img width=\"1024\" height=\"1024\" src=\"https:\/\/vimagazine.com.br\/wp-content\/uploads\/2023\/08\/0344d65c-fcc7-4261-afaf-ec8998938d7f-1024x1024.jpg\" alt=\"\" class=\"wp-image-10139\" srcset=\"https:\/\/vimagazine.com.br\/wp-content\/uploads\/2023\/08\/0344d65c-fcc7-4261-afaf-ec8998938d7f-1024x1024.jpg 1024w, https:\/\/vimagazine.com.br\/wp-content\/uploads\/2023\/08\/0344d65c-fcc7-4261-afaf-ec8998938d7f-300x300.jpg 300w, https:\/\/vimagazine.com.br\/wp-content\/uploads\/2023\/08\/0344d65c-fcc7-4261-afaf-ec8998938d7f-150x150.jpg 150w, https:\/\/vimagazine.com.br\/wp-content\/uploads\/2023\/08\/0344d65c-fcc7-4261-afaf-ec8998938d7f-768x768.jpg 768w, https:\/\/vimagazine.com.br\/wp-content\/uploads\/2023\/08\/0344d65c-fcc7-4261-afaf-ec8998938d7f.jpg 1528w\" sizes=\"(max-width: 1024px) 100vw, 1024px\" \/><\/figure>\n\n\n\n<p><\/p>\n\n\n\n<figure class=\"wp-block-image size-large\"><img width=\"1024\" height=\"895\" src=\"https:\/\/vimagazine.com.br\/wp-content\/uploads\/2023\/08\/2f66fc2c-9698-4a02-9564-ba53a2e72a32-1024x895.jpg\" alt=\"\" class=\"wp-image-10140\" srcset=\"https:\/\/vimagazine.com.br\/wp-content\/uploads\/2023\/08\/2f66fc2c-9698-4a02-9564-ba53a2e72a32-1024x895.jpg 1024w, https:\/\/vimagazine.com.br\/wp-content\/uploads\/2023\/08\/2f66fc2c-9698-4a02-9564-ba53a2e72a32-300x262.jpg 300w, https:\/\/vimagazine.com.br\/wp-content\/uploads\/2023\/08\/2f66fc2c-9698-4a02-9564-ba53a2e72a32-768x671.jpg 768w, https:\/\/vimagazine.com.br\/wp-content\/uploads\/2023\/08\/2f66fc2c-9698-4a02-9564-ba53a2e72a32.jpg 1080w\" sizes=\"(max-width: 1024px) 100vw, 1024px\" \/><\/figure>\n\n\n\n<p><strong><em>Como foi a sua inf\u00e2ncia e quando surgiu a sua vontade em ser modelo?<\/em><\/strong><\/p>\n\n\n\n<p>&nbsp; R: Minha inf\u00e2ncia foi maravilhosa. Fui criada no interior da maravilhosa cidade de Navegantes &#8211; Santa Catarina. Meus pais sempre foram minha inspira\u00e7\u00e3o para tudo, mas a moda est\u00e1 comigo desde sempre. O desejo pelo mundo Miss, come\u00e7ou quando eu assisti pela primeira vez, na TV, a um concurso de beleza. Fiquei encantada. Da\u00ed ent\u00e3o, foi que decidi que um dia seria Miss e aqui estou.<\/p>\n\n\n\n<p><strong><em>Como foi obter os t\u00edtulos de Miss Itaja\u00ed e Miss Santa Catarina 2023?<\/em><\/strong><\/p>\n\n\n\n<p>&nbsp; &nbsp;&nbsp;<strong>R:<\/strong> O t\u00edtulo de Miss Itaja\u00ed &#8211; SC, foi uma surpresa. Recebi o convite da <a href=\"https:\/\/www.instagram.com\/kabetoproducoes\/\">Kabeto Produ\u00e7\u00f5es<\/a>, e aceitei com muito carinho e consciente da responsabilidade. Foi m\u00e1gico. Em seguida veio o Miss Santa Catarina pela minha coordenadora estadual, M\u00e1rcia, que \u00e9 e est\u00e1 sendo uma pessoa incr\u00edvel.&nbsp; Espero corresponder \u00e0 altura com cada uma das aspira\u00e7\u00f5es e objetivos que depositaram em mim, atrav\u00e9s de um bom posicionamento, que o t\u00edtulo requer, representando bem, a todos.<\/p>\n\n\n\n<p><strong><em>Qual foi a sua emo\u00e7\u00e3o com o convite para o Miss Brasil Beleza Brasileira<\/em><\/strong><\/p>\n\n\n\n<p>&nbsp;&nbsp;&nbsp;&nbsp; <strong>R:<\/strong> Ah, o Miss Brasil! Foi algo que eu n\u00e3o esperava de verdade! Quando chegou a not\u00edcia, simplesmente, paralisei. Na verdade, ainda estou digerindo tudo, amando viver esse sonho, que hoje n\u00e3o \u00e9 apenas s\u00f3 meu, mas sim, nosso. Quero convidar a todos para sonharem comigo! Darei o meu melhor para que a coroa de Miss seja de Santa Catarina.<\/p>\n\n\n\n<p><strong><em>Onde ser\u00e1 realizado o Miss Brasil Beleza Brasileira e quais as suas perspectivas?<\/em><\/strong><\/p>\n\n\n\n<p>&nbsp;&nbsp;&nbsp; <strong>R:<\/strong> O Miss Brasil ser\u00e1 realizado em S\u00e3o Paulo, no m\u00eas de novembro deste ano.<\/p>\n\n\n\n<p><em>Voc\u00ea perdeu a sua m\u00e3e e o seu pai, recentemente.&nbsp; Como foi encarar essas perdas e qual a import\u00e2ncia da sua m\u00e3e, a sra<strong>. Auria Terezinha Rodrigues<\/strong> e do seu pai, <strong>Altamir Rodrigues<\/strong>, para o seu sucesso?<\/em><\/p>\n\n\n\n<p>&nbsp;&nbsp;&nbsp;&nbsp; <strong>R:<\/strong> N\u00e3o tenho palavras para agradecer esses dois!! S\u00f3 posso dizer que tudo isso \u00e9 apenas reflexo de uma cria\u00e7\u00e3o que deu certo. Meu pai foi a pessoa que no trabalho, sempre foi honrado e nunca reclamou. J\u00e1 minha m\u00e3e foi aquele colo que eu jamais vou esquecer. Hoje, tudo que sou, sem d\u00favidas, \u00e9 porque eles nunca me deixaram desistir. Obrigado por serem os meus pais, a quem tanto amo! Todavia, n\u00e3o posso deixar de falar sobre os meus irm\u00e3os, que tamb\u00e9m s\u00e3o a base do meu sucesso, hoje.&nbsp; Matheus, o meu nego como o chamo carinhosamente \u00e9 o meu irm\u00e3o casula que sempre me apoia em tudo e, claro, o meu empres\u00e1rio Ernando Coninck Junior. Gratid\u00e3o por voc\u00eas existirem na minha vida. Sem voc\u00eas nada faria sentido!<\/p>\n\n\n\n<p><strong><em>Quais foram os seus maiores desafios at\u00e9 chegar ao Miss?<\/em><\/strong><\/p>\n\n\n\n<p>&nbsp;&nbsp;&nbsp; <strong>R:<\/strong>&nbsp; Sem d\u00favidas o medo do novo, mas sempre, vou frisar que o meio da hist\u00f3ria \u00e9 o melhor.<\/p>\n\n\n\n<p><strong><em>Voc\u00ea cumula os t\u00edtulos de Miss Personalidade, Musa do Gr\u00eamio e Gata do Brasileir\u00e3o dentre outros. Qual o conselho que voc\u00ea d\u00e1 para quem deseja alcan\u00e7ar o sucesso?<\/em><\/strong><\/p>\n\n\n\n<p>&nbsp;&nbsp;&nbsp; <strong>R:<\/strong> Seja voc\u00ea.&nbsp; Nunca negue as suas origens, e principalmente, seja humilde porque tudo na vida passa!<\/p>\n\n\n\n<p><strong><em>quais as suas redes sociais e as suas considera\u00e7\u00f5es finais?<\/em><\/strong><\/p>\n\n\n\n<p>&nbsp;&nbsp; &nbsp;&nbsp;<strong>R:<\/strong> &nbsp;&nbsp;Meu Instagram \u00e9 <a href=\"https:\/\/www.instagram.com\/misssantacatarina2023\/\">@misssantacatarina2023<\/a>.<\/p>\n\n\n\n<p>&nbsp;&nbsp; Gostaria de agradecer a Deus, todos os meus familiares, amigos e claro, a todos voc\u00eas!&nbsp; Obrigado a voc\u00ea, Jo\u00e3o Costa, que tamb\u00e9m est\u00e1 sendo parte desse sonho! Todavia quero registrar, que tudo \u00e9 poss\u00edvel para quem n\u00e3o desiste e tem f\u00e9. Espero estar fazendo e venha fazer um trabalho incr\u00edvel para todo o povo brasileiro, como Miss e, enfatizar que n\u00e3o \u00e9 s\u00f3 uma faixa e uma coroa. Quero, sobretudo ser a ponte para concretiza\u00e7\u00e3o de novos sonhos e s\u00f3 aceitei isso porque acredito em pessoas.<\/p>\n\n\n\n<p>Fotos: divulga\u00e7\u00e3o<\/p>\n","protected":false},"excerpt":{"rendered":"<p>&nbsp;&nbsp;&nbsp; L\u00edvia Rodrigues \u00e9 Miss Santa Catarina 2023 pela franquia Supranational, \u00e9 Miss Personalidade, \u00e9&#8230;<\/p>\n","protected":false},"author":2,"featured_media":10136,"comment_status":"closed","ping_status":"open","sticky":false,"template":"","format":"standard","meta":{"om_disable_all_campaigns":false,"_monsterinsights_skip_tracking":false,"_monsterinsights_sitenote_active":false,"_monsterinsights_sitenote_note":"","_monsterinsights_sitenote_category":0,"spay_email":""},"categories":[26,31,1],"tags":[718,722,719,720,721],"jetpack_featured_media_url":"https:\/\/vimagazine.com.br\/wp-content\/uploads\/2023\/08\/6c19da44-3b02-4e60-a80b-f08b0f8416a9.jpg","_links":{"self":[{"href":"https:\/\/vimagazine.com.br\/index.php?rest_route=\/wp\/v2\/posts\/10135"}],"collection":[{"href":"https:\/\/vimagazine.com.br\/index.php?rest_route=\/wp\/v2\/posts"}],"about":[{"href":"https:\/\/vimagazine.com.br\/index.php?rest_route=\/wp\/v2\/types\/post"}],"author":[{"embeddable":true,"href":"https:\/\/vimagazine.com.br\/index.php?rest_route=\/wp\/v2\/users\/2"}],"replies":[{"embeddable":true,"href":"https:\/\/vimagazine.com.br\/index.php?rest_route=%2Fwp%2Fv2%2Fcomments&post=10135"}],"version-history":[{"count":2,"href":"https:\/\/vimagazine.com.br\/index.php?rest_route=\/wp\/v2\/posts\/10135\/revisions"}],"predecessor-version":[{"id":10143,"href":"https:\/\/vimagazine.com.br\/index.php?rest_route=\/wp\/v2\/posts\/10135\/revisions\/10143"}],"wp:featuredmedia":[{"embeddable":true,"href":"https:\/\/vimagazine.com.br\/index.php?rest_route=\/wp\/v2\/media\/10136"}],"wp:attachment":[{"href":"https:\/\/vimagazine.com.br\/index.php?rest_route=%2Fwp%2Fv2%2Fmedia&parent=10135"}],"wp:term":[{"taxonomy":"category","embeddable":true,"href":"https:\/\/vimagazine.com.br\/index.php?rest_route=%2Fwp%2Fv2%2Fcategories&post=10135"},{"taxonomy":"post_tag","embeddable":true,"href":"https:\/\/vimagazine.com.br\/index.php?rest_route=%2Fwp%2Fv2%2Ftags&post=10135"}],"curies":[{"name":"wp","href":"https:\/\/api.w.org\/{rel}","templated":true}]}}