{"id":10164,"date":"2023-08-16T17:14:23","date_gmt":"2023-08-16T20:14:23","guid":{"rendered":"https:\/\/vimagazine.com.br\/?p=10164"},"modified":"2023-08-16T17:14:27","modified_gmt":"2023-08-16T20:14:27","slug":"deixa-se-envolver-de-melanina-carioca-viraliza-na-internet-e-encanta-tambem-publico-da-nova-geracao","status":"publish","type":"post","link":"https:\/\/vimagazine.com.br\/?p=10164","title":{"rendered":"\u201cDeixa Se Envolver\u201d, de Melanina Carioca, viraliza na internet e encanta tamb\u00e9m p\u00fablico da nova gera\u00e7\u00e3o\u00a0"},"content":{"rendered":"\n<p class=\"has-text-align-center\">Com mais de 2.415.008 de streamings nos \u00faltimos 30 dias, a can\u00e7\u00e3o volta \u00e0 cena musical com trend de dancinha<\/p>\n\n\n\n<p class=\"has-text-align-center\">\u201c<em>D\u00ea\u2026 d\u00ea\u2026 Deixa se envolver!\u201d <\/em>O adolescente que habita em mim sa\u00fada o adolescente que habita em voc\u00ea! O ano de 2023 ficou marcado pela volta da cena musical de muitas bandas que marcaram gera\u00e7\u00f5es. O grupo Melanina Carioca, que desde a sua primeira forma\u00e7\u00e3o nunca saiu do cora\u00e7\u00e3o dos brasileiros que se deixaram envolver pelo sonho de jovens artistas talentosos do Morro do Vidigal\/RJ, voltou ao topo das paradas de sucesso.<\/p>\n\n\n\n<p class=\"has-text-align-center\">Arnaldo Jr. como diretor musical e o m\u00fasico Dudu Senna (baterista da banda), remanescentes desde as forma\u00e7\u00f5es mais antigas,&nbsp; garantem que a chama do Melanina Carioca JAMAIS deixou de arder em suas vidas, e ao lado dos cantores Heverton Castro, Juju Lopes, Rafa Rodrigues, APri e Simone Brown, comp\u00f5em a nova forma\u00e7\u00e3o desse excepcional grupo, que recentemente gravou um DVD lindo com releitura dos cl\u00e1ssicos e novos hits, e mant\u00e9m vivo o balan\u00e7o envolvente que tornou a marca t\u00e3o famosa e reconhecida por onde passa.<\/p>\n\n\n\n<p class=\"has-text-align-center\">Os &#8220;Melaniners&#8221;, como carinhosamente s\u00e3o chamados os f\u00e3s que atravessaram todos esses anos com a banda, viralizaram a m\u00fasica &#8220;Deixa Se Envolver&#8221; , promovendo uma dancinha colaborativa no TikTok em uma trend nost\u00e1lgica. <\/p>\n\n\n\n<p class=\"has-text-align-center\">Relembrando assim, um tempo importante que ficou marcado pelo som do grupo. Com isso, a nova gera\u00e7\u00e3o da marca Melanina Carioca ficou em evid\u00eancia, e o single atingiu nos \u00faltimos 30 dias mais de 2.415.008 de streamings, com picos de 21 mil reprodu\u00e7\u00f5es em um \u00fanico dia, como apontam os indicadores das plataformas digitais dos mais de 3M de streamings que a faixa possui.<\/p>\n\n\n\n<p class=\"has-text-align-center\">Para saber mais, acesse:<a href=\"https:\/\/www.instagram.com\/melaninacariocaoficial\/\" rel=\"noreferrer noopener\" target=\"_blank\"> @melaninacariocaoficial<\/a><\/p>\n\n\n\n<p class=\"has-text-align-center\"><strong>Contatos Imprensa<\/strong><\/p>\n\n\n\n<p class=\"has-text-align-center\">Carol Freitas Assessoria<\/p>\n\n\n\n<p class=\"has-text-align-center\">Ana Carolina de Freitas \u2013 11 98110-6493<\/p>\n\n\n\n<p class=\"has-text-align-center\"><a href=\"mailto:Carolfreitas.jornalista@gmail.com\" target=\"_blank\" rel=\"noreferrer noopener\">Carolfreitas.jornalista<\/a>@edu-oliveira<\/p>\n\n\n\n<p class=\"has-text-align-center\"><strong>GIOVANNA DO VALE<\/strong><\/p>\n\n\n\n<p class=\"has-text-align-center\">Assessora de Imprensa<\/p>\n","protected":false},"excerpt":{"rendered":"<p>Com mais de 2.415.008 de streamings nos \u00faltimos 30 dias, a can\u00e7\u00e3o volta \u00e0 cena&#8230;<\/p>\n","protected":false},"author":3,"featured_media":10165,"comment_status":"closed","ping_status":"open","sticky":false,"template":"","format":"standard","meta":{"om_disable_all_campaigns":false,"_monsterinsights_skip_tracking":false,"_monsterinsights_sitenote_active":false,"_monsterinsights_sitenote_note":"","_monsterinsights_sitenote_category":0,"spay_email":""},"categories":[1],"tags":[],"jetpack_featured_media_url":"https:\/\/vimagazine.com.br\/wp-content\/uploads\/2023\/08\/IMG_5438-e1692216606922.jpg","_links":{"self":[{"href":"https:\/\/vimagazine.com.br\/index.php?rest_route=\/wp\/v2\/posts\/10164"}],"collection":[{"href":"https:\/\/vimagazine.com.br\/index.php?rest_route=\/wp\/v2\/posts"}],"about":[{"href":"https:\/\/vimagazine.com.br\/index.php?rest_route=\/wp\/v2\/types\/post"}],"author":[{"embeddable":true,"href":"https:\/\/vimagazine.com.br\/index.php?rest_route=\/wp\/v2\/users\/3"}],"replies":[{"embeddable":true,"href":"https:\/\/vimagazine.com.br\/index.php?rest_route=%2Fwp%2Fv2%2Fcomments&post=10164"}],"version-history":[{"count":1,"href":"https:\/\/vimagazine.com.br\/index.php?rest_route=\/wp\/v2\/posts\/10164\/revisions"}],"predecessor-version":[{"id":10166,"href":"https:\/\/vimagazine.com.br\/index.php?rest_route=\/wp\/v2\/posts\/10164\/revisions\/10166"}],"wp:featuredmedia":[{"embeddable":true,"href":"https:\/\/vimagazine.com.br\/index.php?rest_route=\/wp\/v2\/media\/10165"}],"wp:attachment":[{"href":"https:\/\/vimagazine.com.br\/index.php?rest_route=%2Fwp%2Fv2%2Fmedia&parent=10164"}],"wp:term":[{"taxonomy":"category","embeddable":true,"href":"https:\/\/vimagazine.com.br\/index.php?rest_route=%2Fwp%2Fv2%2Fcategories&post=10164"},{"taxonomy":"post_tag","embeddable":true,"href":"https:\/\/vimagazine.com.br\/index.php?rest_route=%2Fwp%2Fv2%2Ftags&post=10164"}],"curies":[{"name":"wp","href":"https:\/\/api.w.org\/{rel}","templated":true}]}}