{"id":10167,"date":"2023-08-17T00:26:28","date_gmt":"2023-08-17T03:26:28","guid":{"rendered":"https:\/\/vimagazine.com.br\/?p=10167"},"modified":"2023-08-17T00:26:31","modified_gmt":"2023-08-17T03:26:31","slug":"miss-brasil-mirim-conquista-novo-titulo-em-curitiba-e-fala-sobre-suas-perspectivas","status":"publish","type":"post","link":"https:\/\/vimagazine.com.br\/?p=10167","title":{"rendered":"Miss Brasil Mirim conquista novo t\u00edtulo em Curitiba e fala sobre suas perspectivas"},"content":{"rendered":"\n<p><\/p>\n\n\n\n<p><strong>\u00a0\u00a0 \u00a0Ana Clara<\/strong> \u00e9 atriz \u00e9 Miss Brasil Infantil Teen &#8211; Curitiba, Miss Brasil Mirim Caf\u00e9 2020, Rainha das Misses 2023 e Musa da beleza 2023. Com experi\u00eancias nas passarelas, teve participa\u00e7\u00e3o em novelas e s\u00e9ries desde os seus 4 anos de idade, no curta metragem, \u201c<strong>Com Amor e Letras<\/strong>\u201d da produtora <strong>BR People<\/strong>, onde contracenou com o ator Paulo Goulart Filho e com Marianna Santos da novela \u201c<strong>Carrossel<\/strong>\u201d do <strong>SBT<\/strong>; em 2022 interpretou \u201cSafira\u201d em \u201c<strong>Enigma 3\u201d da produtora GS Casting<\/strong>, e atualmente est\u00e1 em fase de grava\u00e7\u00f5es para viver \u201c<strong>Lanna<\/strong>\u201d, personagem que interpretar\u00e1 em \u201c<strong>Patrulha do Bem<\/strong>\u201d da <strong>Agency Select Brazil<\/strong>, com estreia em breve nas plataformas digitais.<\/p>\n\n\n\n<figure class=\"wp-block-image size-large\"><img width=\"683\" height=\"1024\" src=\"https:\/\/vimagazine.com.br\/wp-content\/uploads\/2023\/08\/444fdee1-bd77-4686-84f7-f8bb944ae643-683x1024.jpg\" alt=\"\" class=\"wp-image-10168\" srcset=\"https:\/\/vimagazine.com.br\/wp-content\/uploads\/2023\/08\/444fdee1-bd77-4686-84f7-f8bb944ae643-683x1024.jpg 683w, https:\/\/vimagazine.com.br\/wp-content\/uploads\/2023\/08\/444fdee1-bd77-4686-84f7-f8bb944ae643-200x300.jpg 200w, https:\/\/vimagazine.com.br\/wp-content\/uploads\/2023\/08\/444fdee1-bd77-4686-84f7-f8bb944ae643-768x1152.jpg 768w, https:\/\/vimagazine.com.br\/wp-content\/uploads\/2023\/08\/444fdee1-bd77-4686-84f7-f8bb944ae643.jpg 864w\" sizes=\"(max-width: 683px) 100vw, 683px\" \/><\/figure>\n\n\n\n<p>&nbsp; &nbsp;Para falar sobre sua recente conquista do segundo lugar, no Miss Brasil Infantil Teen em Curitiba, eu tive um bate-papo com a Atriz e modelo mirim, Ana Clara.<\/p>\n\n\n\n<p><strong><em>Como foi ter participado e conquistado o 2\u00b0 lugar no Miss Brasil Infantil Teen em Curitiba?<\/em><\/strong><\/p>\n\n\n\n<p>&nbsp;&nbsp;<strong>R:<\/strong> Foi a realiza\u00e7\u00e3o de um sonho, nem acreditei quando ouvi, chorei muito, rs. Foi uma grande conquista para mim e um momento de muito aprendizado.<\/p>\n\n\n\n<p><strong><em>Qual a sua avalia\u00e7\u00e3o do Miss Brasil Infantil Teen e qual a import\u00e2ncia dos seus patrocinadores?<\/em><\/strong><\/p>\n\n\n\n<p>&nbsp;&nbsp;<strong>R: <\/strong>Sem o apoio dos patrocinadores seria imposs\u00edvel participar, por isso valorizo e sou muito grata pela colabora\u00e7\u00e3o de todos. Participar do evento foi uma oportunidade de grande aprendizado que vou levar para a vida toda.<\/p>\n\n\n\n<p><strong><em>Quais foram as conquistas obtidas a partir da sua participa\u00e7\u00e3o no Miss Brasil Infantil e Teen Curitiba?<\/em><\/strong><\/p>\n\n\n\n<p>&nbsp;<strong>R: <\/strong>Al\u00e9m do aprendizado e classifica\u00e7\u00e3o para o <strong>Internacional Miss Little Nations<\/strong>, ganhei visibilidade e bagagem para participar de outros eventos e, estou recebendo v\u00e1rios convites.<\/p>\n\n\n\n<p><strong><em>Como foi para voc\u00ea, representar a sua cidade de Tr\u00eas Pontas &#8211; Minas Gerais?<\/em><\/strong><\/p>\n\n\n\n<p>&nbsp;&nbsp;<strong>R:<\/strong> Amo a minha cidade, e toda vez que represento, Tr\u00eas Pontas, \u00e9 uma grande emo\u00e7\u00e3o e responsabilidade.<\/p>\n\n\n\n<p><strong><em>Qual a import\u00e2ncia dos seus pais na sua carreira?<\/em><\/strong><\/p>\n\n\n\n<p>&nbsp;<strong>R:<\/strong> Meus pais s\u00e3o tudo para mim, devo tudo a eles, representam for\u00e7a, prote\u00e7\u00e3o e amor.<\/p>\n\n\n\n<p><strong><em>Quais s\u00e3o as suas perspectivas para o futuro enquanto Miss?<\/em><\/strong><\/p>\n\n\n\n<p>&nbsp;<strong>R: <\/strong>Quero aprender cada vez mais, buscar experi\u00eancia e me aprimorar para seguir participando de outros concursos.<\/p>\n\n\n\n<p><strong><em>Quais as suas redes sociais?<\/em><\/strong><\/p>\n\n\n\n<p>&nbsp;<strong>R:<\/strong> Tenho meu Instagram <a href=\"https:\/\/www.instagram.com\/anaclara.oliveira.miranda\/\">anaclara.oliveira.miranda<\/a><\/p>\n\n\n\n<p>Foto: divulga\u00e7\u00e3o<\/p>\n","protected":false},"excerpt":{"rendered":"<p>\u00a0\u00a0 \u00a0Ana Clara \u00e9 atriz \u00e9 Miss Brasil Infantil Teen &#8211; Curitiba, Miss Brasil Mirim&#8230;<\/p>\n","protected":false},"author":2,"featured_media":10169,"comment_status":"closed","ping_status":"open","sticky":false,"template":"","format":"standard","meta":{"om_disable_all_campaigns":false,"_monsterinsights_skip_tracking":false,"_monsterinsights_sitenote_active":false,"_monsterinsights_sitenote_note":"","_monsterinsights_sitenote_category":0,"spay_email":""},"categories":[26,31,1],"tags":[703,699,724,723],"jetpack_featured_media_url":"https:\/\/vimagazine.com.br\/wp-content\/uploads\/2023\/08\/07625c70-a0a0-44b7-aee0-33566d2b920d.jpg","_links":{"self":[{"href":"https:\/\/vimagazine.com.br\/index.php?rest_route=\/wp\/v2\/posts\/10167"}],"collection":[{"href":"https:\/\/vimagazine.com.br\/index.php?rest_route=\/wp\/v2\/posts"}],"about":[{"href":"https:\/\/vimagazine.com.br\/index.php?rest_route=\/wp\/v2\/types\/post"}],"author":[{"embeddable":true,"href":"https:\/\/vimagazine.com.br\/index.php?rest_route=\/wp\/v2\/users\/2"}],"replies":[{"embeddable":true,"href":"https:\/\/vimagazine.com.br\/index.php?rest_route=%2Fwp%2Fv2%2Fcomments&post=10167"}],"version-history":[{"count":1,"href":"https:\/\/vimagazine.com.br\/index.php?rest_route=\/wp\/v2\/posts\/10167\/revisions"}],"predecessor-version":[{"id":10170,"href":"https:\/\/vimagazine.com.br\/index.php?rest_route=\/wp\/v2\/posts\/10167\/revisions\/10170"}],"wp:featuredmedia":[{"embeddable":true,"href":"https:\/\/vimagazine.com.br\/index.php?rest_route=\/wp\/v2\/media\/10169"}],"wp:attachment":[{"href":"https:\/\/vimagazine.com.br\/index.php?rest_route=%2Fwp%2Fv2%2Fmedia&parent=10167"}],"wp:term":[{"taxonomy":"category","embeddable":true,"href":"https:\/\/vimagazine.com.br\/index.php?rest_route=%2Fwp%2Fv2%2Fcategories&post=10167"},{"taxonomy":"post_tag","embeddable":true,"href":"https:\/\/vimagazine.com.br\/index.php?rest_route=%2Fwp%2Fv2%2Ftags&post=10167"}],"curies":[{"name":"wp","href":"https:\/\/api.w.org\/{rel}","templated":true}]}}