{"id":10186,"date":"2023-08-20T19:01:15","date_gmt":"2023-08-20T22:01:15","guid":{"rendered":"https:\/\/vimagazine.com.br\/?p=10186"},"modified":"2023-08-20T19:01:15","modified_gmt":"2023-08-20T22:01:15","slug":"ana-bittar-prestigiou-a-feira-pet-south-america","status":"publish","type":"post","link":"https:\/\/vimagazine.com.br\/?p=10186","title":{"rendered":"Ana Bittar prestigiou a feira Pet South America"},"content":{"rendered":"\n<p>A&nbsp;jornalista e&nbsp;artista pl\u00e1stica Ana Bittar esteve presente na maior feira do segmento Pet&nbsp;Vet, a Pet South&nbsp;America, realizada no pavilh\u00e3o da Expo S\u00e3o Paulo na Rodovia dos Imigrantes.&nbsp;<\/p>\n\n\n\n<p>Ana visitou a feira para saber das novidades do mercado pet e rever alguns amigos.&nbsp;<\/p>\n\n\n\n<p>\u201c\u00c9 um mercado que cresce a cada dia e as novidades s\u00e3o in\u00fameras para os lojistas e empreendedores. Quem ganha com isso S\u00e3o os tutores e os pets. S\u00e3o tr\u00eas dias de muito aprendizado e network. Valeu a pena.&nbsp;&#8211; disse Ana&nbsp;<\/p>\n\n\n\n<p>Ana Bittar \u00e9 tamb\u00e9m a CEO do&nbsp;PortalPetNews&nbsp;&nbsp;onde est\u00e3o as principais not\u00edcias do Mundo Pet&nbsp;<\/p>\n\n\n\n<p><a href=\"https:\/\/www.portalpetnews.com.br\/\">https:\/\/www.portalpetnews.com.br\/<\/a><\/p>\n","protected":false},"excerpt":{"rendered":"<p>A&nbsp;jornalista e&nbsp;artista pl\u00e1stica Ana Bittar esteve presente na maior feira do segmento Pet&nbsp;Vet, a Pet&#8230;<\/p>\n","protected":false},"author":19,"featured_media":10187,"comment_status":"closed","ping_status":"open","sticky":false,"template":"","format":"standard","meta":{"om_disable_all_campaigns":false,"_monsterinsights_skip_tracking":false,"_monsterinsights_sitenote_active":false,"_monsterinsights_sitenote_note":"","_monsterinsights_sitenote_category":0,"spay_email":""},"categories":[26],"tags":[],"jetpack_featured_media_url":"https:\/\/vimagazine.com.br\/wp-content\/uploads\/2023\/08\/IMG_20230817_165339.jpg","_links":{"self":[{"href":"https:\/\/vimagazine.com.br\/index.php?rest_route=\/wp\/v2\/posts\/10186"}],"collection":[{"href":"https:\/\/vimagazine.com.br\/index.php?rest_route=\/wp\/v2\/posts"}],"about":[{"href":"https:\/\/vimagazine.com.br\/index.php?rest_route=\/wp\/v2\/types\/post"}],"author":[{"embeddable":true,"href":"https:\/\/vimagazine.com.br\/index.php?rest_route=\/wp\/v2\/users\/19"}],"replies":[{"embeddable":true,"href":"https:\/\/vimagazine.com.br\/index.php?rest_route=%2Fwp%2Fv2%2Fcomments&post=10186"}],"version-history":[{"count":1,"href":"https:\/\/vimagazine.com.br\/index.php?rest_route=\/wp\/v2\/posts\/10186\/revisions"}],"predecessor-version":[{"id":10188,"href":"https:\/\/vimagazine.com.br\/index.php?rest_route=\/wp\/v2\/posts\/10186\/revisions\/10188"}],"wp:featuredmedia":[{"embeddable":true,"href":"https:\/\/vimagazine.com.br\/index.php?rest_route=\/wp\/v2\/media\/10187"}],"wp:attachment":[{"href":"https:\/\/vimagazine.com.br\/index.php?rest_route=%2Fwp%2Fv2%2Fmedia&parent=10186"}],"wp:term":[{"taxonomy":"category","embeddable":true,"href":"https:\/\/vimagazine.com.br\/index.php?rest_route=%2Fwp%2Fv2%2Fcategories&post=10186"},{"taxonomy":"post_tag","embeddable":true,"href":"https:\/\/vimagazine.com.br\/index.php?rest_route=%2Fwp%2Fv2%2Ftags&post=10186"}],"curies":[{"name":"wp","href":"https:\/\/api.w.org\/{rel}","templated":true}]}}