{"id":10193,"date":"2023-08-20T21:55:51","date_gmt":"2023-08-21T00:55:51","guid":{"rendered":"https:\/\/vimagazine.com.br\/?p=10193"},"modified":"2023-08-20T22:12:22","modified_gmt":"2023-08-21T01:12:22","slug":"exclusivo-luciano-szafir-vence-a-covid-fala-sobre-a-sua-recuperacao-e-revela-os-seus-projetos-para-o-futuro","status":"publish","type":"post","link":"https:\/\/vimagazine.com.br\/?p=10193","title":{"rendered":"Exclusivo: Luciano Szafir vence a Covid, fala sobre a sua recupera\u00e7\u00e3o e revela os seus projetos para o futuro"},"content":{"rendered":"\n<p><\/p>\n\n\n\n<p><strong>&nbsp;&nbsp; Luciano Szafir<\/strong>, nasceu em S\u00e3o Paulo, \u00e9 Ator, Apresentador e ex-modelo. Szafir trabalhou na televis\u00e3o, em Anjo Mau, Labirinto, Malha\u00e7\u00e3o, Uga Uga, Aquarela do Brasil, O Clone, Os Dez Mandamentos, dentre in\u00fameros outros. O ator \u00e9 filho dos empres\u00e1rios Beth Szafir e Gabriel Szafir, descendentes da linhagem dos&nbsp;judeus asquenazes provenientes da Pol\u00f4nia.<\/p>\n\n\n\n<p>&nbsp;&nbsp; O ator revela como superou a Covid, discorre um pouco dos momentos que vivenciou entre a vida e a morte e, fala dentre outras coisas, sobre os seus projetos para o futuro.<\/p>\n\n\n\n<p><strong><em>Como foi e quanto tempo durou o seu processo de recupera\u00e7\u00e3o ap\u00f3s contrair a Covid?<\/em><\/strong><\/p>\n\n\n\n<p>&nbsp;&nbsp;<strong>R:<\/strong> N\u00e3o, o processo de recupera\u00e7\u00e3o do Covid foi muito mais longo do que eu esperava, n\u00e9? Porque eu passei por uma s\u00e9rie de coisas, eu posso falar que faz dois anos e meio j\u00e1 praticamente que eu estou me cuidando em hospitais e em outras coisas por quest\u00f5es do Covid, por sequelas do Covid.<\/p>\n\n\n\n<p><strong><em>&nbsp;Como voc\u00ea avalia o sentido da vida ap\u00f3s todos esses desafios?<\/em><\/strong><\/p>\n\n\n\n<p>&nbsp;&nbsp; <strong>R:<\/strong>&nbsp; Eu sempre cuidei muito, eu sempre pensei com muito carinho o que importa e o que n\u00e3o importa. Eu sempre tive princ\u00edpios nessas minhas decis\u00f5es, mas, literalmente, quando voc\u00ea est\u00e1 no hospital, muito mal, sabendo que pode ser que voc\u00ea n\u00e3o passe o dia seguinte, voc\u00ea realmente passa a dar valor para as pequenas coisas que voc\u00ea est\u00e1 impossibilitado. Sabe, que n\u00e3o s\u00e3o pequenas coisas, s\u00e3o coisas gigantes, que \u00e9 voc\u00ea poder dar um beijo \u00e0 sua mulher, agarrar teus filhos, tomar um copo d &#8216;\u00e1gua, que eu n\u00e3o estava me alimentando, n\u00e3o estava podendo beber \u00e1gua durante mais de 40 dias, poder comer um sandu\u00edche, poder caminhar, isso eu ainda fiquei um bom tempo em cadeira de rodas, poder caminhar, poder tomar um banho sozinho, sem ajuda de ningu\u00e9m, esse tipo de coisa. Ent\u00e3o, a gente aprende que a gente \u00e9 muito fr\u00e1gil, ent\u00e3o, eu acho que hoje \u00e9 n\u00e3o deixar nada para o dia seguinte. \u00c9 que a gente n\u00e3o sabe como \u00e9 que \u00e9 o dia seguinte.<\/p>\n\n\n\n<p><strong><em>&nbsp;Em algum momento voc\u00ea pensou que poderia n\u00e3o sobreviver? Teve medo?<\/em><\/strong><\/p>\n\n\n\n<p>&nbsp; <strong>R:<\/strong>&nbsp; Sim, pelo menos em tr\u00eas momentos. Durante esses meses, esses momentos no hospital, no hospital tiveram tr\u00eas momentos que eu achei que realmente eu podia ir embora e n\u00e3o ia&#8230; E a palavra n\u00e3o foi, n\u00e3o era medo, \u00e9 p\u00e2nico. P\u00e2nico, porque a gente nunca est\u00e1 pronto, n\u00e9? Nem&#8230;, mas nem de perto a gente t\u00e1 pronto pra ir embora. A gente tem muita gente que a gente ama e a gente mesmo, n\u00e9? Eu queria fazer muitas coisas ainda. Ent\u00e3o n\u00e3o. \u00c9 horr\u00edvel.<\/p>\n\n\n\n<p><strong><em>Qual a import\u00e2ncia que teve a presen\u00e7a da sua fam\u00edlia e amigos na sua recupera\u00e7\u00e3o?<\/em><\/strong><\/p>\n\n\n\n<p>&nbsp;&nbsp; <strong>R:<\/strong>&nbsp; Amigos e fam\u00edlia foram de grande import\u00e2ncia, de suma relev\u00e2ncia na minha recupera\u00e7\u00e3o e na minha luta pela vida l\u00e1 dentro, principalmente a fam\u00edlia, n\u00e9? Eu pensava nas pessoas que eu amo, quando \u00e9 um dos momentos mais dif\u00edceis, quando eu queria desistir, e falava, n\u00e3o, desistir n\u00e3o \u00e9 uma op\u00e7\u00e3o. Eu pensava neles, e essa era a minha, meu pensamento, n\u00e3o \u00e9 uma op\u00e7\u00e3o.<\/p>\n\n\n\n<p><strong><em>&nbsp;Voc\u00ea continua fazendo algum tratamento? Como foi para voc\u00ea ter que usar a bolsa de colostomia?<\/em><\/strong><\/p>\n\n\n\n<p>&nbsp;&nbsp;&nbsp; <strong>R:<\/strong>&nbsp;&nbsp; Tratamento n\u00e3o, mas deixa muitas sequelas, n\u00e9? Eu tive uma artrose acelerada que foi por causa do Covid, por tanto corticoide que eu tomei. Ent\u00e3o eu fa\u00e7o fisioterapia l\u00e1 no Univaldo Baldo, uma piscina maravilhosa de 41 graus, e depois eu saio dessa nada dentro dela, e depois eu saio por uma piscina de \u00e1gua gelada que ele tem l\u00e1 tamb\u00e9m. Fora isso, outras fisioterapias, fora isso, ainda de vez em quando fa\u00e7o exerc\u00edcio respirat\u00f3rio, porque fiquei 85% do pulm\u00e3o tomado, e devido \u00e0s cirurgias que eu tive que botar duas pr\u00f3teses no quadril, ent\u00e3o ainda tomo anticoagulante, enfim, tem que estar cuidando o tempo todo.<\/p>\n\n\n\n<p>&nbsp;&#8211; Quanto \u00e0 bolsa de colostomia eu acho que eu levei numa super boa, olhando pra tr\u00e1s hoje eu vejo qu\u00e3o dif\u00edcil foi, porque n\u00e3o \u00e9 f\u00e1cil, voc\u00ea tem a hist\u00f3ria da dor, voc\u00ea tem a hist\u00f3ria da sa\u00fade, voc\u00ea tem a hist\u00f3ria da vaidade, voc\u00ea tem uma s\u00e9rie de coisas a\u00ed, voc\u00ea tem algumas lutas a\u00ed pela frente, ent\u00e3o, mas foi muito bom, foi maravilhoso a bolsa de colostomia porque eu entendi e acho que eu pude ter voz a\u00ed pra isso, acho que muita gente que tem bolsa de colostomia se sente muito mal e acho que eu pude ajudar, se eu pudesse ajudar uma pessoa s\u00f3 j\u00e1 valia a pena.<\/p>\n\n\n\n<p><strong><em>Como est\u00e3o os teus trabalhos como ator e em outros segmentos?<\/em><\/strong><\/p>\n\n\n\n<p>&nbsp;&nbsp;&nbsp; <strong>R:<\/strong>&nbsp; Eu sou supersticioso, n\u00e3o gosto de come\u00e7ar a falar antes de acontecer, mas tem pe\u00e7a de teatro, eu tenho duas, ou tr\u00eas, filme tem dois, est\u00e1 sendo retirada uma possibilidade de televis\u00e3o como apresentador e como ator, em dois lugares diferentes, mas vamos esperar, estou focando na sa\u00fade agora, o que vier vai ser bem-vindo.<\/p>\n\n\n\n<p>&nbsp;&nbsp; &#8211;&nbsp; Tamb\u00e9m estou criando um instituto para fomentar a leitura no nosso pa\u00eds. Tenho trabalhado bastante com educa\u00e7\u00e3o, durante a pandemia e ap\u00f3s a pandemia, ent\u00e3o agora \u00e9 que eu vou voltar a atuar, mas isso a\u00ed, eu descobri um prazer incr\u00edvel de trabalhar com educa\u00e7\u00e3o, sempre li muito, sempre gostei muito de leitura. E o Brasil est\u00e1 muito defasado. Hoje em dia, o brasileiro l\u00ea uma m\u00e9dia de 2 ,5 livros por ano, enquanto na Fran\u00e7a s\u00e3o 20, s\u00f3 para voc\u00eas terem uma no\u00e7\u00e3o da diferen\u00e7a.<\/p>\n\n\n\n<p><strong><em>&nbsp; Qual ou quais as li\u00e7\u00f5es que ficam depois de todas essas experi\u00eancias?<\/em><\/strong><\/p>\n\n\n\n<p>&nbsp;&nbsp;&nbsp;&nbsp; <strong>R:<\/strong>&nbsp; Ah, depois de toda essa experi\u00eancia, eles s\u00e3o que fica principalmente uma s\u00f3, entendeu? Ame, ame, mas ame muito, n\u00e3o deixe para amanh\u00e3 nada, sabe? Voc\u00ea n\u00e3o sabe o dia de amanh\u00e3, simplesmente se levanta, mesmo quando voc\u00ea n\u00e3o est\u00e1 com vontade de fazer, levanta-se e faz, porque amanh\u00e3 voc\u00ea pode n\u00e3o fazer, voc\u00ea faz assim, nossa, quando eu estava, quando eu podia, quando eu tinha possibilidade f\u00edsica e mental para fazer, eu n\u00e3o fiz porque estava com pregui\u00e7a ou por alguma outra raz\u00e3o. Como eu queria voltar ao tempo, eu pensei muito isso no hospital, quando eu n\u00e3o conseguia andar, quando eu n\u00e3o conseguia falar, quando eu n\u00e3o conseguia fazer nada, eu falei quando eu voltar vai ser diferente e realmente est\u00e1 sendo.<\/p>\n\n\n\n<p><strong><em>Qual o seu site ou redes sociais nas quais as pessoas podem te acompanhar?<\/em><\/strong><\/p>\n\n\n\n<p><a href=\"https:\/\/www.instagram.com\/szafiroficial\/\">https:\/\/www.instagram.com\/szafiroficial\/<\/a><\/p>\n\n\n\n<p><a href=\"https:\/\/www.ljsdistribuidor.com.br\/\">https:\/\/www.ljsdistribuidor.com.br\/<\/a><\/p>\n\n\n\n<p><strong><em>Quais as suas considera\u00e7\u00f5es finais?<\/em><\/strong><\/p>\n\n\n\n<p><strong>R:<\/strong>&nbsp;&nbsp; Considera\u00e7\u00e3o final. Na hora que voc\u00ea for embora, voc\u00ea n\u00e3o leva nada. Voc\u00ea n\u00e3o leva carro, n\u00e3o leva apartamento, n\u00e3o leva casa. Daqui a alguns anos vai ter gente morando na sua casa. Daqui a 50 anos vai ter gente morando na sua casa. Provavelmente n\u00e3o v\u00e3o lembrar quem voc\u00ea \u00e9 ou foi. Ent\u00e3o desapega. Desapega, realmente. Se apega a coisas do cora\u00e7\u00e3o. A sua fam\u00edlia, seus amores, seus amigos. Sabe? \u00c9 isso que vale a pena. O resto \u00e9 resto.<\/p>\n\n\n\n<p>Foto: reprodu\u00e7\u00e3o da internet<\/p>\n","protected":false},"excerpt":{"rendered":"<p>&nbsp;&nbsp; Luciano Szafir, nasceu em S\u00e3o Paulo, \u00e9 Ator, Apresentador e ex-modelo. Szafir trabalhou na&#8230;<\/p>\n","protected":false},"author":2,"featured_media":10194,"comment_status":"closed","ping_status":"open","sticky":false,"template":"","format":"standard","meta":{"om_disable_all_campaigns":false,"_monsterinsights_skip_tracking":false,"_monsterinsights_sitenote_active":false,"_monsterinsights_sitenote_note":"","_monsterinsights_sitenote_category":0,"spay_email":""},"categories":[26,31],"tags":[417,725,421,726,727],"jetpack_featured_media_url":"https:\/\/vimagazine.com.br\/wp-content\/uploads\/2023\/08\/034f3a07-a3fa-4e51-b68e-2e273a140e8b.jpg","_links":{"self":[{"href":"https:\/\/vimagazine.com.br\/index.php?rest_route=\/wp\/v2\/posts\/10193"}],"collection":[{"href":"https:\/\/vimagazine.com.br\/index.php?rest_route=\/wp\/v2\/posts"}],"about":[{"href":"https:\/\/vimagazine.com.br\/index.php?rest_route=\/wp\/v2\/types\/post"}],"author":[{"embeddable":true,"href":"https:\/\/vimagazine.com.br\/index.php?rest_route=\/wp\/v2\/users\/2"}],"replies":[{"embeddable":true,"href":"https:\/\/vimagazine.com.br\/index.php?rest_route=%2Fwp%2Fv2%2Fcomments&post=10193"}],"version-history":[{"count":2,"href":"https:\/\/vimagazine.com.br\/index.php?rest_route=\/wp\/v2\/posts\/10193\/revisions"}],"predecessor-version":[{"id":10196,"href":"https:\/\/vimagazine.com.br\/index.php?rest_route=\/wp\/v2\/posts\/10193\/revisions\/10196"}],"wp:featuredmedia":[{"embeddable":true,"href":"https:\/\/vimagazine.com.br\/index.php?rest_route=\/wp\/v2\/media\/10194"}],"wp:attachment":[{"href":"https:\/\/vimagazine.com.br\/index.php?rest_route=%2Fwp%2Fv2%2Fmedia&parent=10193"}],"wp:term":[{"taxonomy":"category","embeddable":true,"href":"https:\/\/vimagazine.com.br\/index.php?rest_route=%2Fwp%2Fv2%2Fcategories&post=10193"},{"taxonomy":"post_tag","embeddable":true,"href":"https:\/\/vimagazine.com.br\/index.php?rest_route=%2Fwp%2Fv2%2Ftags&post=10193"}],"curies":[{"name":"wp","href":"https:\/\/api.w.org\/{rel}","templated":true}]}}