{"id":10197,"date":"2023-08-21T15:07:01","date_gmt":"2023-08-21T18:07:01","guid":{"rendered":"https:\/\/vimagazine.com.br\/?p=10197"},"modified":"2023-08-21T15:07:05","modified_gmt":"2023-08-21T18:07:05","slug":"liga-academica-de-odontologia-da-unisociesc-realiza-acao-educativa-em-escola-estadual-de-blumenau","status":"publish","type":"post","link":"https:\/\/vimagazine.com.br\/?p=10197","title":{"rendered":"Liga Acad\u00eamica de Odontologia da UniSociesc realiza a\u00e7\u00e3o educativa em escola estadual de Blumenau"},"content":{"rendered":"\n<p class=\"has-text-align-center\"><em>No total, cerca de 300 crian\u00e7as v\u00e3o receber orienta\u00e7\u00f5es sobre higiene bucal. Pr\u00f3xima rodada ocorre nesta ter\u00e7a-feira<\/em><\/p>\n\n\n\n<p class=\"has-text-align-center\">A Liga Acad\u00eamica de Odontologia da UniSociesc de Blumenau deu in\u00edcio na \u00faltima semana \u00e0 primeira a\u00e7\u00e3o de orienta\u00e7\u00e3o de higiene bucal para crian\u00e7as, na Escola de Educa\u00e7\u00e3o B\u00e1sica Pedro II. Nesta ter\u00e7a-feira (22\/8) haver\u00e1 uma segunda rodada de atividades no per\u00edodo da manh\u00e3, a partir de 8h30, e no per\u00edodo da tarde, a partir de 14 horas. No total, cerca de 300 crian\u00e7as do ensino fundamental ser\u00e3o impactadas.<\/p>\n\n\n\n<p class=\"has-text-align-center\">Seis estudantes de odontologia da UniSociesc e uma professora estiveram na escola Pedro II nesta semana para dar orienta\u00e7\u00f5es sobre a necessidade de escova\u00e7\u00e3o, como se faz uma escova\u00e7\u00e3o correta, o que \u00e9 uma c\u00e1rie e porque ela precisa de tratamento, quais os alimentos que ajudam a prevenir a doen\u00e7a. As crian\u00e7as que precisarem de algum tipo de atendimento ser\u00e3o encaminhadas \u00e0 Cl\u00ednica de Sa\u00fade da UniSociesc, que est\u00e1 estruturada para atendimentos pedi\u00e1tricos.\u00a0<\/p>\n\n\n\n<figure class=\"wp-block-image size-large\"><img width=\"1024\" height=\"787\" src=\"https:\/\/vimagazine.com.br\/wp-content\/uploads\/2023\/08\/unnamed-2-1024x787.jpg\" alt=\"\" class=\"wp-image-10201\" srcset=\"https:\/\/vimagazine.com.br\/wp-content\/uploads\/2023\/08\/unnamed-2-1024x787.jpg 1024w, https:\/\/vimagazine.com.br\/wp-content\/uploads\/2023\/08\/unnamed-2-300x231.jpg 300w, https:\/\/vimagazine.com.br\/wp-content\/uploads\/2023\/08\/unnamed-2-768x590.jpg 768w, https:\/\/vimagazine.com.br\/wp-content\/uploads\/2023\/08\/unnamed-2.jpg 1194w\" sizes=\"(max-width: 1024px) 100vw, 1024px\" \/><\/figure>\n\n\n\n<p class=\"has-text-align-center\">Foi a dire\u00e7\u00e3o da escola que buscou a Liga Acad\u00eamica de Odontologia para fazer este trabalho educativo. Segundo o presidente da Liga, o estudante Matheus Dias de Miranda, o objetivo \u00e9 ampliar este tipo de a\u00e7\u00e3o na cidade de Blumenau. &#8220;Por mais que a conscientiza\u00e7\u00e3o sobre bons h\u00e1bitos de higiene bucal exista, a c\u00e1rie ainda \u00e9 uma doen\u00e7a comum na inf\u00e2ncia e precisa ser tratada. Na atividade que realizamos, as crian\u00e7as aprenderam sobre como melhorar o cuidado com os dentinhos e evitar a c\u00e1rie. E quem precisar de tratamento ser\u00e1 encaminhado&#8221;, explica.<\/p>\n\n\n\n<p class=\"has-text-align-center\">Segundo Matheus a Liga Acad\u00eamica de Odontologia da Unisociesc de Blumenau foi fundada no ano passado pelo interesse dos pr\u00f3prios acad\u00eamicos que querem aprimorar os conhecimentos e t\u00e9cnicas das mais diversas \u00e1reas da Odontologia, mas tamb\u00e9m querem gerar impacto positivo na sociedade. &#8220;A Liga tem o objetivo de trazer ensino, pesquisa e extens\u00e3o para acad\u00eamicos por meio de palestras, semin\u00e1rio, semanas acad\u00eamicas, projetos de pesquisa e extens\u00e3o, e tamb\u00e9m projetos m\u00e3o na massa. Os profissionais saem da faculdade mais preparados e a comunidade \u00e9 beneficiada&#8221;, destaca.<\/p>\n\n\n\n<figure class=\"wp-block-image size-large\"><img width=\"1024\" height=\"747\" src=\"https:\/\/vimagazine.com.br\/wp-content\/uploads\/2023\/08\/unnamed-4-1024x747.jpg\" alt=\"\" class=\"wp-image-10199\" srcset=\"https:\/\/vimagazine.com.br\/wp-content\/uploads\/2023\/08\/unnamed-4-1024x747.jpg 1024w, https:\/\/vimagazine.com.br\/wp-content\/uploads\/2023\/08\/unnamed-4-300x219.jpg 300w, https:\/\/vimagazine.com.br\/wp-content\/uploads\/2023\/08\/unnamed-4-768x560.jpg 768w, https:\/\/vimagazine.com.br\/wp-content\/uploads\/2023\/08\/unnamed-4.jpg 1126w\" sizes=\"(max-width: 1024px) 100vw, 1024px\" \/><\/figure>\n\n\n\n<p class=\"has-text-align-center\"><strong>Cr\u00e9ditos das fotos<\/strong><\/p>\n\n\n\n<p class=\"has-text-align-center\">Divulga\u00e7\u00e3o<\/p>\n\n\n\n<p class=\"has-text-align-center\"><strong>Sobre a UniSociesc<\/strong><\/p>\n\n\n\n<p class=\"has-text-align-center\"><em>Com voca\u00e7\u00e3o para inova\u00e7\u00e3o, ambientes maker, coworkings e espa\u00e7os que estimulam a troca de conhecimentos e experi\u00eancias, a UniSociesc \u00e9 reconhecida pelo MEC como a melhor institui\u00e7\u00e3o privada de ensino superior de Santa Catarina. Integrante do maior e mais inovador ecossistema de qualidade do Brasil, o Ecossistema \u00c2nima, h\u00e1 mais de 60 anos dedica-se a formar profissionais e transformar pessoas, desenvolvendo compet\u00eancias, talentos e carreiras.<\/em><\/p>\n\n\n\n<p class=\"has-text-align-center\"><em>Com unidades acad\u00eamicas nas cidades de Blumenau, Jaragu\u00e1 do Sul, Joinville (duas unidades) e S\u00e3o Bento do Sul, conta com ampla diversidade de cursos, s\u00e3o mais de 70 op\u00e7\u00f5es em seu portf\u00f3lio, e uma estrutura de laborat\u00f3rios diferenciada, sendo os mais completos e modernos entre as institui\u00e7\u00f5es de ensino da regi\u00e3o. A UniSociesc tamb\u00e9m contribui para democratiza\u00e7\u00e3o do Ensino Superior ao disponibilizar uma oferta de cursos digitais com diversos p\u00f3los dentro e fora do Estado de Santa Catarina.<\/em><\/p>\n\n\n\n<p class=\"has-text-align-center\"><strong>Relacionamento com a imprensa UniSociesc <\/strong><\/p>\n\n\n\n<p class=\"has-text-align-center\"><strong>\u00a0<\/strong><a href=\"http:\/\/www.unisociesc.com.br\/\" target=\"_blank\" rel=\"noreferrer noopener\"><strong>www.unisociesc.com.br<\/strong><\/a><\/p>\n\n\n\n<p class=\"has-text-align-center\"><strong>Mem Comunica\u00e7\u00e3o &#8211;&nbsp;<\/strong><a href=\"http:\/\/www.memcomunicacao.com.br\/\" rel=\"noreferrer noopener\" target=\"_blank\"><strong>www.memcomunicacao.com.br<\/strong><\/a><strong>&nbsp;<\/strong><strong>&nbsp;<\/strong>&nbsp;<\/p>\n\n\n\n<p class=\"has-text-align-center\">Genara Rigotti \u2013 (47) 9 9102-5223&nbsp;&#8211;&nbsp;<a href=\"mailto:redacao03memcomunicacao@gmail.com\" target=\"_blank\" rel=\"noreferrer noopener\">redacao03memcomunicacao@gmail.com<\/a>&nbsp;<\/p>\n\n\n\n<p class=\"has-text-align-center\">Marlise Groth Mem &#8211; (41) 9 9908-0511 \u2013&nbsp;<a href=\"mailto:marliseassessoria@gmail.com\" target=\"_blank\" rel=\"noreferrer noopener\">marliseassessoria@gmail.com<\/a><\/p>\n\n\n\n<p class=\"has-text-align-center\">Jo\u00e3o Al\u00e9cio Mem \u2013 (41) 9 9124-9748 \u2013&nbsp;<a href=\"mailto:joaoalecioassessoria@gmail.com\" target=\"_blank\" rel=\"noreferrer noopener\">joaoalecioassessoria@gmail.com<\/a><\/p>\n\n\n\n<p class=\"has-text-align-center\">Graziela Lindner \u2013 (47) 9 9176-0080 &#8211;&nbsp;<a href=\"mailto:grazielalindner@gmail.com\" target=\"_blank\" rel=\"noreferrer noopener\">grazielalindner@gmail.com<\/a><\/p>\n\n\n\n<p class=\"has-text-align-center\"><em>Jornalismo\/ Assessoria de Imprensa \/ Consultoria em Comunica\u00e7\u00e3o e Eventos<\/em><\/p>\n\n\n\n<p class=\"has-text-align-center\"><em>@mem_e_mem_agencia_de_noticias<\/em><\/p>\n","protected":false},"excerpt":{"rendered":"<p>No total, cerca de 300 crian\u00e7as v\u00e3o receber orienta\u00e7\u00f5es sobre higiene bucal. Pr\u00f3xima rodada ocorre&#8230;<\/p>\n","protected":false},"author":3,"featured_media":10198,"comment_status":"closed","ping_status":"open","sticky":false,"template":"","format":"standard","meta":{"om_disable_all_campaigns":false,"_monsterinsights_skip_tracking":false,"_monsterinsights_sitenote_active":false,"_monsterinsights_sitenote_note":"","_monsterinsights_sitenote_category":0,"spay_email":""},"categories":[1],"tags":[],"jetpack_featured_media_url":"https:\/\/vimagazine.com.br\/wp-content\/uploads\/2023\/08\/unnamed-1.jpg","_links":{"self":[{"href":"https:\/\/vimagazine.com.br\/index.php?rest_route=\/wp\/v2\/posts\/10197"}],"collection":[{"href":"https:\/\/vimagazine.com.br\/index.php?rest_route=\/wp\/v2\/posts"}],"about":[{"href":"https:\/\/vimagazine.com.br\/index.php?rest_route=\/wp\/v2\/types\/post"}],"author":[{"embeddable":true,"href":"https:\/\/vimagazine.com.br\/index.php?rest_route=\/wp\/v2\/users\/3"}],"replies":[{"embeddable":true,"href":"https:\/\/vimagazine.com.br\/index.php?rest_route=%2Fwp%2Fv2%2Fcomments&post=10197"}],"version-history":[{"count":1,"href":"https:\/\/vimagazine.com.br\/index.php?rest_route=\/wp\/v2\/posts\/10197\/revisions"}],"predecessor-version":[{"id":10202,"href":"https:\/\/vimagazine.com.br\/index.php?rest_route=\/wp\/v2\/posts\/10197\/revisions\/10202"}],"wp:featuredmedia":[{"embeddable":true,"href":"https:\/\/vimagazine.com.br\/index.php?rest_route=\/wp\/v2\/media\/10198"}],"wp:attachment":[{"href":"https:\/\/vimagazine.com.br\/index.php?rest_route=%2Fwp%2Fv2%2Fmedia&parent=10197"}],"wp:term":[{"taxonomy":"category","embeddable":true,"href":"https:\/\/vimagazine.com.br\/index.php?rest_route=%2Fwp%2Fv2%2Fcategories&post=10197"},{"taxonomy":"post_tag","embeddable":true,"href":"https:\/\/vimagazine.com.br\/index.php?rest_route=%2Fwp%2Fv2%2Ftags&post=10197"}],"curies":[{"name":"wp","href":"https:\/\/api.w.org\/{rel}","templated":true}]}}