{"id":10203,"date":"2023-08-21T15:22:58","date_gmt":"2023-08-21T18:22:58","guid":{"rendered":"https:\/\/vimagazine.com.br\/?p=10203"},"modified":"2023-08-21T15:23:03","modified_gmt":"2023-08-21T18:23:03","slug":"rede-feminina-de-combate-ao-cancer-busca-apoio-e-divulgacao-atraves-de-novo-espaco-no-garten-shopping","status":"publish","type":"post","link":"https:\/\/vimagazine.com.br\/?p=10203","title":{"rendered":"Rede Feminina de Combate ao C\u00e2ncer busca apoio e divulga\u00e7\u00e3o atrav\u00e9s de novo espa\u00e7o no Garten Shopping"},"content":{"rendered":"\n<p class=\"has-text-align-center\"><em>A Rede Feminina Store, no Garten Shopping, \u00e9 mais um espa\u00e7o que possibilita ao p\u00fablico conhecer e contribuir com a institui\u00e7\u00e3o<\/em><\/p>\n\n\n\n<p class=\"has-text-align-center\">O combate ao c\u00e2ncer de mama e colo de \u00fatero \u00e9 uma pauta urgente. Segundo o Instituto Nacional do C\u00e2ncer (Inca), o c\u00e2ncer de mama lidera as estat\u00edsticas de mortalidade por c\u00e2ncer entre as mulheres na maioria das regi\u00f5es brasileiras. A exce\u00e7\u00e3o \u00e9 a regi\u00e3o Norte, onde o c\u00e2ncer do colo do \u00fatero ocupa essa posi\u00e7\u00e3o. Um dos piv\u00f4s dessa causa em Joinville \u00e9 a Rede Feminina de Combate ao C\u00e2ncer, que promove a\u00e7\u00f5es de preven\u00e7\u00e3o e de acolhimento aos pacientes.<\/p>\n\n\n\n<p class=\"has-text-align-center\">Os fatos revelam a import\u00e2ncia do apoio \u00e0 Rede para al\u00e9m do Outubro Rosa. Maria de Lourdes Ficagna, presidente da Rede (Gest\u00e3o 2023-2024), conta que os trabalhos s\u00e3o feitos por volunt\u00e1rias que buscam conscientizar pela preven\u00e7\u00e3o e tamb\u00e9m apoiar as pessoas que passam pela doen\u00e7a.&nbsp;<\/p>\n\n\n\n<p class=\"has-text-align-center\">Entre as iniciativas promovidas pela institui\u00e7\u00e3o est\u00e3o a realiza\u00e7\u00e3o de exames preventivos, doa\u00e7\u00e3o de len\u00e7os, empr\u00e9stimo de perucas, doa\u00e7\u00f5es de itens de higiene para acamados no Hospital Municipal S\u00e3o Jos\u00e9 e a\u00e7\u00f5es assistenciais.<\/p>\n\n\n\n<p class=\"has-text-align-center\">\u201cN\u00f3s fazemos tamb\u00e9m a doa\u00e7\u00e3o de cestas b\u00e1sicas para os pacientes oncol\u00f3gicos cadastrados at\u00e9 eles conseguirem retornar ao trabalho ou conseguirem uma fonte de renda. O que \u00e0s vezes demora bastante\u201d, relata.<\/p>\n\n\n\n<p class=\"has-text-align-center\">Segundo ela, \u00e9 um grande desafio bancar todas as despesas, tanto das pr\u00f3prias a\u00e7\u00f5es que elas realizam, como das contas da Rede, a exemplo da luz, \u00e1gua e outros. A renda, portanto, vem de doa\u00e7\u00f5es, da venda de artesanatos e dos produtos personalizados, feitos pelas volunt\u00e1rias. Por isso, ela refor\u00e7a a necessidade das institui\u00e7\u00f5es e empresas abrirem espa\u00e7o para a causa.<\/p>\n\n\n\n<p class=\"has-text-align-center\">A Rede Feminina de Combate ao C\u00e2ncer inaugurou um novo espa\u00e7o, a Rede Feminina Store, loja tempor\u00e1ria localizada no Garten Shopping, pr\u00f3ximo ao GNC Cinemas.<\/p>\n\n\n\n<p class=\"has-text-align-center\">\u201cEsse espa\u00e7o no Garten Shopping veio na hora certa, pois com a venda dos produtos n\u00f3s vamos levantar verba para as a\u00e7\u00f5es\u201d, explica.<\/p>\n\n\n\n<p class=\"has-text-align-center\">Na Rede Feminina Store, est\u00e3o sendo vendidos produtos exclusivos da Rede e personalizados pelas volunt\u00e1rias, como camisetas, sombrinhas e canecas.<\/p>\n\n\n\n<p class=\"has-text-align-center\">\u201cEstaremos com as camisetas da Rede edi\u00e7\u00e3o de 2023 e tamb\u00e9m temos ainda algumas de 2022. Al\u00e9m disso, temos as sombrinhas que s\u00e3o bastante procuradas. Elas s\u00e3o de \u00f3tima qualidade, s\u00e3o feitas de fibra de carbono e possuem pel\u00edcula para prote\u00e7\u00e3o solar\u201d, conta Maria de Lourdes.<\/p>\n\n\n\n<p class=\"has-text-align-center\">Cada produto \u00e9 feito com carinho e leva o toque do trabalho das volunt\u00e1rias. As canecas, por exemplo, s\u00e3o estampadas por elas mesmas da Rede.&nbsp;<\/p>\n\n\n\n<p class=\"has-text-align-center\">Para contribuir com a causa, o p\u00fablico pode adquirir os itens da Rede Feminina de Combate ao C\u00e2ncer no espa\u00e7o do Garten Shopping, que fica em frente a Hering Kids, pr\u00f3ximo ao GNC Cinemas.<\/p>\n\n\n\n<p class=\"has-text-align-center\"><strong>Contribua com a causa<\/strong><\/p>\n\n\n\n<p class=\"has-text-align-center\"><strong>O que:&nbsp;<\/strong>Venda de produtos personalizados e artesanatos em prol da Rede Feminina de Combate ao C\u00e2ncer &#8211; Rede Feminina Store<\/p>\n\n\n\n<p class=\"has-text-align-center\"><strong>Onde:\u00a0<\/strong>Garten Shopping &#8211; em frente a Hering Kids, pr\u00f3ximo ao GNC Cinemas.<\/p>\n\n\n\n<p class=\"has-text-align-center\"><strong>B\u00e1rbara Siementkowski<\/strong><\/p>\n\n\n\n<p class=\"has-text-align-center\"><strong>Atendimento do Garten Shopping&nbsp;<\/strong><\/p>\n\n\n\n<p class=\"has-text-align-center\"><strong>Primeira Via Comunica\u00e7\u00e3o Integrada<\/strong><\/p>\n","protected":false},"excerpt":{"rendered":"<p>A Rede Feminina Store, no Garten Shopping, \u00e9 mais um espa\u00e7o que possibilita ao p\u00fablico&#8230;<\/p>\n","protected":false},"author":3,"featured_media":10204,"comment_status":"closed","ping_status":"open","sticky":false,"template":"","format":"standard","meta":{"om_disable_all_campaigns":false,"_monsterinsights_skip_tracking":false,"_monsterinsights_sitenote_active":false,"_monsterinsights_sitenote_note":"","_monsterinsights_sitenote_category":0,"spay_email":""},"categories":[1],"tags":[],"jetpack_featured_media_url":"https:\/\/vimagazine.com.br\/wp-content\/uploads\/2023\/08\/Divulgacao-Garten-Shopping-3-e1692642112413.jpg","_links":{"self":[{"href":"https:\/\/vimagazine.com.br\/index.php?rest_route=\/wp\/v2\/posts\/10203"}],"collection":[{"href":"https:\/\/vimagazine.com.br\/index.php?rest_route=\/wp\/v2\/posts"}],"about":[{"href":"https:\/\/vimagazine.com.br\/index.php?rest_route=\/wp\/v2\/types\/post"}],"author":[{"embeddable":true,"href":"https:\/\/vimagazine.com.br\/index.php?rest_route=\/wp\/v2\/users\/3"}],"replies":[{"embeddable":true,"href":"https:\/\/vimagazine.com.br\/index.php?rest_route=%2Fwp%2Fv2%2Fcomments&post=10203"}],"version-history":[{"count":1,"href":"https:\/\/vimagazine.com.br\/index.php?rest_route=\/wp\/v2\/posts\/10203\/revisions"}],"predecessor-version":[{"id":10205,"href":"https:\/\/vimagazine.com.br\/index.php?rest_route=\/wp\/v2\/posts\/10203\/revisions\/10205"}],"wp:featuredmedia":[{"embeddable":true,"href":"https:\/\/vimagazine.com.br\/index.php?rest_route=\/wp\/v2\/media\/10204"}],"wp:attachment":[{"href":"https:\/\/vimagazine.com.br\/index.php?rest_route=%2Fwp%2Fv2%2Fmedia&parent=10203"}],"wp:term":[{"taxonomy":"category","embeddable":true,"href":"https:\/\/vimagazine.com.br\/index.php?rest_route=%2Fwp%2Fv2%2Fcategories&post=10203"},{"taxonomy":"post_tag","embeddable":true,"href":"https:\/\/vimagazine.com.br\/index.php?rest_route=%2Fwp%2Fv2%2Ftags&post=10203"}],"curies":[{"name":"wp","href":"https:\/\/api.w.org\/{rel}","templated":true}]}}