{"id":10219,"date":"2023-08-23T00:20:37","date_gmt":"2023-08-23T03:20:37","guid":{"rendered":"https:\/\/vimagazine.com.br\/?p=10219"},"modified":"2023-08-23T00:20:38","modified_gmt":"2023-08-23T03:20:38","slug":"evento-andromeda-40-reuni-mulheres-empreendedoras-em-sao-paulo","status":"publish","type":"post","link":"https:\/\/vimagazine.com.br\/?p=10219","title":{"rendered":"Evento Andr\u00f4meda 40+ reuni mulheres empreendedoras em S\u00e3o Paulo"},"content":{"rendered":"\n<p><\/p>\n\n\n\n<p>No \u00faltimo s\u00e1bado (19), foi realizado o Andr\u00f4meda 40+, com a presen\u00e7a de mulheres empreendedoras e com imensa vontade de atuar no mercado de trabalho.<\/p>\n\n\n\n<p>&nbsp;&nbsp; <strong>Andr\u00f4meda Rosa<\/strong>, que \u00e9 formada em enfermagem e \u00e9 instrumentadora cir\u00fargica, se tornou empres\u00e1ria h\u00e1 26 anos, na \u00e1rea da sa\u00fade. A empreendedora fez a sua transi\u00e7\u00e3o de carreira aos 47 anos, e com esse novo olhar para o futuro, enxergou oportunidades para mulheres que possu\u00edam mais de 40 anos, que precisavam ser orientadas e que buscavam oportunidades de inser\u00e7\u00e3o e crescimento profissional. E assim ela construiu o &#8220;Podcast 40+&#8221; para dar voz \u00e0s mulheres talentosas, e sem perspectivas, como meio de dar destaque a elas na sociedade.<\/p>\n\n\n\n<p>&nbsp;&nbsp;&nbsp; Foi um dia marcado por posicionamentos, troca e fortalecimento emocionantes, com mulheres que venceram e que est\u00e3o lutando com suas respectivas experi\u00eancias. Andr\u00f4meda foi a anfitri\u00e3, recepcionando e abrindo o espa\u00e7o em seu evento, conex\u00e3o entre empreendedores \u2013 mulheres e homens &#8211; desenvolvimento pessoal, <strong>constela\u00e7\u00e3o familiar<\/strong>, <strong>comunica\u00e7\u00e3o n\u00e3o violenta<\/strong>, <strong>abuso contra a mulher<\/strong>, <strong>luto<\/strong>, <strong>medicina da floresta<\/strong>, <strong>etarismo<\/strong> e <strong>hipnoterapia<\/strong>. O evento come\u00e7ou \u00e0s 9h da manh\u00e3 e foi at\u00e9 \u00e0s 19h no Teatro C\u00e1sper L\u00edbero e, contou com 300 mulheres e muitos homens tamb\u00e9m que apoiam a causa em defesa das mulheres. Dez palestrantes, que se destacaram, por colocar suas experiencias nas causas que as libertaram. A exemplo disso, foi a participa\u00e7\u00e3o de Maria Lucia soares, que \u00e9 jornalista, modelo s\u00eanior e que ressignificou a sua vida ap\u00f3s tantos preconceitos e descobriu uma nova raz\u00e3o de viver.<\/p>\n\n\n\n<p>&nbsp;&nbsp; Thais Pereira, \u00e9 vendedora ambulante, enfrentou grandes dificuldades e sofrimentos e deu uma nova guinada em sua vida. \u201cEla ressaltou que, \u00e9 empreendedora ambulante com muito orgulho e que assim reconstruiu sua fam\u00edlia, dando dignidade ao marido e aos seus filhos\u201d.<\/p>\n\n\n\n<p>&nbsp;&nbsp;&nbsp;&nbsp; L\u00edvia Cavalcante, que \u00e9 a criadora da metodologia \u201cSeja Louca\u201d, fez com que as mulheres fossem ao del\u00edrio ao colocar \u201cque Ser Louca \u00e9 o melhor caminho para realizar os seus sonhos, pois o ser louco \u00e9 a aud\u00e1cia da coragem para construir\u201d, destacou.<\/p>\n\n\n\n<p>&nbsp;&nbsp; &nbsp;O evento teve um espa\u00e7o social e deu voz a inclus\u00e3o com apresenta\u00e7\u00e3o de bailarinas com defici\u00eancia visual da Associa\u00e7\u00e3o Fernanda Bianchini. Todavia, quando todos achavam que j\u00e1 tinham passado por grandes emo\u00e7\u00f5es, surgiram os Chefs Especiais Jovens com S\u00edndrome de Down, que fazem parte do projeto da primeira cafeteria do Brasil com atendimento 100% de portadores com Down.<\/p>\n\n\n\n<p>&nbsp;&nbsp;&nbsp; O encontro Andr\u00f4meda 40+ focou no combate \u00e0 viol\u00eancia dom\u00e9stica e apresentou a Associa\u00e7\u00e3o Reviva Mulher presidida pela J\u00f4, que aprendeu com seu pai j\u00e1 falecido, a import\u00e2ncia de salvar mulheres da viol\u00eancia. J\u00f4 atende em sua entidade, cerca de 800 mulheres em situa\u00e7\u00e3o de viol\u00eancia, onde foca n\u00e3o somente na agress\u00e3o sofrida pelos seus companheiros, mas tamb\u00e9m na viol\u00eancia dos filhos e todos os tipos de agress\u00f5es.<\/p>\n\n\n\n<p>&nbsp;&nbsp;&nbsp; Dr. Andr\u00e9 Benedicto especialista em medicina integrativa alertou as participantes sobre a import\u00e2ncia da reposi\u00e7\u00e3o hormonal e os cuidados que as mulheres devem ter com as mudan\u00e7as do bem-estar f\u00edsico, psicol\u00f3gica e social, pois a aus\u00eancia de sa\u00fade \u00e9 que traz doen\u00e7as.<\/p>\n\n\n\n<p>&nbsp;&nbsp; Ainda sobre sa\u00fade, o presidente do Instituto Alpha, Leo Santana, \u201cdestacou a relev\u00e2ncia do conhecimento sobre a medicina das florestas, como sendo um meio que traz tratamentos de imenso potencial para a sa\u00fade das pessoas\u201d.<\/p>\n\n\n\n<p><a><\/a>&nbsp;&nbsp; A empres\u00e1ria e primeira musa fitness do Brasil, Solange Fraz\u00e3o, foi recebida com muito carinho e relatou passagens da sua vida e a determina\u00e7\u00e3o de seguir seu caminho no esporte, onde obteve grandes conquistas, mesmo tendo passado por grandes dificuldades, e sofrendo preconceitos. Fraz\u00e3o, Conseguiu com muito trabalho, conquistar expressividade na \u00e1rea que atua, se tornando uma mulher de sucesso. Com energia e grande alegria o evento se encerrou, com uma foto comemorativa e transforma\u00e7\u00e3o n\u00edtida no semblante de cada uma.<\/p>\n\n\n\n<p>Com tudo Andromeda ainda surpreendeu a todos fazendo uma homenagem emocionante para 30 mulheres da periferia de S\u00e3o Paulo que viviam em condi\u00e7\u00e3o de viol\u00eancia dom\u00e9stica, enviando carro para que as mesmas tivessem a oportunidade de desfrutarem de um dia incr\u00edvel num teatro no cora\u00e7\u00e3o de S\u00e3o Paulo.<\/p>\n\n\n\n<p>&nbsp;&nbsp;&nbsp; Andr\u00f4meda, que \u00e9 ativista da causa de mulheres que sofrem viol\u00eancia, disse \u201cpercebi que a minha comunica\u00e7\u00e3o estava indo muito al\u00e9m do feminino, atingindo o p\u00fablico masculino, m\u00e3es solos e at\u00edpicas com trabalhos de inclus\u00e3o e n\u00e3o poderia deix\u00e1-los. Para tanto, fui criando dias especiais como este, para que essa inclus\u00e3o se desse de maneira efetiva\u201d, concluiu.<\/p>\n","protected":false},"excerpt":{"rendered":"<p>No \u00faltimo s\u00e1bado (19), foi realizado o Andr\u00f4meda 40+, com a presen\u00e7a de mulheres empreendedoras&#8230;<\/p>\n","protected":false},"author":2,"featured_media":10220,"comment_status":"closed","ping_status":"open","sticky":false,"template":"","format":"standard","meta":{"om_disable_all_campaigns":false,"_monsterinsights_skip_tracking":false,"_monsterinsights_sitenote_active":false,"_monsterinsights_sitenote_note":"","_monsterinsights_sitenote_category":0,"spay_email":""},"categories":[26,1],"tags":[730,106,699,676,731,45],"jetpack_featured_media_url":"https:\/\/vimagazine.com.br\/wp-content\/uploads\/2023\/08\/2ab7c365-6132-49fb-93d8-61126c14ccd5.jpg","_links":{"self":[{"href":"https:\/\/vimagazine.com.br\/index.php?rest_route=\/wp\/v2\/posts\/10219"}],"collection":[{"href":"https:\/\/vimagazine.com.br\/index.php?rest_route=\/wp\/v2\/posts"}],"about":[{"href":"https:\/\/vimagazine.com.br\/index.php?rest_route=\/wp\/v2\/types\/post"}],"author":[{"embeddable":true,"href":"https:\/\/vimagazine.com.br\/index.php?rest_route=\/wp\/v2\/users\/2"}],"replies":[{"embeddable":true,"href":"https:\/\/vimagazine.com.br\/index.php?rest_route=%2Fwp%2Fv2%2Fcomments&post=10219"}],"version-history":[{"count":1,"href":"https:\/\/vimagazine.com.br\/index.php?rest_route=\/wp\/v2\/posts\/10219\/revisions"}],"predecessor-version":[{"id":10221,"href":"https:\/\/vimagazine.com.br\/index.php?rest_route=\/wp\/v2\/posts\/10219\/revisions\/10221"}],"wp:featuredmedia":[{"embeddable":true,"href":"https:\/\/vimagazine.com.br\/index.php?rest_route=\/wp\/v2\/media\/10220"}],"wp:attachment":[{"href":"https:\/\/vimagazine.com.br\/index.php?rest_route=%2Fwp%2Fv2%2Fmedia&parent=10219"}],"wp:term":[{"taxonomy":"category","embeddable":true,"href":"https:\/\/vimagazine.com.br\/index.php?rest_route=%2Fwp%2Fv2%2Fcategories&post=10219"},{"taxonomy":"post_tag","embeddable":true,"href":"https:\/\/vimagazine.com.br\/index.php?rest_route=%2Fwp%2Fv2%2Ftags&post=10219"}],"curies":[{"name":"wp","href":"https:\/\/api.w.org\/{rel}","templated":true}]}}