{"id":10227,"date":"2023-08-25T17:45:50","date_gmt":"2023-08-25T20:45:50","guid":{"rendered":"https:\/\/vimagazine.com.br\/?p=10227"},"modified":"2023-08-25T17:47:34","modified_gmt":"2023-08-25T20:47:34","slug":"mm-investe-em-novas-lojas-e-reestruturacoes","status":"publish","type":"post","link":"https:\/\/vimagazine.com.br\/?p=10227","title":{"rendered":"MM investe em novas lojas e reestrutura\u00e7\u00f5es"},"content":{"rendered":"\n<p class=\"has-text-align-center\"><em>Nesta semana, a varejista abriu uma nova loja na cidade sul-mato-grossense Bataguassu e reinaugurou as filiais de Jacarezinho e Cambar\u00e1 &#8211; no Paran\u00e1<\/em><\/p>\n\n\n\n<p class=\"has-text-align-center\">Com um aporte financeiro de R$ 20 milh\u00f5es exclusivamente para expans\u00e3o de suas lojas f\u00edsicas, a Lojas MM ir\u00e1 abrir 10 novas unidades e renovar 25 filiais nas cidades onde j\u00e1 atua somente neste ano, fortalecendo esses investimentos neste \u00faltimo quadrimestre. <\/p>\n\n\n\n<p class=\"has-text-align-center\">Apenas nesta semana, a empresa varejista celebrou a inaugura\u00e7\u00e3o de uma nova filial em Bataguassu, localizada no estado do Mato Grosso do Sul, e tamb\u00e9m realizou a reestrutura\u00e7\u00e3o de duas filiais em Jacarezinho e Cambar\u00e1, ambas situadas no estado do Paran\u00e1.<\/p>\n\n\n\n<p class=\"has-text-align-center\">Uma das estrat\u00e9gias da MM \u00e9 abrir unidades em cidades de pequeno e m\u00e9dio porte, onde busca fidelizar os clientes, oferecendo a eles acesso a produtos de qualidade e as novidades do setor de m\u00f3veis e eletros, sem que haja a necessidade dos consumidores se deslocarem para grandes centros.<\/p>\n\n\n\n<p class=\"has-text-align-center\">Marcio Pauliki, CEO do Grupo MM, ressalta que em um momento ainda dif\u00edcil da economia, onde v\u00e1rias grandes redes t\u00eam anunciado demiss\u00f5es e fechamento de lojas, a MM mais uma vez se diferencia do mercado, abrindo novas lojas e reestruturando as j\u00e1 existentes.&nbsp;&nbsp;<\/p>\n\n\n\n<p class=\"has-text-align-center\">\u201c\u00c9 a MM provando mais uma vez que trabalha muito focada na centralidade do cliente, na inova\u00e7\u00e3o, mas sem esquecer as suas ra\u00edzes e suas diretrizes, onde nosso principal prop\u00f3sito \u00e9 promover conquistas para as pessoas. <\/p>\n\n\n\n<figure class=\"wp-block-image size-full\"><img width=\"1024\" height=\"768\" src=\"https:\/\/vimagazine.com.br\/wp-content\/uploads\/2023\/08\/jacarezinho.jpeg\" alt=\"\" class=\"wp-image-10230\" srcset=\"https:\/\/vimagazine.com.br\/wp-content\/uploads\/2023\/08\/jacarezinho.jpeg 1024w, https:\/\/vimagazine.com.br\/wp-content\/uploads\/2023\/08\/jacarezinho-300x225.jpeg 300w, https:\/\/vimagazine.com.br\/wp-content\/uploads\/2023\/08\/jacarezinho-768x576.jpeg 768w\" sizes=\"(max-width: 1024px) 100vw, 1024px\" \/><\/figure>\n\n\n\n<p class=\"has-text-align-center\">Ali\u00e1s, temos o nosso compromisso n\u00famero 1 &#8211; onde oferecemos produtos a pre\u00e7o de f\u00e1brica no carnezinho mais barato do Brasil, evidenciando ainda mais esse compromisso direto com os nossos milhares de clientes\u201d, enfatiza Pauliki.<\/p>\n\n\n\n<p class=\"has-text-align-center\"><strong>MM de Cambar\u00e1 e de Jacarezinho de cara nova<\/strong><\/p>\n\n\n\n<p class=\"has-text-align-center\">Em Cambar\u00e1, no Paran\u00e1, a Lojas MM reinaugurou sua filial, na manh\u00e3 da \u00faltima quarta-feira (23), em um novo ponto \u2013 ao lado da antiga loja. Projetada para oferecer conforto e variedade, o espa\u00e7o de mais de 600 m\u00b2 consegue comportar um mix maior de produtos e aumentar a gama de op\u00e7\u00f5es que ir\u00e3o atender \u00e0s necessidades dos clientes, al\u00e9m de contarem agora com atendimento via tablet que agiliza a venda.<\/p>\n\n\n\n<p class=\"has-text-align-center\">A filial de Jacarezinho tamb\u00e9m ganhou um novo espa\u00e7o. A loja, reinaugurada nesta sexta-feira (25), agora passa a contar com mais de 800 m\u00b2, com setores bem distribu\u00eddos que oferecem uma experi\u00eancia de compra mais agrad\u00e1vel, com um novo layout e tamb\u00e9m com inser\u00e7\u00e3o de tablets no atendimento, para oferecer mais comodidade aos clientes.<\/p>\n\n\n\n<p class=\"has-text-align-center\">Segundo o gerente regional, Gerson Marques, al\u00e9m dos investimentos na regi\u00e3o norte do Paran\u00e1, a MM tamb\u00e9m tem planos para o interior de S\u00e3o Paulo, pois em menos de um m\u00eas ir\u00e1 reinaugurar em Ribeir\u00e3o Claro.<\/p>\n\n\n\n<p class=\"has-text-align-center\">\u00a0\u201c\u00c9 todo um investimento, toda uma concentra\u00e7\u00e3o de energias na regi\u00e3o norte paranaense e no interior de S\u00e3o Paulo. Essas\u00a0reestrutura\u00e7\u00f5es v\u00eam para atender melhor toda a popula\u00e7\u00e3o das cidades e ainda alcan\u00e7ar\u00a0o resultado que a gente espera para a empresa\u201d, evidencia o gerente.<\/p>\n\n\n\n<figure class=\"wp-block-image size-large\"><img width=\"1024\" height=\"768\" src=\"https:\/\/vimagazine.com.br\/wp-content\/uploads\/2023\/08\/cambara-2-44-1024x768.jpeg\" alt=\"\" class=\"wp-image-10231\" srcset=\"https:\/\/vimagazine.com.br\/wp-content\/uploads\/2023\/08\/cambara-2-44-1024x768.jpeg 1024w, https:\/\/vimagazine.com.br\/wp-content\/uploads\/2023\/08\/cambara-2-44-300x225.jpeg 300w, https:\/\/vimagazine.com.br\/wp-content\/uploads\/2023\/08\/cambara-2-44-768x576.jpeg 768w, https:\/\/vimagazine.com.br\/wp-content\/uploads\/2023\/08\/cambara-2-44-1536x1152.jpeg 1536w, https:\/\/vimagazine.com.br\/wp-content\/uploads\/2023\/08\/cambara-2-44.jpeg 1600w\" sizes=\"(max-width: 1024px) 100vw, 1024px\" \/><\/figure>\n\n\n\n<p class=\"has-text-align-center\"><strong>Expans\u00e3o MS<\/strong><\/p>\n\n\n\n<p class=\"has-text-align-center\">No Mato Grosso do Sul, a MM de Bataguassu chega para refor\u00e7ar a expans\u00e3o no estado, oferecendo uma loja que se enquadra no modelo de sucesso da varejista, onde os consumidores encontrar\u00e3o tudo o que precisam para seus lares, desfrutando de um ambiente iluminado, setores bem distribu\u00eddos e um vasto mix de produtos.<\/p>\n\n\n\n<p class=\"has-text-align-center\">Desde j\u00e1 agrade\u00e7o a colabora\u00e7\u00e3o!<\/p>\n\n\n\n<p class=\"has-text-align-center\">Fonte: Sayeini Oliveira<\/p>\n","protected":false},"excerpt":{"rendered":"<p>Nesta semana, a varejista abriu uma nova loja na cidade sul-mato-grossense Bataguassu e reinaugurou as&#8230;<\/p>\n","protected":false},"author":3,"featured_media":10228,"comment_status":"closed","ping_status":"open","sticky":false,"template":"","format":"standard","meta":{"om_disable_all_campaigns":false,"_monsterinsights_skip_tracking":false,"_monsterinsights_sitenote_active":false,"_monsterinsights_sitenote_note":"","_monsterinsights_sitenote_category":0,"spay_email":""},"categories":[1],"tags":[],"jetpack_featured_media_url":"https:\/\/vimagazine.com.br\/wp-content\/uploads\/2023\/08\/cambaa.jpeg","_links":{"self":[{"href":"https:\/\/vimagazine.com.br\/index.php?rest_route=\/wp\/v2\/posts\/10227"}],"collection":[{"href":"https:\/\/vimagazine.com.br\/index.php?rest_route=\/wp\/v2\/posts"}],"about":[{"href":"https:\/\/vimagazine.com.br\/index.php?rest_route=\/wp\/v2\/types\/post"}],"author":[{"embeddable":true,"href":"https:\/\/vimagazine.com.br\/index.php?rest_route=\/wp\/v2\/users\/3"}],"replies":[{"embeddable":true,"href":"https:\/\/vimagazine.com.br\/index.php?rest_route=%2Fwp%2Fv2%2Fcomments&post=10227"}],"version-history":[{"count":2,"href":"https:\/\/vimagazine.com.br\/index.php?rest_route=\/wp\/v2\/posts\/10227\/revisions"}],"predecessor-version":[{"id":10233,"href":"https:\/\/vimagazine.com.br\/index.php?rest_route=\/wp\/v2\/posts\/10227\/revisions\/10233"}],"wp:featuredmedia":[{"embeddable":true,"href":"https:\/\/vimagazine.com.br\/index.php?rest_route=\/wp\/v2\/media\/10228"}],"wp:attachment":[{"href":"https:\/\/vimagazine.com.br\/index.php?rest_route=%2Fwp%2Fv2%2Fmedia&parent=10227"}],"wp:term":[{"taxonomy":"category","embeddable":true,"href":"https:\/\/vimagazine.com.br\/index.php?rest_route=%2Fwp%2Fv2%2Fcategories&post=10227"},{"taxonomy":"post_tag","embeddable":true,"href":"https:\/\/vimagazine.com.br\/index.php?rest_route=%2Fwp%2Fv2%2Ftags&post=10227"}],"curies":[{"name":"wp","href":"https:\/\/api.w.org\/{rel}","templated":true}]}}