{"id":10234,"date":"2023-08-25T17:57:11","date_gmt":"2023-08-25T20:57:11","guid":{"rendered":"https:\/\/vimagazine.com.br\/?p=10234"},"modified":"2023-08-25T17:57:13","modified_gmt":"2023-08-25T20:57:13","slug":"o-forum-internacional-de-danca-sobre-acessibilidade-no-8o-kiada","status":"publish","type":"post","link":"https:\/\/vimagazine.com.br\/?p=10234","title":{"rendered":"O F\u00f3rum Internacional de dan\u00e7a sobre acessibilidade no 8\u00ba KIADA"},"content":{"rendered":"\n<p class=\"has-text-align-center\">O F\u00f3rum Internacional de dan\u00e7a sobre acessibilidade no 8\u00ba KIADA &#8211; Korea International Accessible Dance Festival 2023, que acontece em Seul, capital da Coreia do Sul ter\u00e1 a presen\u00e7a do dan\u00e7arino Marcos Abranches e do premiado diretor Elder Fraga.<\/p>\n\n\n\n<p class=\"has-text-align-center\">O F\u00f3rum aconteceu no Seoul Toursim Organization no \u00faltimo dia 23 e contou com a presen\u00e7a do dan\u00e7arino Marcos Abranches e do diretor Elder Fraga.<\/p>\n\n\n\n<p class=\"has-text-align-center\">Marcos Abranches ir\u00e1 dividir com os participantes, um pouco da sua hist\u00f3ria de vida e de como chegou at\u00e9 a dan\u00e7a, sendo uma pessoa com diferen\u00e7a.<\/p>\n\n\n\n<p class=\"has-text-align-center\">Fraga e Abranches, contam com o apoio do 8\u00ba KIADA &#8211; Korea Internacional Accessible Dance Festival 2023, do Instituto Guimar\u00e3es Rosa e da Embaixada do Brasil em Seul atrav\u00e9s da Senhora Ministra-conselheira M\u00edriam de Castro Rodrigues Leit\u00e3o, Chefe dos Setores Cultural e Educacional.<\/p>\n\n\n\n<p class=\"has-text-align-center\">Os principais temas discutidos no F\u00f3rum Internacional de dan\u00e7a sobre acessibilidade no 8\u00ba KIADA &#8211; Korea Internacional Accessible Dance Festival 2023.<\/p>\n\n\n\n<p class=\"has-text-align-center\">&#8211; Discurso sobre o ecossistema global de dan\u00e7a e artes acess\u00edveis.<\/p>\n\n\n\n<p class=\"has-text-align-center\">&#8211; Alargar o horizonte de um discurso integrado e global no dom\u00ednio da dan\u00e7a acess\u00edvel.<\/p>\n\n\n\n<p class=\"has-text-align-center\">&#8211; Explorar os tr\u00eas t\u00f3picos das tend\u00eancias globais da dan\u00e7a acess\u00edvel, a cria\u00e7\u00e3o e o funcionamento de organiza\u00e7\u00f5es e as hist\u00f3rias pessoais de bailarinos com defici\u00eancia.<\/p>\n\n\n\n<p class=\"has-text-align-center\">&#8211; Narra\u00e7\u00e3o de hist\u00f3rias vibrantes e partilha de experi\u00eancias das equipes internacionais. convidadas do KIADA2023 para promover o discurso sobre dan\u00e7a profissional com acessibilidade.<\/p>\n\n\n\n<p class=\"has-text-align-center\"><strong>Objetivo<\/strong><\/p>\n\n\n\n<p class=\"has-text-align-center\">&#8211; Uma plataforma para ativar o discurso e apreciar o ecossistema das artes da dan\u00e7a para deficientes.<\/p>\n\n\n\n<p class=\"has-text-align-center\">&#8211; Estabelecer uma base para a padroniza\u00e7\u00e3o e diversidade na dan\u00e7a para deficientes, tanto a n\u00edvel nacional como internacional.<\/p>\n\n\n\n<p class=\"has-text-align-center\">&#8211; Promover debates e apresentar desafios pr\u00e1ticos para o discurso p\u00fablico sobre a dan\u00e7a acess\u00edvel.<\/p>\n\n\n\n<p class=\"has-text-align-center\">&#8211; Expandir a vis\u00e3o para transformar o valor e o paradigma das artes da dan\u00e7a acess\u00edvel.<\/p>\n\n\n\n<p class=\"has-text-align-center\"><strong>Conte\u00fado<\/strong><\/p>\n\n\n\n<p class=\"has-text-align-center\">&#8211; Mudan\u00e7a de paradigma no ecossistema global de dan\u00e7a acess\u00edvel.<\/p>\n\n\n\n<p class=\"has-text-align-center\">&#8211; Tend\u00eancias globais e pol\u00edticas de dan\u00e7a acess\u00edvel no Canad\u00e1, Coreia do Sul e Alemanha.<\/p>\n\n\n\n<p class=\"has-text-align-center\">&#8211; Estudos de caso da LAND FES do Jap\u00e3o, Indepen-dance da Esc\u00f3cia e Nalitari da Indon\u00e9sia.<\/p>\n\n\n\n<p class=\"has-text-align-center\">&#8211; Hist\u00f3rias de crescimento pessoal de artistas com defici\u00eancia, Neil Price, da Esc\u00f3cia, e Marcos Abranches, do Brasil.<\/p>\n\n\n\n<p class=\"has-text-align-center\"><strong>Resultados Esperados.<\/strong><\/p>\n\n\n\n<p class=\"has-text-align-center\">&#8211; Apresentar tarefas pr\u00e1ticas para discutir e perspectivar quest\u00f5es no campo da dan\u00e7a acess\u00edvel.<\/p>\n\n\n\n<p class=\"has-text-align-center\">&#8211; Aumentar as oportunidades para a revitaliza\u00e7\u00e3o e valoriza\u00e7\u00e3o do ecossistema da dan\u00e7a e da arte acess\u00edveis para pessoas com defici\u00eancia.<\/p>\n\n\n\n<p class=\"has-text-align-center\">&#8211; Estabelecer bases para a normaliza\u00e7\u00e3o e diversifica\u00e7\u00e3o da dan\u00e7a acess\u00edvel, tanto a n\u00edvel nacional como internacional.<\/p>\n\n\n\n<p class=\"has-text-align-center\">Confira a programa\u00e7\u00e3o completa no site oficial do KIADA 2023.<\/p>\n\n\n\n<figure class=\"wp-block-embed\"><div class=\"wp-block-embed__wrapper\">\nhttps:\/\/kiada.co.kr\/mainEn.php\n<\/div><\/figure>\n\n\n\n<p class=\"has-text-align-center\">Uma produ\u00e7\u00e3o Fraga Films.<\/p>\n\n\n\n<p class=\"has-text-align-center\">APOIO:<\/p>\n\n\n\n<p class=\"has-text-align-center\">&#8211; 8\u00ba KIADA &#8211; Korea Internacional Accessible Dance Festival 2023 &#8211; @with.kiada<\/p>\n\n\n\n<p class=\"has-text-align-center\">&#8211; Site oficial:&nbsp;<a href=\"https:\/\/kiada.co.kr\/main.php\" target=\"_blank\" rel=\"noreferrer noopener\">https:\/\/kiada.co.kr\/main.php<\/a><\/p>\n\n\n\n<p class=\"has-text-align-center\">&#8211; Embaixada do Brasil na Coreia do Sul &#8211; @brazil.embassy.seoul<\/p>\n\n\n\n<p class=\"has-text-align-center\">&#8211; Instituto Guimar\u00e3es Rosa.<\/p>\n\n\n\n<p class=\"has-text-align-center\">Assessoria de imprensa: Carlos Augusto Rodrigues<\/p>\n\n\n\n<p class=\"has-text-align-center\">Cr\u00e9dito das fotos<\/p>\n\n\n\n<figure class=\"wp-block-image size-large\"><img width=\"1024\" height=\"768\" src=\"https:\/\/vimagazine.com.br\/wp-content\/uploads\/2023\/08\/Foto-2-1024x768.jpg\" alt=\"\" class=\"wp-image-10236\" srcset=\"https:\/\/vimagazine.com.br\/wp-content\/uploads\/2023\/08\/Foto-2-1024x768.jpg 1024w, https:\/\/vimagazine.com.br\/wp-content\/uploads\/2023\/08\/Foto-2-300x225.jpg 300w, https:\/\/vimagazine.com.br\/wp-content\/uploads\/2023\/08\/Foto-2-768x576.jpg 768w, https:\/\/vimagazine.com.br\/wp-content\/uploads\/2023\/08\/Foto-2.jpg 1280w\" sizes=\"(max-width: 1024px) 100vw, 1024px\" \/><\/figure>\n\n\n\n<p class=\"has-text-align-center\"> EMBAIXADA DO BRASIL NA COREIA DO SUL &#8211; Embaixadora do Brasil na Coreia do Sul, M\u00e1rcia Donner Abreu, equipe da Embaixada, Gabriel Thomas Dotta e Hangyeol Kim, equipe Fraga Films, Elder Fraga (diretor e produtor), Marcos Abranches (dan\u00e7arino e core\u00f3grafo), Gabriela Wazlawick (produtora) e a pequena Ivy<\/p>\n\n\n\n<p><\/p>\n\n\n\n<figure class=\"wp-block-image size-large\"><img width=\"1024\" height=\"768\" src=\"https:\/\/vimagazine.com.br\/wp-content\/uploads\/2023\/08\/Embaixadora-do-Brasil-na-Coreia-do-Sul-Marcia-Donner-Abreu-Ministra-Miriam-Leitao-Youngmook-Choi-diretor-do-KIADA-2023-Elder-Fraga-diretor-e-produtor-Marcos-Abranches-dancarino.-1024x768.jpg\" alt=\"\" class=\"wp-image-10237\" srcset=\"https:\/\/vimagazine.com.br\/wp-content\/uploads\/2023\/08\/Embaixadora-do-Brasil-na-Coreia-do-Sul-Marcia-Donner-Abreu-Ministra-Miriam-Leitao-Youngmook-Choi-diretor-do-KIADA-2023-Elder-Fraga-diretor-e-produtor-Marcos-Abranches-dancarino.-1024x768.jpg 1024w, https:\/\/vimagazine.com.br\/wp-content\/uploads\/2023\/08\/Embaixadora-do-Brasil-na-Coreia-do-Sul-Marcia-Donner-Abreu-Ministra-Miriam-Leitao-Youngmook-Choi-diretor-do-KIADA-2023-Elder-Fraga-diretor-e-produtor-Marcos-Abranches-dancarino.-300x225.jpg 300w, https:\/\/vimagazine.com.br\/wp-content\/uploads\/2023\/08\/Embaixadora-do-Brasil-na-Coreia-do-Sul-Marcia-Donner-Abreu-Ministra-Miriam-Leitao-Youngmook-Choi-diretor-do-KIADA-2023-Elder-Fraga-diretor-e-produtor-Marcos-Abranches-dancarino.-768x576.jpg 768w, https:\/\/vimagazine.com.br\/wp-content\/uploads\/2023\/08\/Embaixadora-do-Brasil-na-Coreia-do-Sul-Marcia-Donner-Abreu-Ministra-Miriam-Leitao-Youngmook-Choi-diretor-do-KIADA-2023-Elder-Fraga-diretor-e-produtor-Marcos-Abranches-dancarino..jpg 1280w\" sizes=\"(max-width: 1024px) 100vw, 1024px\" \/><\/figure>\n\n\n\n<p class=\"has-text-align-center\">F\u00d3RUM INTERNACIONAL DE ACESSIBILIDADE NO KIADA 2023 &#8211; Youngmook Choi (diretor do KIADA 2023), equipe da Embaixada, Gabriel Thomas Dotta e Hangyeol Kim, Elder Fraga (diretor e produtor), Marcos Abranches (dan\u00e7arino), Gabriela Wazlawick (produtora) e a pequena Ivy Blos.<\/p>\n","protected":false},"excerpt":{"rendered":"<p>O F\u00f3rum Internacional de dan\u00e7a sobre acessibilidade no 8\u00ba KIADA &#8211; Korea International Accessible Dance&#8230;<\/p>\n","protected":false},"author":3,"featured_media":10235,"comment_status":"closed","ping_status":"open","sticky":false,"template":"","format":"standard","meta":{"om_disable_all_campaigns":false,"_monsterinsights_skip_tracking":false,"_monsterinsights_sitenote_active":false,"_monsterinsights_sitenote_note":"","_monsterinsights_sitenote_category":0,"spay_email":""},"categories":[1],"tags":[],"jetpack_featured_media_url":"https:\/\/vimagazine.com.br\/wp-content\/uploads\/2023\/08\/Foto-3.jpg","_links":{"self":[{"href":"https:\/\/vimagazine.com.br\/index.php?rest_route=\/wp\/v2\/posts\/10234"}],"collection":[{"href":"https:\/\/vimagazine.com.br\/index.php?rest_route=\/wp\/v2\/posts"}],"about":[{"href":"https:\/\/vimagazine.com.br\/index.php?rest_route=\/wp\/v2\/types\/post"}],"author":[{"embeddable":true,"href":"https:\/\/vimagazine.com.br\/index.php?rest_route=\/wp\/v2\/users\/3"}],"replies":[{"embeddable":true,"href":"https:\/\/vimagazine.com.br\/index.php?rest_route=%2Fwp%2Fv2%2Fcomments&post=10234"}],"version-history":[{"count":1,"href":"https:\/\/vimagazine.com.br\/index.php?rest_route=\/wp\/v2\/posts\/10234\/revisions"}],"predecessor-version":[{"id":10238,"href":"https:\/\/vimagazine.com.br\/index.php?rest_route=\/wp\/v2\/posts\/10234\/revisions\/10238"}],"wp:featuredmedia":[{"embeddable":true,"href":"https:\/\/vimagazine.com.br\/index.php?rest_route=\/wp\/v2\/media\/10235"}],"wp:attachment":[{"href":"https:\/\/vimagazine.com.br\/index.php?rest_route=%2Fwp%2Fv2%2Fmedia&parent=10234"}],"wp:term":[{"taxonomy":"category","embeddable":true,"href":"https:\/\/vimagazine.com.br\/index.php?rest_route=%2Fwp%2Fv2%2Fcategories&post=10234"},{"taxonomy":"post_tag","embeddable":true,"href":"https:\/\/vimagazine.com.br\/index.php?rest_route=%2Fwp%2Fv2%2Ftags&post=10234"}],"curies":[{"name":"wp","href":"https:\/\/api.w.org\/{rel}","templated":true}]}}