{"id":10242,"date":"2023-08-27T20:04:13","date_gmt":"2023-08-27T23:04:13","guid":{"rendered":"https:\/\/vimagazine.com.br\/?p=10242"},"modified":"2023-08-30T16:25:09","modified_gmt":"2023-08-30T19:25:09","slug":"vitor-biannk-e-convidado-para-o-podcast-podfalar","status":"publish","type":"post","link":"https:\/\/vimagazine.com.br\/?p=10242","title":{"rendered":"Vitor Biannk \u00e9 convidado para o Podcast \u201cPodfalar\u201d"},"content":{"rendered":"\n<p><\/p>\n\n\n\n<p>Na \u00faltima sexta feira, o produtor Vitor Biannk, marcou presen\u00e7a no podcast \u201cPodfalar\u201d da apresentadora Bibi Ferreira onde abriu o cora\u00e7\u00e3o e contou um pouco da sua hist\u00f3ria de vida e experi\u00eancia no mundo da moda.<\/p>\n\n\n\n<p>Conhecido pelo bord\u00e3o <em>\u201cOi gente, eu sou Vitor Biannk<\/em>\u201d, \u00e9 assim que ele de forma despretensiosa grava seus stories mostrando sua rotina que \u00e9 bem corrida.<\/p>\n\n\n\n<p>Aos 29 anos, ele \u00e9 natural de S\u00e3o Paulo e desde pequeno j\u00e1 se mostrava comunicativo em apresenta\u00e7\u00f5es na escola, festividades e em reuni\u00f5es de fam\u00edlia. Estudou Design de Moda, \u00e9 formado e tem uma rica bagagem profissional: j\u00e1 foi assistente pessoal, trabalhou no backstage de um dos maiores eventos de moda o SPFW, foi personal style, palestrou sobre tend\u00eancias de &nbsp;moda, fez assessoria de imprensa, deu curso de moda para turistas em Nova York e recebeu um convite para o projeto Paris em Mil\u00e3o.<\/p>\n\n\n\n<figure class=\"wp-container-2 wp-block-gallery-1 wp-block-gallery has-nested-images columns-default is-cropped\">\n<figure class=\"wp-block-image size-large\"><img width=\"1080\" height=\"1328\" data-id=\"10245\"  src=\"https:\/\/vimagazine.com.br\/wp-content\/uploads\/2023\/08\/5aa7e1c8-1166-486c-bb1a-94f1fbfcd8df.jpg\" alt=\"\" class=\"wp-image-10245\" srcset=\"https:\/\/vimagazine.com.br\/wp-content\/uploads\/2023\/08\/5aa7e1c8-1166-486c-bb1a-94f1fbfcd8df.jpg 1080w, https:\/\/vimagazine.com.br\/wp-content\/uploads\/2023\/08\/5aa7e1c8-1166-486c-bb1a-94f1fbfcd8df-244x300.jpg 244w, https:\/\/vimagazine.com.br\/wp-content\/uploads\/2023\/08\/5aa7e1c8-1166-486c-bb1a-94f1fbfcd8df-833x1024.jpg 833w, https:\/\/vimagazine.com.br\/wp-content\/uploads\/2023\/08\/5aa7e1c8-1166-486c-bb1a-94f1fbfcd8df-768x944.jpg 768w, https:\/\/vimagazine.com.br\/wp-content\/uploads\/2023\/08\/5aa7e1c8-1166-486c-bb1a-94f1fbfcd8df-1024x1259.jpg 1024w\" sizes=\"(max-width: 1080px) 100vw, 1080px\" \/><\/figure>\n\n\n\n<figure class=\"wp-block-image size-large\"><img width=\"965\" height=\"1600\" data-id=\"10244\"  src=\"https:\/\/vimagazine.com.br\/wp-content\/uploads\/2023\/08\/430b6e7a-7871-433a-b119-99c878b64010.jpg\" alt=\"\" class=\"wp-image-10244\" srcset=\"https:\/\/vimagazine.com.br\/wp-content\/uploads\/2023\/08\/430b6e7a-7871-433a-b119-99c878b64010.jpg 965w, https:\/\/vimagazine.com.br\/wp-content\/uploads\/2023\/08\/430b6e7a-7871-433a-b119-99c878b64010-181x300.jpg 181w, https:\/\/vimagazine.com.br\/wp-content\/uploads\/2023\/08\/430b6e7a-7871-433a-b119-99c878b64010-618x1024.jpg 618w, https:\/\/vimagazine.com.br\/wp-content\/uploads\/2023\/08\/430b6e7a-7871-433a-b119-99c878b64010-768x1273.jpg 768w, https:\/\/vimagazine.com.br\/wp-content\/uploads\/2023\/08\/430b6e7a-7871-433a-b119-99c878b64010-926x1536.jpg 926w\" sizes=\"(max-width: 965px) 100vw, 965px\" \/><\/figure>\n<\/figure>\n\n\n\n<p><\/p>\n\n\n\n<p><strong><em>\u201cTudo \u00e9 moda, basta ter a sensibilidade no olhar\u201d \u2013 declara Vitor Biannk.<\/em><\/strong><\/p>\n\n\n\n<p>Sua simpatia, alto astral e sorriso \u00e9 o que faz a diferen\u00e7a em sua rotina. Atualmente \u00e9 gerente de marketing da ag\u00eancia Glamour Models sobre a dire\u00e7\u00e3o da Gaby Glamourosa. Sua rotina se divide em dirigir o podcast \u201cTotalmente Glamour\u201d, produzir os editoriais de moda, selecionar o casting de modelos para v\u00e1rias emissoras como SBT, RedeTv, Globo e Record, mas nas horas vagas, para se descontrair ele aproveita o ambiente e adora posar para as lentes das c\u00e2meras. Fotog\u00eanico, recebe muitas curtidas em suas redes sociais que lhe rendem bastante elogios. Como um bom canceriano, para ele fam\u00edlia \u00e9 a base de tudo. Para o futuro, ambiciona conquistas e o sucesso na vida profissional e pessoal sempre com muita \u00e9tica e humildade. <\/p>\n\n\n\n<p>@vitorbiannk<\/p>\n","protected":false},"excerpt":{"rendered":"<p>Na \u00faltima sexta feira, o produtor Vitor Biannk, marcou presen\u00e7a no podcast \u201cPodfalar\u201d da apresentadora&#8230;<\/p>\n","protected":false},"author":1,"featured_media":10253,"comment_status":"closed","ping_status":"open","sticky":false,"template":"","format":"standard","meta":{"om_disable_all_campaigns":false,"_monsterinsights_skip_tracking":false,"_monsterinsights_sitenote_active":false,"_monsterinsights_sitenote_note":"","_monsterinsights_sitenote_category":0,"spay_email":""},"categories":[27],"tags":[],"jetpack_featured_media_url":"https:\/\/vimagazine.com.br\/wp-content\/uploads\/2023\/08\/30f6b42a-726f-4e5d-a4a2-d3e453736159-1.jpg","_links":{"self":[{"href":"https:\/\/vimagazine.com.br\/index.php?rest_route=\/wp\/v2\/posts\/10242"}],"collection":[{"href":"https:\/\/vimagazine.com.br\/index.php?rest_route=\/wp\/v2\/posts"}],"about":[{"href":"https:\/\/vimagazine.com.br\/index.php?rest_route=\/wp\/v2\/types\/post"}],"author":[{"embeddable":true,"href":"https:\/\/vimagazine.com.br\/index.php?rest_route=\/wp\/v2\/users\/1"}],"replies":[{"embeddable":true,"href":"https:\/\/vimagazine.com.br\/index.php?rest_route=%2Fwp%2Fv2%2Fcomments&post=10242"}],"version-history":[{"count":2,"href":"https:\/\/vimagazine.com.br\/index.php?rest_route=\/wp\/v2\/posts\/10242\/revisions"}],"predecessor-version":[{"id":10247,"href":"https:\/\/vimagazine.com.br\/index.php?rest_route=\/wp\/v2\/posts\/10242\/revisions\/10247"}],"wp:featuredmedia":[{"embeddable":true,"href":"https:\/\/vimagazine.com.br\/index.php?rest_route=\/wp\/v2\/media\/10253"}],"wp:attachment":[{"href":"https:\/\/vimagazine.com.br\/index.php?rest_route=%2Fwp%2Fv2%2Fmedia&parent=10242"}],"wp:term":[{"taxonomy":"category","embeddable":true,"href":"https:\/\/vimagazine.com.br\/index.php?rest_route=%2Fwp%2Fv2%2Fcategories&post=10242"},{"taxonomy":"post_tag","embeddable":true,"href":"https:\/\/vimagazine.com.br\/index.php?rest_route=%2Fwp%2Fv2%2Ftags&post=10242"}],"curies":[{"name":"wp","href":"https:\/\/api.w.org\/{rel}","templated":true}]}}