{"id":10278,"date":"2023-08-29T14:14:48","date_gmt":"2023-08-29T17:14:48","guid":{"rendered":"https:\/\/vimagazine.com.br\/?p=10278"},"modified":"2023-08-29T14:14:50","modified_gmt":"2023-08-29T17:14:50","slug":"ator-murilo-cunha-e-convidado-para-integrar-o-musical-segunda-oke","status":"publish","type":"post","link":"https:\/\/vimagazine.com.br\/?p=10278","title":{"rendered":"Ator Murilo Cunha \u00e9 convidado para integrar o musical Segunda Oke"},"content":{"rendered":"\n<p><\/p>\n\n\n\n<p>O ator e apresentador Murilo Cunha \u00e9 convidado para integrar o elenco do musical \u201cSegunda Oke\u201d inspirado na obra de William Shakespeare, sonho de uma noite de ver\u00e3o.<\/p>\n\n\n\n<p>\u201cFico muito feliz por ser convidado pela segunda vez para esse musical com a dire\u00e7\u00e3o do meu amigo Marcio Macena, tenho certeza que ser\u00e1 um sucesso.\u201d &#8211; declara Murilo.<\/p>\n\n\n\n<p>Ator, modelo e apresentador Murilo atualmente tamb\u00e9m est\u00e1 em turn\u00ea pelo Brasil com a pe\u00e7a \u201cNunca desista de seus sonhos\u201d h\u00e0 quase dois anos.<\/p>\n\n\n\n<figure class=\"wp-block-image size-full is-resized\"><img src=\"https:\/\/vimagazine.com.br\/wp-content\/uploads\/2023\/08\/WhatsApp-Image-2023-08-28-at-21.58.19-1.jpeg\" alt=\"\" class=\"wp-image-10279\" width=\"307\" height=\"460\" srcset=\"https:\/\/vimagazine.com.br\/wp-content\/uploads\/2023\/08\/WhatsApp-Image-2023-08-28-at-21.58.19-1.jpeg 683w, https:\/\/vimagazine.com.br\/wp-content\/uploads\/2023\/08\/WhatsApp-Image-2023-08-28-at-21.58.19-1-200x300.jpeg 200w\" sizes=\"(max-width: 307px) 100vw, 307px\" \/><\/figure>\n\n\n\n<p>SegundaOke!<\/p>\n\n\n\n<p>O ambiente de um t\u00edpico bar de karaok\u00ea. Ao chegar no Galeria Caf\u00e9, o p\u00fablico ser\u00e1 conduzido a mesas e cadeiras. Entre comes, bebes e cantorias de um t\u00edpico bar de karaok\u00ea, dois casais improv\u00e1veis vivem encontros e desencontros, compondo um cen\u00e1rio repleto de questionamentos sobre rela\u00e7\u00f5es nos dias de hoje e amores n\u00e3o correspondidos. Inspirada por uma das mais conhecidas com\u00e9dias de William Shakespeare, &#8220;Sonho de Uma Noite de Ver\u00e3o&#8221;, a pe\u00e7a &#8220;Segunda Ok\u00ea&#8221; marca a continuidade da parceria de Pedro Bosnich e Cristiane Wersom, que montam sua terceira pe\u00e7a como dupla. Idealizado por Pedro, o espet\u00e1culo parte de uma proposta de encena\u00e7\u00e3o n\u00e3o tradicional, utilizando-se, com frequ\u00eancia, o improviso, especialidade de Cristiane Wersom. As m\u00fasicas escolhidas para o karaok\u00ea, que ser\u00e3o mostradas ao p\u00fablico numa cartela, v\u00e3o desde cl\u00e1ssicos globais, como &#8220;Mamma Mia&#8221;, da banda sueca ABBA; at\u00e9 sucessos da dupla Sandy &amp; Junior, sertanejos atuais e &#8220;Evid\u00eancias&#8221;, de Chit\u00e3ozinho &amp; Xoror\u00f3.<\/p>\n\n\n\n<p>No elenco<br>Cris Wersom (Sabrina da novela Vai na F\u00e9) Talita Pereira, Pedro Bosnich e Murilo Cunha.<br>Dire\u00e7\u00e3o M\u00e1rcio Macena<\/p>\n\n\n\n<p><br>9\/10 16\/10 e 23\/10<br>Galeria Caf\u00e9 SP<\/p>\n","protected":false},"excerpt":{"rendered":"<p>O ator e apresentador Murilo Cunha \u00e9 convidado para integrar o elenco do musical \u201cSegunda&#8230;<\/p>\n","protected":false},"author":1,"featured_media":10280,"comment_status":"closed","ping_status":"open","sticky":false,"template":"","format":"standard","meta":{"om_disable_all_campaigns":false,"_monsterinsights_skip_tracking":false,"_monsterinsights_sitenote_active":false,"_monsterinsights_sitenote_note":"","_monsterinsights_sitenote_category":0,"spay_email":""},"categories":[1],"tags":[],"jetpack_featured_media_url":"https:\/\/vimagazine.com.br\/wp-content\/uploads\/2023\/08\/WhatsApp-Image-2023-08-28-at-21.58.19.jpeg","_links":{"self":[{"href":"https:\/\/vimagazine.com.br\/index.php?rest_route=\/wp\/v2\/posts\/10278"}],"collection":[{"href":"https:\/\/vimagazine.com.br\/index.php?rest_route=\/wp\/v2\/posts"}],"about":[{"href":"https:\/\/vimagazine.com.br\/index.php?rest_route=\/wp\/v2\/types\/post"}],"author":[{"embeddable":true,"href":"https:\/\/vimagazine.com.br\/index.php?rest_route=\/wp\/v2\/users\/1"}],"replies":[{"embeddable":true,"href":"https:\/\/vimagazine.com.br\/index.php?rest_route=%2Fwp%2Fv2%2Fcomments&post=10278"}],"version-history":[{"count":1,"href":"https:\/\/vimagazine.com.br\/index.php?rest_route=\/wp\/v2\/posts\/10278\/revisions"}],"predecessor-version":[{"id":10281,"href":"https:\/\/vimagazine.com.br\/index.php?rest_route=\/wp\/v2\/posts\/10278\/revisions\/10281"}],"wp:featuredmedia":[{"embeddable":true,"href":"https:\/\/vimagazine.com.br\/index.php?rest_route=\/wp\/v2\/media\/10280"}],"wp:attachment":[{"href":"https:\/\/vimagazine.com.br\/index.php?rest_route=%2Fwp%2Fv2%2Fmedia&parent=10278"}],"wp:term":[{"taxonomy":"category","embeddable":true,"href":"https:\/\/vimagazine.com.br\/index.php?rest_route=%2Fwp%2Fv2%2Fcategories&post=10278"},{"taxonomy":"post_tag","embeddable":true,"href":"https:\/\/vimagazine.com.br\/index.php?rest_route=%2Fwp%2Fv2%2Ftags&post=10278"}],"curies":[{"name":"wp","href":"https:\/\/api.w.org\/{rel}","templated":true}]}}