{"id":10310,"date":"2023-08-31T10:15:10","date_gmt":"2023-08-31T13:15:10","guid":{"rendered":"https:\/\/vimagazine.com.br\/?p=10310"},"modified":"2023-08-31T10:15:13","modified_gmt":"2023-08-31T13:15:13","slug":"confira-o-que-rolou-nesse-encontro-memoravel-de-muita-conversa-boa-e-historias-marcantes","status":"publish","type":"post","link":"https:\/\/vimagazine.com.br\/?p=10310","title":{"rendered":"Confira o que rolou nesse encontro memor\u00e1vel de muita conversa boa e hist\u00f3rias marcantes"},"content":{"rendered":"\n<p class=\"has-text-align-center\"><strong>Nesta \u00faltima segunda-feira (28) duas figuras ic\u00f4nicas se encontraram em celebra\u00e7\u00e3o e camaradagem.\u00a0<\/strong><\/p>\n\n\n\n<p><\/p>\n\n\n\n<p class=\"has-text-align-center\"><strong>Alexandre Frota,<\/strong>\u00a0renomado ator, diretor e empres\u00e1rio, conhecido n\u00e3o apenas por suas empreitadas art\u00edsticas, mas tamb\u00e9m por seus esfor\u00e7os pol\u00edticos, assumiu um papel \u00fanico como orgulhoso embaixador do clube de futebol Flamengo. <\/p>\n\n\n\n<p><\/p>\n\n\n\n<p class=\"has-text-align-center\">O clube tinha uma surpresa guardada para outra celebridade querida,\u00a0<strong>Carlos Alberto de N\u00f3brega<\/strong>, o veterano humorista e apresentador do programa humor\u00edstico\u00a0&#8216;A Pra\u00e7a\u00a0\u00e9 Nossa&#8217;, o qual sempre compartilha\u00a0com muito orgulho o amor que possui pelo Flamengo.<\/p>\n\n\n\n<figure class=\"wp-block-image aligncenter size-large\"><img width=\"710\" height=\"1024\" src=\"https:\/\/vimagazine.com.br\/wp-content\/uploads\/2023\/08\/Carlos-Alberto-de-Nobrega-e-Alexandre-Frota-710x1024.jpeg\" alt=\"\" class=\"wp-image-10312\" srcset=\"https:\/\/vimagazine.com.br\/wp-content\/uploads\/2023\/08\/Carlos-Alberto-de-Nobrega-e-Alexandre-Frota-710x1024.jpeg 710w, https:\/\/vimagazine.com.br\/wp-content\/uploads\/2023\/08\/Carlos-Alberto-de-Nobrega-e-Alexandre-Frota-208x300.jpeg 208w, https:\/\/vimagazine.com.br\/wp-content\/uploads\/2023\/08\/Carlos-Alberto-de-Nobrega-e-Alexandre-Frota-768x1108.jpeg 768w, https:\/\/vimagazine.com.br\/wp-content\/uploads\/2023\/08\/Carlos-Alberto-de-Nobrega-e-Alexandre-Frota-1065x1536.jpeg 1065w, https:\/\/vimagazine.com.br\/wp-content\/uploads\/2023\/08\/Carlos-Alberto-de-Nobrega-e-Alexandre-Frota-1024x1477.jpeg 1024w, https:\/\/vimagazine.com.br\/wp-content\/uploads\/2023\/08\/Carlos-Alberto-de-Nobrega-e-Alexandre-Frota.jpeg 1066w\" sizes=\"(max-width: 710px) 100vw, 710px\" \/><\/figure>\n\n\n\n<p class=\"has-text-align-center\">Foi uma cena not\u00e1vel quando os mundos do entretenimento e dos esportes se cruzaram, tudo no esp\u00edrito do belo jogo. Carlos Alberto de N\u00f3brega, um verdadeiro Flamenguista de cora\u00e7\u00e3o, foi honrado pelo clube Flamengo com uma camisa oficial personalizada, preparada especialmente para ele. E quem teve a tarefa especial de entregar essa camisa foi ningu\u00e9m menos que Alexandre Frota, o embaixador flamenguista.<\/p>\n\n\n\n<p class=\"has-text-align-center\">Carlos Alberto de N\u00f3brega n\u00e3o escondeu sua emo\u00e7\u00e3o ao receber essa homenagem, uma camisa com seu nome, a qual ele prometeu usar durante o jogo decisivo entre Flamengo e S\u00e3o Paulo na Copa do Brasil. Um gesto que simboliza a paix\u00e3o e devo\u00e7\u00e3o que os torcedores t\u00eam por seus times.<\/p>\n\n\n\n<p class=\"has-text-align-center\">Al\u00e9m disso, o encontro dessas duas personalidades n\u00e3o foi apenas um momento esportivo, mas tamb\u00e9m uma oportunidade para compartilhar hist\u00f3rias e risadas. Carlos Alberto de N\u00f3brega, junto com sua esposa Renata de N\u00f3brega, receberam em seu podcast, um toque extra de divers\u00e3o ao epis\u00f3dio 57 do &#8220;O Pod \u00c9 Nosso&#8221;, com os convidados especiais Alexandre Frota e sua esposa Fabi Frota, que proporcionando aos ouvintes uma vis\u00e3o \u00fanica de sua vida e carreira.<\/p>\n\n\n\n<p class=\"has-text-align-center\">A conversa entre essas personalidades foi um verdadeiro mergulho nas hist\u00f3rias e experi\u00eancias que moldaram suas jornadas at\u00e9 o presente. Desde os primeiros passos em suas respectivas carreiras at\u00e9 os momentos mais engra\u00e7ados e inesquec\u00edveis, a atmosfera descontra\u00edda do podcast permitiu que os ouvintes vislumbrassem o lado humano dessas figuras.<\/p>\n\n\n\n<p><\/p>\n\n\n\n<figure class=\"wp-block-image size-large\"><img width=\"901\" height=\"1024\" src=\"https:\/\/vimagazine.com.br\/wp-content\/uploads\/2023\/08\/Carlos-Alberto-de-Nobrega-ao-lado-da-esposa-Renata-DominguesFabi-e-Alexandre-Frota-901x1024.jpeg\" alt=\"\" class=\"wp-image-10313\" srcset=\"https:\/\/vimagazine.com.br\/wp-content\/uploads\/2023\/08\/Carlos-Alberto-de-Nobrega-ao-lado-da-esposa-Renata-DominguesFabi-e-Alexandre-Frota-901x1024.jpeg 901w, https:\/\/vimagazine.com.br\/wp-content\/uploads\/2023\/08\/Carlos-Alberto-de-Nobrega-ao-lado-da-esposa-Renata-DominguesFabi-e-Alexandre-Frota-264x300.jpeg 264w, https:\/\/vimagazine.com.br\/wp-content\/uploads\/2023\/08\/Carlos-Alberto-de-Nobrega-ao-lado-da-esposa-Renata-DominguesFabi-e-Alexandre-Frota-768x873.jpeg 768w, https:\/\/vimagazine.com.br\/wp-content\/uploads\/2023\/08\/Carlos-Alberto-de-Nobrega-ao-lado-da-esposa-Renata-DominguesFabi-e-Alexandre-Frota-1352x1536.jpeg 1352w, https:\/\/vimagazine.com.br\/wp-content\/uploads\/2023\/08\/Carlos-Alberto-de-Nobrega-ao-lado-da-esposa-Renata-DominguesFabi-e-Alexandre-Frota-1024x1164.jpeg 1024w, https:\/\/vimagazine.com.br\/wp-content\/uploads\/2023\/08\/Carlos-Alberto-de-Nobrega-ao-lado-da-esposa-Renata-DominguesFabi-e-Alexandre-Frota.jpeg 1408w\" sizes=\"(max-width: 901px) 100vw, 901px\" \/><\/figure>\n\n\n\n<p class=\"has-text-align-center\">Alexandre Frota compartilhou detalhes sobre os desafios e triunfos que moldaram sua jornada. Desde o sucesso em telenovelas at\u00e9 sua not\u00e1vel incurs\u00e3o em suas outras \u00e1reas da vida, a conversa destacou a ess\u00eancia multifacetada de Alexandre, que tem desbravado territ\u00f3rios t\u00e3o diversos com uma paix\u00e3o contagiante.<\/p>\n\n\n\n<p class=\"has-text-align-center\">Enquanto isso, Fabi Frota, a Musa Fitness, trouxe uma perspectiva inspiradora sobre sua pr\u00f3pria trajet\u00f3ria. Al\u00e9m de suas grandes conquistas, Fabi revelou sua abordagem \u00e0 vida como empres\u00e1ria e apresentadora. Sua capacidade de equilibrar m\u00faltiplos pap\u00e9is enquanto permanece en\u00e9rgica e aut\u00eantica deixou uma impress\u00e3o duradoura na conversa, refletindo a determina\u00e7\u00e3o e a for\u00e7a que s\u00e3o a marca registrada de sua personalidade.<\/p>\n\n\n\n<p class=\"has-text-align-center\">A entrega da camisa do Flamengo a Carlos Alberto de N\u00f3brega e a cativante conversa no podcast O Pod \u00c9 Nosso, superaram as fronteiras do campo e dos est\u00fadios, refletindo como um lembrete de que, por tr\u00e1s das figuras p\u00fablicas, existem indiv\u00edduos repletos de hist\u00f3rias, sonhos e risos, em um momento \u00fanico, onde o passado e o presente se uniram em um encontro especial.<\/p>\n\n\n\n<p class=\"has-text-align-center\"><strong>Cr\u00e9dito das Fotos: Renato Cipriano <\/strong><\/p>\n\n\n\n<p><\/p>\n","protected":false},"excerpt":{"rendered":"<p>Nesta \u00faltima segunda-feira (28) duas figuras ic\u00f4nicas se encontraram em celebra\u00e7\u00e3o e camaradagem.\u00a0 Alexandre Frota,\u00a0renomado&#8230;<\/p>\n","protected":false},"author":3,"featured_media":10311,"comment_status":"closed","ping_status":"open","sticky":false,"template":"","format":"standard","meta":{"om_disable_all_campaigns":false,"_monsterinsights_skip_tracking":false,"_monsterinsights_sitenote_active":false,"_monsterinsights_sitenote_note":"","_monsterinsights_sitenote_category":0,"spay_email":""},"categories":[1],"tags":[],"jetpack_featured_media_url":"https:\/\/vimagazine.com.br\/wp-content\/uploads\/2023\/08\/Fabi-e-Alexandre-Frota--e1693487556626.jpeg","_links":{"self":[{"href":"https:\/\/vimagazine.com.br\/index.php?rest_route=\/wp\/v2\/posts\/10310"}],"collection":[{"href":"https:\/\/vimagazine.com.br\/index.php?rest_route=\/wp\/v2\/posts"}],"about":[{"href":"https:\/\/vimagazine.com.br\/index.php?rest_route=\/wp\/v2\/types\/post"}],"author":[{"embeddable":true,"href":"https:\/\/vimagazine.com.br\/index.php?rest_route=\/wp\/v2\/users\/3"}],"replies":[{"embeddable":true,"href":"https:\/\/vimagazine.com.br\/index.php?rest_route=%2Fwp%2Fv2%2Fcomments&post=10310"}],"version-history":[{"count":1,"href":"https:\/\/vimagazine.com.br\/index.php?rest_route=\/wp\/v2\/posts\/10310\/revisions"}],"predecessor-version":[{"id":10314,"href":"https:\/\/vimagazine.com.br\/index.php?rest_route=\/wp\/v2\/posts\/10310\/revisions\/10314"}],"wp:featuredmedia":[{"embeddable":true,"href":"https:\/\/vimagazine.com.br\/index.php?rest_route=\/wp\/v2\/media\/10311"}],"wp:attachment":[{"href":"https:\/\/vimagazine.com.br\/index.php?rest_route=%2Fwp%2Fv2%2Fmedia&parent=10310"}],"wp:term":[{"taxonomy":"category","embeddable":true,"href":"https:\/\/vimagazine.com.br\/index.php?rest_route=%2Fwp%2Fv2%2Fcategories&post=10310"},{"taxonomy":"post_tag","embeddable":true,"href":"https:\/\/vimagazine.com.br\/index.php?rest_route=%2Fwp%2Fv2%2Ftags&post=10310"}],"curies":[{"name":"wp","href":"https:\/\/api.w.org\/{rel}","templated":true}]}}