{"id":10316,"date":"2023-08-31T11:29:34","date_gmt":"2023-08-31T14:29:34","guid":{"rendered":"https:\/\/vimagazine.com.br\/?p=10316"},"modified":"2023-08-31T11:29:43","modified_gmt":"2023-08-31T14:29:43","slug":"miss-brasil-terra-2023-morgana-carlos-visita-pomar-urbano-para-conhecer-projeto-integra-tiete-em-sao-paulo","status":"publish","type":"post","link":"https:\/\/vimagazine.com.br\/?p=10316","title":{"rendered":"Miss Brasil Terra 2023, Morgana Carlos visita Pomar Urbano para conhecer projeto &#8221; Integra Tiet\u00ea&#8221; em S\u00e3o Paulo"},"content":{"rendered":"\n<p>Nesta ter\u00e7a feira (29) a Miss Brasil Terra 2023, Morgana Carlos, visitou o Pomar Urbano, situado no parque Bruno Covas, \u00e0s margens do Rio Pinheiros,para conhecer de perto o projeto \u00ab Integra Tiet\u00ea \u00bb.<\/p>\n\n\n\n<p>A bela Morgana que est\u00e1 na reta final de sua prepara\u00e7\u00e3o para disputa do t\u00edtulo mundial \u00ab Miss Earth \u00bb no Vietn\u00e3 chegou acompanhada da diretora executiva da franquia Terra no Brasil, Flavia Cavalcante, Franklin Negrin, seu preparador de passarela e tamb\u00e9m da Miss Paraguai Terra , Gretha Matiaulda.<\/p>\n\n\n\n<p>A franquia Terra \u00e9 conhecida por se diferenciar dos demais concursos de beleza no mundo por se tratar de um concurso que atua no vi\u00e9s da sustentabilidade juntando beleza com prop\u00f3sito.<\/p>\n\n\n\n<figure class=\"wp-block-image size-large\"><img width=\"768\" height=\"1024\" src=\"https:\/\/vimagazine.com.br\/wp-content\/uploads\/2023\/08\/IMG_3007_jpg-1-768x1024.jpg\" alt=\"\" class=\"wp-image-10324\" srcset=\"https:\/\/vimagazine.com.br\/wp-content\/uploads\/2023\/08\/IMG_3007_jpg-1-768x1024.jpg 768w, https:\/\/vimagazine.com.br\/wp-content\/uploads\/2023\/08\/IMG_3007_jpg-1-225x300.jpg 225w, https:\/\/vimagazine.com.br\/wp-content\/uploads\/2023\/08\/IMG_3007_jpg-1-1152x1536.jpg 1152w, https:\/\/vimagazine.com.br\/wp-content\/uploads\/2023\/08\/IMG_3007_jpg-1-1024x1365.jpg 1024w, https:\/\/vimagazine.com.br\/wp-content\/uploads\/2023\/08\/IMG_3007_jpg-1.jpg 1440w\" sizes=\"(max-width: 768px) 100vw, 768px\" \/><\/figure>\n\n\n\n<p>&#8220;Esta \u00e9 uma das raz\u00f5es pelas quais o Ceo da franquia, Marcelo Riformato faz quest\u00e3o de investir em projetos socioambientais, sempre incentivando suas misses eleitas a serem embaixadoras do meio ambiente, tendo como compromisso se engajarem em causas e projetos ambientais. Foi incr\u00edvel ver de perto o projeto Novo Rio Pinheiros com nossas misses Brasil e Paraguai.S\u00e3o jovens antenadas e preocupadas com as causas socioambientais. Est\u00e3o de parab\u00e9ns nossas misses e o governo de S\u00e3o Paulo pela iniciativa.\u201d Falou Fl\u00e1via Cavalcante.<\/p>\n\n\n\n<p>A visita das misses ao Pomar Urbano localizado no parque Bruno Covas foi acompanhada pela gestora do parque, Thalita Vieira e proporcionou \u00e0 equipe Terra, a possibilidade de conhecerem melhor o projeto de integra\u00e7\u00e3o entre governo, iniciativa privada e sociedade civil, que fazem parte das diretivas do IntegraTiet\u00ea. Investimentos e esfor\u00e7os ser\u00e3o integrados por meio de uma forte governan\u00e7a que permitir\u00e1, de forma mais assertiva, direcionar recursos aos pontos mais vulner\u00e1veis do Tiet\u00ea. O programa contar\u00e1 com a cria\u00e7\u00e3o do F\u00f3rum IntegraTiet\u00ea, que ser\u00e1 composto por v\u00e1rios \u00f3rg\u00e3os , como a Secretaria de Meio Ambiente, Infraestrutura e Log\u00edstica (SEMIL), SABESP, DAEE e CETESB, e membros dos Comit\u00eas de Bacias.<\/p>\n\n\n\n<figure class=\"wp-block-image size-large\"><img width=\"768\" height=\"1024\" src=\"https:\/\/vimagazine.com.br\/wp-content\/uploads\/2023\/08\/Facetune_29-08-2023-17-37-17-768x1024.jpg\" alt=\"\" class=\"wp-image-10323\" srcset=\"https:\/\/vimagazine.com.br\/wp-content\/uploads\/2023\/08\/Facetune_29-08-2023-17-37-17-768x1024.jpg 768w, https:\/\/vimagazine.com.br\/wp-content\/uploads\/2023\/08\/Facetune_29-08-2023-17-37-17-225x300.jpg 225w, https:\/\/vimagazine.com.br\/wp-content\/uploads\/2023\/08\/Facetune_29-08-2023-17-37-17-1152x1536.jpg 1152w, https:\/\/vimagazine.com.br\/wp-content\/uploads\/2023\/08\/Facetune_29-08-2023-17-37-17-1024x1365.jpg 1024w, https:\/\/vimagazine.com.br\/wp-content\/uploads\/2023\/08\/Facetune_29-08-2023-17-37-17.jpg 1440w\" sizes=\"(max-width: 768px) 100vw, 768px\" \/><\/figure>\n\n\n\n<p>Entre as principais inova\u00e7\u00f5es trazidas est\u00e3o a estrutura\u00e7\u00e3o de Parcerias P\u00fablico-Privadas (PPPs) para desassoreamento do rio e seus afluentes, medida que confere mais efici\u00eancia e sustentabilidade a longo prazo.<\/p>\n\n\n\n<p>O IntegraTiet\u00ea ter\u00e1 cinco frentes de atua\u00e7\u00e3o em todos os 1.100 quil\u00f4metros ao longo do rio e, para isso, contar\u00e1 com os pilares da Sa\u00fade e Qualidade de Vida; Controle de Cheias; Turismo, Lazer e Integra\u00e7\u00e3o; Efici\u00eancia Log\u00edstica; todos interligados pelo eixo da Governan\u00e7a.<\/p>\n\n\n\n<p>A partir de 2025, as obras que hoje s\u00e3o realizadas pelo DAEE dever\u00e3o passar \u00e0 iniciativa privada por meio de concess\u00e3o administrativa, que permitir\u00e1 a presta\u00e7\u00e3o dos servi\u00e7os de desassoreamento nos 205 km do Alto Tiet\u00ea com mais efici\u00eancia, beneficiando os 39 munic\u00edpios com a redu\u00e7\u00e3o dos impactos das chuvas a longo prazo.<\/p>\n\n\n\n<figure class=\"wp-block-image size-large\"><img width=\"768\" height=\"1024\" src=\"https:\/\/vimagazine.com.br\/wp-content\/uploads\/2023\/08\/Facetune_29-08-2023-17-34-12-768x1024.jpg\" alt=\"\" class=\"wp-image-10321\" srcset=\"https:\/\/vimagazine.com.br\/wp-content\/uploads\/2023\/08\/Facetune_29-08-2023-17-34-12-768x1024.jpg 768w, https:\/\/vimagazine.com.br\/wp-content\/uploads\/2023\/08\/Facetune_29-08-2023-17-34-12-225x300.jpg 225w, https:\/\/vimagazine.com.br\/wp-content\/uploads\/2023\/08\/Facetune_29-08-2023-17-34-12-1152x1536.jpg 1152w, https:\/\/vimagazine.com.br\/wp-content\/uploads\/2023\/08\/Facetune_29-08-2023-17-34-12-1024x1365.jpg 1024w, https:\/\/vimagazine.com.br\/wp-content\/uploads\/2023\/08\/Facetune_29-08-2023-17-34-12.jpg 1440w\" sizes=\"(max-width: 768px) 100vw, 768px\" \/><\/figure>\n\n\n\n<p>O financiamento de R$500 milh\u00f5es do Banco Interamericano de Desenvolvimento (BID) contemplar\u00e1, ainda, mais um pilar do projeto: \u201cTurismo, Lazer e Integra\u00e7\u00e3o\u201d. Aprovado no \u00e2mbito do Renasce Tiet\u00ea, que ser\u00e1 incorporado ao programa, os recursos englobam iniciativas em educa\u00e7\u00e3o, cultura, lazer e esporte em Sales\u00f3polis. O conv\u00eanio permite, ainda, a amplia\u00e7\u00e3o do uso de novas tecnologias de controle para o monitoramento qualitativo e quantitativo das \u00e1guas do rio.<\/p>\n\n\n\n<figure class=\"wp-block-image size-large\"><img width=\"768\" height=\"1024\" src=\"https:\/\/vimagazine.com.br\/wp-content\/uploads\/2023\/08\/Facetune_29-08-2023-17-34-43-768x1024.jpg\" alt=\"\" class=\"wp-image-10318\" srcset=\"https:\/\/vimagazine.com.br\/wp-content\/uploads\/2023\/08\/Facetune_29-08-2023-17-34-43-768x1024.jpg 768w, https:\/\/vimagazine.com.br\/wp-content\/uploads\/2023\/08\/Facetune_29-08-2023-17-34-43-225x300.jpg 225w, https:\/\/vimagazine.com.br\/wp-content\/uploads\/2023\/08\/Facetune_29-08-2023-17-34-43-1152x1536.jpg 1152w, https:\/\/vimagazine.com.br\/wp-content\/uploads\/2023\/08\/Facetune_29-08-2023-17-34-43-1024x1365.jpg 1024w, https:\/\/vimagazine.com.br\/wp-content\/uploads\/2023\/08\/Facetune_29-08-2023-17-34-43.jpg 1440w\" sizes=\"(max-width: 768px) 100vw, 768px\" \/><\/figure>\n\n\n\n<p>O \u00faltimo pilar do programa trata da \u201cEfici\u00eancia Log\u00edstica\u201d. Por meio do Departamento Hidrovi\u00e1rio (DH), \u00f3rg\u00e3o integrante da SEMIL, ser\u00e3o retomadas as obras de aprofundamento do canal de Nova Avanhandava em 3,5 metros, no Baixo Tiet\u00ea, regi\u00e3o Noroeste do Estado, que permitir\u00e3o a navegabilidade mesmo em per\u00edodos de estiagem, com est\u00edmulo ao transporte hidrovi\u00e1rio. O valor de investimento previsto para as obras \u00e9 de R$ 300 milh\u00f5es.<\/p>\n\n\n\n<figure class=\"wp-block-image size-large\"><img width=\"768\" height=\"1024\" src=\"https:\/\/vimagazine.com.br\/wp-content\/uploads\/2023\/08\/Facetune_29-08-2023-17-36-26-768x1024.jpg\" alt=\"\" class=\"wp-image-10320\" srcset=\"https:\/\/vimagazine.com.br\/wp-content\/uploads\/2023\/08\/Facetune_29-08-2023-17-36-26-768x1024.jpg 768w, https:\/\/vimagazine.com.br\/wp-content\/uploads\/2023\/08\/Facetune_29-08-2023-17-36-26-225x300.jpg 225w, https:\/\/vimagazine.com.br\/wp-content\/uploads\/2023\/08\/Facetune_29-08-2023-17-36-26-1152x1536.jpg 1152w, https:\/\/vimagazine.com.br\/wp-content\/uploads\/2023\/08\/Facetune_29-08-2023-17-36-26-1024x1365.jpg 1024w, https:\/\/vimagazine.com.br\/wp-content\/uploads\/2023\/08\/Facetune_29-08-2023-17-36-26.jpg 1440w\" sizes=\"(max-width: 768px) 100vw, 768px\" \/><\/figure>\n","protected":false},"excerpt":{"rendered":"<p>Nesta ter\u00e7a feira (29) a Miss Brasil Terra 2023, Morgana Carlos, visitou o Pomar Urbano,&#8230;<\/p>\n","protected":false},"author":18,"featured_media":10322,"comment_status":"closed","ping_status":"open","sticky":false,"template":"","format":"standard","meta":{"om_disable_all_campaigns":false,"_monsterinsights_skip_tracking":false,"_monsterinsights_sitenote_active":false,"_monsterinsights_sitenote_note":"","_monsterinsights_sitenote_category":0,"spay_email":""},"categories":[26,1],"tags":[],"jetpack_featured_media_url":"https:\/\/vimagazine.com.br\/wp-content\/uploads\/2023\/08\/Facetune_29-08-2023-17-35-48.jpg","_links":{"self":[{"href":"https:\/\/vimagazine.com.br\/index.php?rest_route=\/wp\/v2\/posts\/10316"}],"collection":[{"href":"https:\/\/vimagazine.com.br\/index.php?rest_route=\/wp\/v2\/posts"}],"about":[{"href":"https:\/\/vimagazine.com.br\/index.php?rest_route=\/wp\/v2\/types\/post"}],"author":[{"embeddable":true,"href":"https:\/\/vimagazine.com.br\/index.php?rest_route=\/wp\/v2\/users\/18"}],"replies":[{"embeddable":true,"href":"https:\/\/vimagazine.com.br\/index.php?rest_route=%2Fwp%2Fv2%2Fcomments&post=10316"}],"version-history":[{"count":1,"href":"https:\/\/vimagazine.com.br\/index.php?rest_route=\/wp\/v2\/posts\/10316\/revisions"}],"predecessor-version":[{"id":10325,"href":"https:\/\/vimagazine.com.br\/index.php?rest_route=\/wp\/v2\/posts\/10316\/revisions\/10325"}],"wp:featuredmedia":[{"embeddable":true,"href":"https:\/\/vimagazine.com.br\/index.php?rest_route=\/wp\/v2\/media\/10322"}],"wp:attachment":[{"href":"https:\/\/vimagazine.com.br\/index.php?rest_route=%2Fwp%2Fv2%2Fmedia&parent=10316"}],"wp:term":[{"taxonomy":"category","embeddable":true,"href":"https:\/\/vimagazine.com.br\/index.php?rest_route=%2Fwp%2Fv2%2Fcategories&post=10316"},{"taxonomy":"post_tag","embeddable":true,"href":"https:\/\/vimagazine.com.br\/index.php?rest_route=%2Fwp%2Fv2%2Ftags&post=10316"}],"curies":[{"name":"wp","href":"https:\/\/api.w.org\/{rel}","templated":true}]}}