{"id":10361,"date":"2023-09-05T17:30:00","date_gmt":"2023-09-05T20:30:00","guid":{"rendered":"https:\/\/vimagazine.com.br\/?p=10361"},"modified":"2023-09-05T17:31:22","modified_gmt":"2023-09-05T20:31:22","slug":"dr-ricardo-cavalcanti-brilha-internacionalmente-na-cirurgia-plastica","status":"publish","type":"post","link":"https:\/\/vimagazine.com.br\/?p=10361","title":{"rendered":"Dr. Ricardo Cavalcanti Brilha Internacionalmente na Cirurgia Pl\u00e1stica\u00a0"},"content":{"rendered":"\n<p><\/p>\n\n\n\n<p><\/p>\n\n\n\n<p>O renomado Dr. Ricardo Cavalcanti, membro de v\u00e1rias sociedades m\u00e9dicas internacionais, passou uma temporada na Europa para participar de um prestigioso congresso de cirurgia pl\u00e1stica. Durante sua estadia, ele teve a oportunidade de se reunir com colegas e l\u00edderes da comunidade internacional de cirurgia pl\u00e1stica no elegante jantar de gala promovido por Aris Sterodimas, em Atenas, na Gr\u00e9cia.<\/p>\n\n\n\n<figure class=\"wp-block-image size-full\"><img width=\"828\" height=\"568\" src=\"https:\/\/vimagazine.com.br\/wp-content\/uploads\/2023\/09\/IMG_1299.jpeg\" alt=\"\" class=\"wp-image-10363\" srcset=\"https:\/\/vimagazine.com.br\/wp-content\/uploads\/2023\/09\/IMG_1299.jpeg 828w, https:\/\/vimagazine.com.br\/wp-content\/uploads\/2023\/09\/IMG_1299-300x206.jpeg 300w, https:\/\/vimagazine.com.br\/wp-content\/uploads\/2023\/09\/IMG_1299-768x527.jpeg 768w\" sizes=\"(max-width: 828px) 100vw, 828px\" \/><\/figure>\n\n\n\n<p>Dr. Ricardo Cavalcanti, professor e chefe da divis\u00e3o de cirurgia pl\u00e1stica e cirurgia reparadora da Universidade Federal do Estado do Rio de Janeiro, al\u00e9m de diretor do Instituto Carlos Chagas, uma das joias acad\u00eamicas do Brasil no estilo &#8220;Oxford,&#8221; oferecendo cursos de gradua\u00e7\u00e3o e p\u00f3s-gradua\u00e7\u00e3o para capacitar profissionais na \u00e1rea da sa\u00fade.<\/p>\n\n\n\n<figure class=\"wp-block-image size-large\"><img width=\"768\" height=\"1024\" src=\"https:\/\/vimagazine.com.br\/wp-content\/uploads\/2023\/09\/548c8a0e-0791-4762-ac4f-604c65d6ce3c-1-768x1024.jpeg\" alt=\"\" class=\"wp-image-10368\" srcset=\"https:\/\/vimagazine.com.br\/wp-content\/uploads\/2023\/09\/548c8a0e-0791-4762-ac4f-604c65d6ce3c-1-768x1024.jpeg 768w, https:\/\/vimagazine.com.br\/wp-content\/uploads\/2023\/09\/548c8a0e-0791-4762-ac4f-604c65d6ce3c-1-225x300.jpeg 225w, https:\/\/vimagazine.com.br\/wp-content\/uploads\/2023\/09\/548c8a0e-0791-4762-ac4f-604c65d6ce3c-1-1152x1536.jpeg 1152w, https:\/\/vimagazine.com.br\/wp-content\/uploads\/2023\/09\/548c8a0e-0791-4762-ac4f-604c65d6ce3c-1-1024x1365.jpeg 1024w, https:\/\/vimagazine.com.br\/wp-content\/uploads\/2023\/09\/548c8a0e-0791-4762-ac4f-604c65d6ce3c-1.jpeg 1200w\" sizes=\"(max-width: 768px) 100vw, 768px\" \/><figcaption>Prof. Arben Gjata<br>Reitor da universidade federal da Alb\u00e2nia<\/figcaption><\/figure>\n\n\n\n<p>Durante sua estada na Europa, o Prof. Ricardo Cavalcanti discutiu importantes colabora\u00e7\u00f5es entre sua universidade e o Instituto Carlos Chagas com o Prof. Arben Gjata, Reitor da Universidade Federal da Alb\u00e2nia. Essas colabora\u00e7\u00f5es visam a realiza\u00e7\u00e3o de cursos de longa e curta dura\u00e7\u00e3o, e o encontro teve a honra de contar com a participa\u00e7\u00e3o da Vice-Ministra da Sa\u00fade, Mira Racolli.<\/p>\n\n\n\n<p><\/p>\n\n\n\n<figure class=\"wp-container-2 wp-block-gallery-1 wp-block-gallery has-nested-images columns-default is-cropped\">\n<figure class=\"wp-block-image size-large\"><img width=\"1024\" height=\"1008\" data-id=\"10366\"  src=\"https:\/\/vimagazine.com.br\/wp-content\/uploads\/2023\/09\/5b6d3bf4-903f-4d87-b435-ba0197a9c01f-1-1024x1008.jpeg\" alt=\"\" class=\"wp-image-10366\" srcset=\"https:\/\/vimagazine.com.br\/wp-content\/uploads\/2023\/09\/5b6d3bf4-903f-4d87-b435-ba0197a9c01f-1-1024x1008.jpeg 1024w, https:\/\/vimagazine.com.br\/wp-content\/uploads\/2023\/09\/5b6d3bf4-903f-4d87-b435-ba0197a9c01f-1-300x295.jpeg 300w, https:\/\/vimagazine.com.br\/wp-content\/uploads\/2023\/09\/5b6d3bf4-903f-4d87-b435-ba0197a9c01f-1-768x756.jpeg 768w, https:\/\/vimagazine.com.br\/wp-content\/uploads\/2023\/09\/5b6d3bf4-903f-4d87-b435-ba0197a9c01f-1-1536x1512.jpeg 1536w, https:\/\/vimagazine.com.br\/wp-content\/uploads\/2023\/09\/5b6d3bf4-903f-4d87-b435-ba0197a9c01f-1.jpeg 1557w\" sizes=\"(max-width: 1024px) 100vw, 1024px\" \/><figcaption>Mira Racolli, vice ministra da sa\u00fade<\/figcaption><\/figure>\n<\/figure>\n\n\n\n<p>Al\u00e9m disso, Dr. Ricardo Cavalcanti teve a oportunidade de compartilhar sua vis\u00e3o sobre o protagonismo da cirurgia pl\u00e1stica no Brasil durante uma entrevista para a TV Dritare.<\/p>\n\n\n\n<figure class=\"wp-block-image size-large\"><img width=\"768\" height=\"1024\" src=\"https:\/\/vimagazine.com.br\/wp-content\/uploads\/2023\/09\/55ace80b-26d8-4dfc-8976-b626c485b127-768x1024.jpeg\" alt=\"\" class=\"wp-image-10362\" srcset=\"https:\/\/vimagazine.com.br\/wp-content\/uploads\/2023\/09\/55ace80b-26d8-4dfc-8976-b626c485b127-768x1024.jpeg 768w, https:\/\/vimagazine.com.br\/wp-content\/uploads\/2023\/09\/55ace80b-26d8-4dfc-8976-b626c485b127-225x300.jpeg 225w, https:\/\/vimagazine.com.br\/wp-content\/uploads\/2023\/09\/55ace80b-26d8-4dfc-8976-b626c485b127.jpeg 960w\" sizes=\"(max-width: 768px) 100vw, 768px\" \/><\/figure>\n\n\n\n<p>O Dr. Ricardo Cavalcanti continua a elevar a cirurgia pl\u00e1stica brasileira a novos patamares, consolidando sua posi\u00e7\u00e3o como l\u00edder na \u00e1rea e fomentando colabora\u00e7\u00f5es acad\u00eamicas de prest\u00edgio internacional.<\/p>\n\n\n\n<figure class=\"wp-block-image size-large\"><img width=\"768\" height=\"1024\" src=\"https:\/\/vimagazine.com.br\/wp-content\/uploads\/2023\/09\/b8cc8470-9119-4570-aa43-ba1708d5a7bd-768x1024.jpeg\" alt=\"\" class=\"wp-image-10369\" srcset=\"https:\/\/vimagazine.com.br\/wp-content\/uploads\/2023\/09\/b8cc8470-9119-4570-aa43-ba1708d5a7bd-768x1024.jpeg 768w, https:\/\/vimagazine.com.br\/wp-content\/uploads\/2023\/09\/b8cc8470-9119-4570-aa43-ba1708d5a7bd-225x300.jpeg 225w, https:\/\/vimagazine.com.br\/wp-content\/uploads\/2023\/09\/b8cc8470-9119-4570-aa43-ba1708d5a7bd.jpeg 960w\" sizes=\"(max-width: 768px) 100vw, 768px\" \/><\/figure>\n\n\n\n<figure class=\"wp-container-4 wp-block-gallery-3 wp-block-gallery has-nested-images columns-default is-cropped\">\n<figure class=\"wp-block-image size-large\"><img width=\"768\" height=\"1024\" data-id=\"10367\"  src=\"https:\/\/vimagazine.com.br\/wp-content\/uploads\/2023\/09\/3ccb21b4-1e80-47d9-96cf-a6a402062006-768x1024.jpeg\" alt=\"\" class=\"wp-image-10367\" srcset=\"https:\/\/vimagazine.com.br\/wp-content\/uploads\/2023\/09\/3ccb21b4-1e80-47d9-96cf-a6a402062006-768x1024.jpeg 768w, https:\/\/vimagazine.com.br\/wp-content\/uploads\/2023\/09\/3ccb21b4-1e80-47d9-96cf-a6a402062006-225x300.jpeg 225w, https:\/\/vimagazine.com.br\/wp-content\/uploads\/2023\/09\/3ccb21b4-1e80-47d9-96cf-a6a402062006.jpeg 960w\" sizes=\"(max-width: 768px) 100vw, 768px\" \/><\/figure>\n<\/figure>\n","protected":false},"excerpt":{"rendered":"<p>O renomado Dr. Ricardo Cavalcanti, membro de v\u00e1rias sociedades m\u00e9dicas internacionais, passou uma temporada na&#8230;<\/p>\n","protected":false},"author":18,"featured_media":10367,"comment_status":"closed","ping_status":"open","sticky":false,"template":"","format":"standard","meta":{"om_disable_all_campaigns":false,"_monsterinsights_skip_tracking":false,"_monsterinsights_sitenote_active":false,"_monsterinsights_sitenote_note":"","_monsterinsights_sitenote_category":0,"spay_email":""},"categories":[126],"tags":[45],"jetpack_featured_media_url":"https:\/\/vimagazine.com.br\/wp-content\/uploads\/2023\/09\/3ccb21b4-1e80-47d9-96cf-a6a402062006.jpeg","_links":{"self":[{"href":"https:\/\/vimagazine.com.br\/index.php?rest_route=\/wp\/v2\/posts\/10361"}],"collection":[{"href":"https:\/\/vimagazine.com.br\/index.php?rest_route=\/wp\/v2\/posts"}],"about":[{"href":"https:\/\/vimagazine.com.br\/index.php?rest_route=\/wp\/v2\/types\/post"}],"author":[{"embeddable":true,"href":"https:\/\/vimagazine.com.br\/index.php?rest_route=\/wp\/v2\/users\/18"}],"replies":[{"embeddable":true,"href":"https:\/\/vimagazine.com.br\/index.php?rest_route=%2Fwp%2Fv2%2Fcomments&post=10361"}],"version-history":[{"count":3,"href":"https:\/\/vimagazine.com.br\/index.php?rest_route=\/wp\/v2\/posts\/10361\/revisions"}],"predecessor-version":[{"id":10373,"href":"https:\/\/vimagazine.com.br\/index.php?rest_route=\/wp\/v2\/posts\/10361\/revisions\/10373"}],"wp:featuredmedia":[{"embeddable":true,"href":"https:\/\/vimagazine.com.br\/index.php?rest_route=\/wp\/v2\/media\/10367"}],"wp:attachment":[{"href":"https:\/\/vimagazine.com.br\/index.php?rest_route=%2Fwp%2Fv2%2Fmedia&parent=10361"}],"wp:term":[{"taxonomy":"category","embeddable":true,"href":"https:\/\/vimagazine.com.br\/index.php?rest_route=%2Fwp%2Fv2%2Fcategories&post=10361"},{"taxonomy":"post_tag","embeddable":true,"href":"https:\/\/vimagazine.com.br\/index.php?rest_route=%2Fwp%2Fv2%2Ftags&post=10361"}],"curies":[{"name":"wp","href":"https:\/\/api.w.org\/{rel}","templated":true}]}}