{"id":10375,"date":"2023-09-06T11:38:00","date_gmt":"2023-09-06T14:38:00","guid":{"rendered":"https:\/\/vimagazine.com.br\/?p=10375"},"modified":"2023-09-06T11:38:01","modified_gmt":"2023-09-06T14:38:01","slug":"claudia-metne-marcou-presenca-no-the-town","status":"publish","type":"post","link":"https:\/\/vimagazine.com.br\/?p=10375","title":{"rendered":"Claudia M\u00e9tne marcou presen\u00e7a no The Town\u00a0"},"content":{"rendered":"\n<figure class=\"wp-block-image aligncenter size-large is-resized\"><img src=\"https:\/\/vimagazine.com.br\/wp-content\/uploads\/2023\/09\/WhatsApp-Image-2023-09-04-at-17.00.40-768x1024.jpeg\" alt=\"\" class=\"wp-image-10376\" width=\"373\" height=\"497\" srcset=\"https:\/\/vimagazine.com.br\/wp-content\/uploads\/2023\/09\/WhatsApp-Image-2023-09-04-at-17.00.40-768x1024.jpeg 768w, https:\/\/vimagazine.com.br\/wp-content\/uploads\/2023\/09\/WhatsApp-Image-2023-09-04-at-17.00.40-225x300.jpeg 225w, https:\/\/vimagazine.com.br\/wp-content\/uploads\/2023\/09\/WhatsApp-Image-2023-09-04-at-17.00.40-1152x1536.jpeg 1152w, https:\/\/vimagazine.com.br\/wp-content\/uploads\/2023\/09\/WhatsApp-Image-2023-09-04-at-17.00.40-1024x1365.jpeg 1024w, https:\/\/vimagazine.com.br\/wp-content\/uploads\/2023\/09\/WhatsApp-Image-2023-09-04-at-17.00.40.jpeg 1200w\" sizes=\"(max-width: 373px) 100vw, 373px\" \/><\/figure>\n\n\n\n<figure class=\"wp-block-image aligncenter size-large is-resized\"><img src=\"https:\/\/vimagazine.com.br\/wp-content\/uploads\/2023\/09\/WhatsApp-Image-2023-09-04-at-17.01.53-694x1024.jpeg\" alt=\"\" class=\"wp-image-10377\" width=\"414\" height=\"611\" srcset=\"https:\/\/vimagazine.com.br\/wp-content\/uploads\/2023\/09\/WhatsApp-Image-2023-09-04-at-17.01.53-694x1024.jpeg 694w, https:\/\/vimagazine.com.br\/wp-content\/uploads\/2023\/09\/WhatsApp-Image-2023-09-04-at-17.01.53-203x300.jpeg 203w, https:\/\/vimagazine.com.br\/wp-content\/uploads\/2023\/09\/WhatsApp-Image-2023-09-04-at-17.01.53-768x1133.jpeg 768w, https:\/\/vimagazine.com.br\/wp-content\/uploads\/2023\/09\/WhatsApp-Image-2023-09-04-at-17.01.53-1042x1536.jpeg 1042w, https:\/\/vimagazine.com.br\/wp-content\/uploads\/2023\/09\/WhatsApp-Image-2023-09-04-at-17.01.53-1024x1510.jpeg 1024w, https:\/\/vimagazine.com.br\/wp-content\/uploads\/2023\/09\/WhatsApp-Image-2023-09-04-at-17.01.53.jpeg 1085w\" sizes=\"(max-width: 414px) 100vw, 414px\" \/><\/figure>\n\n\n\n<p>Influencer Claudia M\u00e9tne curtiu nesse fim de semana o The Town, festival no Aut\u00f3dromo de Interlagos onde havia cerca de 200 mil pessoas segundo a organiza\u00e7\u00e3o.<\/p>\n\n\n\n<p>Inesquec\u00edvel ser\u00e1! -disse Claudia M\u00e9tne em seu Instagram<br><\/p>\n\n\n\n<p>A influencer marcou presen\u00e7a no The Town Festival com seu marido Sergio Schildt aproveitando o evento musical com entusiasmo ao som do DJ Alok e Bruno Mars e rodeada de famosos&nbsp;&nbsp;<\/p>\n\n\n\n<p>No lounge vip a influencer clicou encontro com Rodrigo Faro, Cris Vianna e Alvaro<\/p>\n\n\n\n<p>O primeiro de muitas outras edi\u00e7\u00f5es o&nbsp;<a href=\"https:\/\/www.instagram.com\/thetownfestival\/\" target=\"_blank\" rel=\"noreferrer noopener\">@thetownfestival<\/a>&nbsp;foi um espet\u00e1culo \u00fanico! -disse a Influencer<br><a href=\"https:\/\/www.instagram.com\/alok\/\" target=\"_blank\" rel=\"noreferrer noopener\">@alok<br><\/a><a href=\"https:\/\/www.instagram.com\/brunomars\/\" target=\"_blank\" rel=\"noreferrer noopener\">@brunomars<\/a><\/p>\n","protected":false},"excerpt":{"rendered":"<p>Influencer Claudia M\u00e9tne curtiu nesse fim de semana o The Town, festival no Aut\u00f3dromo de&#8230;<\/p>\n","protected":false},"author":19,"featured_media":10378,"comment_status":"closed","ping_status":"open","sticky":false,"template":"","format":"standard","meta":{"om_disable_all_campaigns":false,"_monsterinsights_skip_tracking":false,"_monsterinsights_sitenote_active":false,"_monsterinsights_sitenote_note":"","_monsterinsights_sitenote_category":0,"spay_email":""},"categories":[26],"tags":[],"jetpack_featured_media_url":"https:\/\/vimagazine.com.br\/wp-content\/uploads\/2023\/09\/WhatsApp-Image-2023-09-04-at-17.00.19-1.jpeg","_links":{"self":[{"href":"https:\/\/vimagazine.com.br\/index.php?rest_route=\/wp\/v2\/posts\/10375"}],"collection":[{"href":"https:\/\/vimagazine.com.br\/index.php?rest_route=\/wp\/v2\/posts"}],"about":[{"href":"https:\/\/vimagazine.com.br\/index.php?rest_route=\/wp\/v2\/types\/post"}],"author":[{"embeddable":true,"href":"https:\/\/vimagazine.com.br\/index.php?rest_route=\/wp\/v2\/users\/19"}],"replies":[{"embeddable":true,"href":"https:\/\/vimagazine.com.br\/index.php?rest_route=%2Fwp%2Fv2%2Fcomments&post=10375"}],"version-history":[{"count":1,"href":"https:\/\/vimagazine.com.br\/index.php?rest_route=\/wp\/v2\/posts\/10375\/revisions"}],"predecessor-version":[{"id":10379,"href":"https:\/\/vimagazine.com.br\/index.php?rest_route=\/wp\/v2\/posts\/10375\/revisions\/10379"}],"wp:featuredmedia":[{"embeddable":true,"href":"https:\/\/vimagazine.com.br\/index.php?rest_route=\/wp\/v2\/media\/10378"}],"wp:attachment":[{"href":"https:\/\/vimagazine.com.br\/index.php?rest_route=%2Fwp%2Fv2%2Fmedia&parent=10375"}],"wp:term":[{"taxonomy":"category","embeddable":true,"href":"https:\/\/vimagazine.com.br\/index.php?rest_route=%2Fwp%2Fv2%2Fcategories&post=10375"},{"taxonomy":"post_tag","embeddable":true,"href":"https:\/\/vimagazine.com.br\/index.php?rest_route=%2Fwp%2Fv2%2Ftags&post=10375"}],"curies":[{"name":"wp","href":"https:\/\/api.w.org\/{rel}","templated":true}]}}