{"id":10380,"date":"2023-09-06T12:52:13","date_gmt":"2023-09-06T15:52:13","guid":{"rendered":"https:\/\/vimagazine.com.br\/?p=10380"},"modified":"2023-09-06T13:04:31","modified_gmt":"2023-09-06T16:04:31","slug":"a-moda-esta-na-sensibilidade-do-olhar","status":"publish","type":"post","link":"https:\/\/vimagazine.com.br\/?p=10380","title":{"rendered":"A moda est\u00e1 na sensibilidade do olhar"},"content":{"rendered":"\n<p><\/p>\n\n\n\n<p class=\"has-medium-font-size\">Aos 29 anos, Vitor Biannk \u00e9 natural de S\u00e3o Paulo e desde pequeno j\u00e1 se mostrava comunicativo em apresenta\u00e7\u00f5es na escola, festividades e em reuni\u00f5es de&nbsp; fam\u00edlia. Estudou Design de Moda, \u00e9 formado e tem uma rica bagagem profissional. J\u00e1 foi assistente pessoal, trabalhou no backstage&nbsp; de um dos maiores eventos de moda o SPFW, foi personal style, palestrou sobre tend\u00eancias de&nbsp; moda, fez assessoria de imprensa, deu curso de moda para turistas em Nova York \u201cWorktur\u201d e j\u00e1 recebeu um convite para um&nbsp; projeto Paris em Mil\u00e3o.<\/p>\n\n\n\n<p class=\"has-medium-font-size\">Conhecido pelo bord\u00e3o <em>\u201cOi gente, eu sou Vitor Biannk,<\/em>\u201d \u00e9 assim que ele, de forma despretensiosa, grava seus stories mostrando sua rotina que \u00e9 bem corrida. Sua simpatia, alto astral e sorriso \u00e9 o que faz a diferen\u00e7a em sua rotina. Atualmente trabalha como gerente de marketing da ag\u00eancia Glamour Models, por\u00e9m, sempre de olho nas atualidades do mundo da moda.<\/p>\n\n\n\n<p class=\"has-medium-font-size\"><em>\u201cA moda n\u00e3o \u00e9 s\u00f3 vestir, a moda \u00e9 o comportamento, cultura, \u00e9 o que a gente v\u00ea na rua. Pra mim \u00e9 comunica\u00e7\u00e3o e express\u00e3o e todos n\u00f3s estamos em busca de expor isso de alguma forma, seja atrav\u00e9s de um look, um acess\u00f3rio, uma foto. Tudo \u00e9 moda, basta ter a sensibilidade no olhar\u201d \u2013 declara Vitor Biannk.<\/em><\/p>\n\n\n\n<p><\/p>\n\n\n\n<figure class=\"wp-container-2 wp-block-gallery-1 wp-block-gallery has-nested-images columns-default is-cropped\">\n<figure class=\"wp-block-image size-large\"><img width=\"853\" height=\"1280\" data-id=\"10381\"  src=\"https:\/\/vimagazine.com.br\/wp-content\/uploads\/2023\/09\/WhatsApp-Image-2023-09-05-at-11.44.38-1.jpeg\" alt=\"\" class=\"wp-image-10381\" srcset=\"https:\/\/vimagazine.com.br\/wp-content\/uploads\/2023\/09\/WhatsApp-Image-2023-09-05-at-11.44.38-1.jpeg 853w, https:\/\/vimagazine.com.br\/wp-content\/uploads\/2023\/09\/WhatsApp-Image-2023-09-05-at-11.44.38-1-200x300.jpeg 200w, https:\/\/vimagazine.com.br\/wp-content\/uploads\/2023\/09\/WhatsApp-Image-2023-09-05-at-11.44.38-1-682x1024.jpeg 682w, https:\/\/vimagazine.com.br\/wp-content\/uploads\/2023\/09\/WhatsApp-Image-2023-09-05-at-11.44.38-1-768x1152.jpeg 768w\" sizes=\"(max-width: 853px) 100vw, 853px\" \/><\/figure>\n\n\n\n<figure class=\"wp-block-image size-large\"><img width=\"1170\" height=\"1432\" data-id=\"10382\"  src=\"https:\/\/vimagazine.com.br\/wp-content\/uploads\/2023\/09\/WhatsApp-Image-2023-09-05-at-11.44.38.jpeg\" alt=\"\" class=\"wp-image-10382\" srcset=\"https:\/\/vimagazine.com.br\/wp-content\/uploads\/2023\/09\/WhatsApp-Image-2023-09-05-at-11.44.38.jpeg 1170w, https:\/\/vimagazine.com.br\/wp-content\/uploads\/2023\/09\/WhatsApp-Image-2023-09-05-at-11.44.38-245x300.jpeg 245w, https:\/\/vimagazine.com.br\/wp-content\/uploads\/2023\/09\/WhatsApp-Image-2023-09-05-at-11.44.38-837x1024.jpeg 837w, https:\/\/vimagazine.com.br\/wp-content\/uploads\/2023\/09\/WhatsApp-Image-2023-09-05-at-11.44.38-768x940.jpeg 768w, https:\/\/vimagazine.com.br\/wp-content\/uploads\/2023\/09\/WhatsApp-Image-2023-09-05-at-11.44.38-1024x1253.jpeg 1024w\" sizes=\"(max-width: 1170px) 100vw, 1170px\" \/><\/figure>\n\n\n\n<figure class=\"wp-block-image size-large\"><img width=\"1161\" height=\"1377\" data-id=\"10383\"  src=\"https:\/\/vimagazine.com.br\/wp-content\/uploads\/2023\/09\/WhatsApp-Image-2023-09-05-at-11.44.37.jpeg\" alt=\"\" class=\"wp-image-10383\" srcset=\"https:\/\/vimagazine.com.br\/wp-content\/uploads\/2023\/09\/WhatsApp-Image-2023-09-05-at-11.44.37.jpeg 1161w, https:\/\/vimagazine.com.br\/wp-content\/uploads\/2023\/09\/WhatsApp-Image-2023-09-05-at-11.44.37-253x300.jpeg 253w, https:\/\/vimagazine.com.br\/wp-content\/uploads\/2023\/09\/WhatsApp-Image-2023-09-05-at-11.44.37-863x1024.jpeg 863w, https:\/\/vimagazine.com.br\/wp-content\/uploads\/2023\/09\/WhatsApp-Image-2023-09-05-at-11.44.37-768x911.jpeg 768w, https:\/\/vimagazine.com.br\/wp-content\/uploads\/2023\/09\/WhatsApp-Image-2023-09-05-at-11.44.37-1024x1215.jpeg 1024w\" sizes=\"(max-width: 1161px) 100vw, 1161px\" \/><\/figure>\n<\/figure>\n\n\n\n<p class=\"has-medium-font-size\">Confira entrevista com Vitor Biannk:<\/p>\n\n\n\n<p class=\"has-medium-font-size\"><strong>Vitor, como foi trabalhar no backstage de um dos maiores eventos de moda no SPFW?<\/strong><\/p>\n\n\n\n<p class=\"has-medium-font-size\">Trabalhar no backstage na parte de produ\u00e7\u00e3o,&nbsp; mesmo sendo estagi\u00e1rio foi um aprendizado incr\u00edvel, pois foi atrav\u00e9s dali que eu percebi o quanto a moda \u00e9 ampla e existe um leque de possibilidades<strong>.<\/strong><\/p>\n\n\n\n<p class=\"has-medium-font-size\"><strong>Como personal style, o que mais as pessoas buscam para melhoria do seu visual?<\/strong><\/p>\n\n\n\n<p class=\"has-medium-font-size\">Ser condutor de imagem ou personal style vai al\u00e9m de invadir o closet do seu cliente, e conhecer as roupas dele, voc\u00ea vai trabalhar com a quest\u00e3o da auto estima e muitas vezes do encontro da pessoa, porque em geral elas est\u00e3o um pouco perdidas. E ai, quando encontram com seu estilo, tudo fica mais simples e m\u00e1gico. Ent\u00e3o \u00e9 uma tarefa super dif\u00edcil, por\u00e9m gratificante eu posso dizer que fico muito feliz em fazer essas consultorias.<\/p>\n\n\n\n<p class=\"has-medium-font-size\">J\u00e1 tive casos espor\u00e1dicos de clientes que se sentiam feias e logo ap\u00f3s a consultoria se sentirem bel\u00edssimas; e de fato eram pessoas bonitas mas, que n\u00e3o conseguiam se enxergar. Teve caso de pessoas solteiras que conseguiram namorar e at\u00e9 casar. Foram promovidas de trabalho, porque al\u00e9m de ter um bom curr\u00edculo, com o look adequado para determinada fun\u00e7\u00e3o teve uma visibilidade maior. Ent\u00e3o a gente percebe que a moda n\u00e3o \u00e9 apenas o vestir, a moda \u00e9 o comportamento, a consultoria vai al\u00e9m, tem que ter todo esse cuidado com a empatia, por isso digo que o personal \u00e9 um psic\u00f3logo fashion.<\/p>\n\n\n\n<p class=\"has-medium-font-size\"><strong>Suas palestras sobre tend\u00eancia de moda, de onde vem suas inspira\u00e7\u00f5es para tem\u00e1tica da palestra?<\/strong><\/p>\n\n\n\n<p class=\"has-medium-font-size\">Primeiro no WGSN que \u00e9 uma empresa de previs\u00e3o de tend\u00eancias. Ela solta no primeiro impacto um pouco do preview do que vai ser a pr\u00f3xima esta\u00e7\u00e3o, em seguida eu vejo a pantone que vem essa quest\u00e3o de cartela de cor Mondial.&nbsp; E ai depois eu membro para palestras de inspira\u00e7\u00e3o como Senac moda informa\u00e7\u00e3o entre outros e ai eu venho para as Fashion Wings da vida Paris Fashion Week, New York Fashion Week, Nova York, Mil\u00e3o, enfim os ber\u00e7os da moda para ai sim finalizar a minha pesquisa de tend\u00eancia em filmes e novelas atuais, onde tem aquele personagem &nbsp;marcante e clipes musicais, tudo isso \u00e9 manifesta\u00e7\u00e3o de tend\u00eancias.<\/p>\n\n\n\n<p class=\"has-medium-font-size\"><strong>Cursos de moda, tem algum plano de curso no Brasil?<\/strong><\/p>\n\n\n\n<p class=\"has-medium-font-size\">Bom, nunca pensei em nenhum curso de moda no Brasi mas, assim como tive a experi\u00eancia worktur em Nova York, acho que poder\u00edamos trazer essa ess\u00eancia para o Brasil, afinal de contas o Brasil \u00e9 um pa\u00eds muito rico em cultura, em estilistas e mat\u00e9ria prima e at\u00e9 mesmo em hist\u00f3ria. Podemos percorrer pelo centro de S\u00e3o Paulo e falar um pouco sobre, tamb\u00e9m.<\/p>\n\n\n\n<p class=\"has-medium-font-size\"><strong>Pode falar um pouquinho sobre a proposta do projeto Paris \/ Mil\u00e3o?<\/strong><\/p>\n\n\n\n<p class=\"has-medium-font-size\">A proposta de Paris em Mil\u00e3o foi justamente baseado no curso de moda em Nova York ,onde conseguiram ver que teve start e muitas pessoas interessadas, com isso consegui fazer todo esse acompanhamento do projeto, desde a capta\u00e7\u00e3o, prospec\u00e7\u00e3o  e at\u00e9 sobre o que ser\u00e1 abordado. Direcionar para o consulado, para a quest\u00e3o a\u00e9rea, enfim, eles viram que teve muita procura e foi interessante, pois obtiveram lucro abrindo um leque de possibilidades. Estive na linha de frente acompanhando todo o processo.<\/p>\n\n\n\n<p class=\"has-medium-font-size\"><strong>Quais os projetos futuros?<\/strong><\/p>\n\n\n\n<p class=\"has-medium-font-size\">Meus projetos para o futuro \u00e9 dar workshop ou at\u00e9 mesmo cursos voltados para \u00e1rea de produ\u00e7\u00e3o de moda.<\/p>\n","protected":false},"excerpt":{"rendered":"<p>Aos 29 anos, Vitor Biannk \u00e9 natural de S\u00e3o Paulo e desde pequeno j\u00e1 se&#8230;<\/p>\n","protected":false},"author":1,"featured_media":10384,"comment_status":"closed","ping_status":"open","sticky":false,"template":"","format":"standard","meta":{"om_disable_all_campaigns":false,"_monsterinsights_skip_tracking":false,"_monsterinsights_sitenote_active":false,"_monsterinsights_sitenote_note":"","_monsterinsights_sitenote_category":0,"spay_email":""},"categories":[31],"tags":[],"jetpack_featured_media_url":"https:\/\/vimagazine.com.br\/wp-content\/uploads\/2023\/09\/WhatsApp-Image-2023-09-05-at-11.44.37-1.jpeg","_links":{"self":[{"href":"https:\/\/vimagazine.com.br\/index.php?rest_route=\/wp\/v2\/posts\/10380"}],"collection":[{"href":"https:\/\/vimagazine.com.br\/index.php?rest_route=\/wp\/v2\/posts"}],"about":[{"href":"https:\/\/vimagazine.com.br\/index.php?rest_route=\/wp\/v2\/types\/post"}],"author":[{"embeddable":true,"href":"https:\/\/vimagazine.com.br\/index.php?rest_route=\/wp\/v2\/users\/1"}],"replies":[{"embeddable":true,"href":"https:\/\/vimagazine.com.br\/index.php?rest_route=%2Fwp%2Fv2%2Fcomments&post=10380"}],"version-history":[{"count":2,"href":"https:\/\/vimagazine.com.br\/index.php?rest_route=\/wp\/v2\/posts\/10380\/revisions"}],"predecessor-version":[{"id":10387,"href":"https:\/\/vimagazine.com.br\/index.php?rest_route=\/wp\/v2\/posts\/10380\/revisions\/10387"}],"wp:featuredmedia":[{"embeddable":true,"href":"https:\/\/vimagazine.com.br\/index.php?rest_route=\/wp\/v2\/media\/10384"}],"wp:attachment":[{"href":"https:\/\/vimagazine.com.br\/index.php?rest_route=%2Fwp%2Fv2%2Fmedia&parent=10380"}],"wp:term":[{"taxonomy":"category","embeddable":true,"href":"https:\/\/vimagazine.com.br\/index.php?rest_route=%2Fwp%2Fv2%2Fcategories&post=10380"},{"taxonomy":"post_tag","embeddable":true,"href":"https:\/\/vimagazine.com.br\/index.php?rest_route=%2Fwp%2Fv2%2Ftags&post=10380"}],"curies":[{"name":"wp","href":"https:\/\/api.w.org\/{rel}","templated":true}]}}