{"id":10388,"date":"2023-09-06T15:46:08","date_gmt":"2023-09-06T18:46:08","guid":{"rendered":"https:\/\/vimagazine.com.br\/?p=10388"},"modified":"2023-09-06T15:46:13","modified_gmt":"2023-09-06T18:46:13","slug":"silvia-abravanel-zilu-camargo-e-sonia-lima-sao-premiadas-em-nova-york-na-premiacao-portuguese-brazilian-awards","status":"publish","type":"post","link":"https:\/\/vimagazine.com.br\/?p=10388","title":{"rendered":"Silvia Abravanel, Zilu Camargo e S\u00f4nia Lima s\u00e3o premiadas em Nova York, na Premia\u00e7\u00e3o Portuguese Brazilian Awards"},"content":{"rendered":"\n<figure class=\"wp-block-image aligncenter size-full is-resized\"><img src=\"https:\/\/vimagazine.com.br\/wp-content\/uploads\/2023\/09\/Empresaria-Marcilia-Luzbet-e-Zilu-Camargo-Foto-Nina-Farias-Renato-Cipriano-Divulgacao.jpg\" alt=\"\" class=\"wp-image-10389\" width=\"464\" height=\"697\" srcset=\"https:\/\/vimagazine.com.br\/wp-content\/uploads\/2023\/09\/Empresaria-Marcilia-Luzbet-e-Zilu-Camargo-Foto-Nina-Farias-Renato-Cipriano-Divulgacao.jpg 682w, https:\/\/vimagazine.com.br\/wp-content\/uploads\/2023\/09\/Empresaria-Marcilia-Luzbet-e-Zilu-Camargo-Foto-Nina-Farias-Renato-Cipriano-Divulgacao-200x300.jpg 200w\" sizes=\"(max-width: 464px) 100vw, 464px\" \/><\/figure>\n\n\n\n<figure class=\"wp-block-image aligncenter size-full is-resized\"><img src=\"https:\/\/vimagazine.com.br\/wp-content\/uploads\/2023\/09\/EMPRES1.jpg\" alt=\"\" class=\"wp-image-10390\" width=\"516\" height=\"375\" srcset=\"https:\/\/vimagazine.com.br\/wp-content\/uploads\/2023\/09\/EMPRES1.jpg 1024w, https:\/\/vimagazine.com.br\/wp-content\/uploads\/2023\/09\/EMPRES1-300x218.jpg 300w, https:\/\/vimagazine.com.br\/wp-content\/uploads\/2023\/09\/EMPRES1-768x559.jpg 768w\" sizes=\"(max-width: 516px) 100vw, 516px\" \/><\/figure>\n\n\n\n<figure class=\"wp-block-image aligncenter size-full is-resized\"><img src=\"https:\/\/vimagazine.com.br\/wp-content\/uploads\/2023\/09\/Empresaria-Marcilia-Luzbet-e-Valeria-Valenssa-Foto-Nina-Farias-Renato-Cipriano-Divulgacao.jpg\" alt=\"\" class=\"wp-image-10391\" width=\"469\" height=\"414\" srcset=\"https:\/\/vimagazine.com.br\/wp-content\/uploads\/2023\/09\/Empresaria-Marcilia-Luzbet-e-Valeria-Valenssa-Foto-Nina-Farias-Renato-Cipriano-Divulgacao.jpg 1024w, https:\/\/vimagazine.com.br\/wp-content\/uploads\/2023\/09\/Empresaria-Marcilia-Luzbet-e-Valeria-Valenssa-Foto-Nina-Farias-Renato-Cipriano-Divulgacao-300x265.jpg 300w, https:\/\/vimagazine.com.br\/wp-content\/uploads\/2023\/09\/Empresaria-Marcilia-Luzbet-e-Valeria-Valenssa-Foto-Nina-Farias-Renato-Cipriano-Divulgacao-768x678.jpg 768w\" sizes=\"(max-width: 469px) 100vw, 469px\" \/><\/figure>\n\n\n\n<figure class=\"wp-block-image aligncenter size-full is-resized\"><img src=\"https:\/\/vimagazine.com.br\/wp-content\/uploads\/2023\/09\/Empresaria-Marcilia-Luzbet-e-Deia-Cypri-Foto-Nina-Farias-Renato-Cipriano-Divulgacao.jpg\" alt=\"\" class=\"wp-image-10392\" width=\"465\" height=\"420\" srcset=\"https:\/\/vimagazine.com.br\/wp-content\/uploads\/2023\/09\/Empresaria-Marcilia-Luzbet-e-Deia-Cypri-Foto-Nina-Farias-Renato-Cipriano-Divulgacao.jpg 1024w, https:\/\/vimagazine.com.br\/wp-content\/uploads\/2023\/09\/Empresaria-Marcilia-Luzbet-e-Deia-Cypri-Foto-Nina-Farias-Renato-Cipriano-Divulgacao-300x271.jpg 300w, https:\/\/vimagazine.com.br\/wp-content\/uploads\/2023\/09\/Empresaria-Marcilia-Luzbet-e-Deia-Cypri-Foto-Nina-Farias-Renato-Cipriano-Divulgacao-768x695.jpg 768w\" sizes=\"(max-width: 465px) 100vw, 465px\" \/><\/figure>\n\n\n\n<p>Em noite de gala e muito glamour, foi realizado em New York, nos Estados Unidos na \u00faltima segunda-feira, 04 de setembro, a 8\u00aa edi\u00e7\u00e3o da Premia\u00e7\u00e3o Portuguese Brazilian Awards.<\/p>\n\n\n\n<p>Pelo segundo ano consecutivo, abrilhantando a Premia\u00e7\u00e3o, o evento contou com a apresenta\u00e7\u00e3o da atriz&nbsp;<strong>Antonia Fontenelle<\/strong>&nbsp;e do ator&nbsp;<strong>Oscar Magrini<\/strong>, os quais deram um toque todo especial de carisma e bom humor na noite de gala.<\/p>\n\n\n\n<p>A premia\u00e7\u00e3o tem como principal objetivo reconhecer, valorizar e premiar os brasileiros e portugueses que se destacam em \u00e2mbito nacional ou internacional, em suas \u00e1reas de atua\u00e7\u00e3o. Todos os laureados foram profissionais que possuem uma hist\u00f3ria de inspira\u00e7\u00e3o e sucesso.<\/p>\n\n\n\n<p>O Portuguese Brazilian Awards \u00e9 uma refer\u00eancia de profissionalismo e credibilidade na comunidade Brasileira e Portuguesa em New York desde 2005. Vale ressaltar que a premia\u00e7\u00e3o tamb\u00e9m j\u00e1 foi realizada em Paris, na Fran\u00e7a. &nbsp;<\/p>\n\n\n\n<p>Nesta edi\u00e7\u00e3o o trof\u00e9u era uma r\u00e9plica da Est\u00e1tua da Liberdade, e o evento reuniu profissionais relacionados das \u00e1reas Empresarial, Art\u00edstica, Jornal\u00edstica, Jur\u00eddica, Liter\u00e1ria, M\u00e9dica, Esportiva, Educacional, os quais foram recepcionados com muito requinte com direito a tapete vermelho e um saboroso coquetel regado a champanhe.<\/p>\n\n\n\n<p>Entre os honrados premiados, podemos destacar a apresentadora&nbsp;<strong>Silvia Abravanel<\/strong>, que chegou ao local a bordo de uma limousine e acompanhada do noivo, o sertanejo&nbsp;<strong>Gustavo Moura<\/strong>, com quem est\u00e1 namorando desde maio do ano passado, e foi laureada na categoria de Melhor Apresentadora Infantil do ano 2022, tamb\u00e9m nomes como da atriz e jurada do SBT,&nbsp;<strong>S\u00f4nia Lima<\/strong>, a rep\u00f3rter e ex-modelo brasileira&nbsp;<strong>Val\u00e9ria Valenssa<\/strong>, que ganhou notoriedade como a eterna Globeleza.<\/p>\n\n\n\n<p>Outros destaques da noite ficaram por conta da empres\u00e1ria&nbsp;<strong>Zilu Camargo<\/strong>&nbsp;que levou para a casa o trof\u00e9u pelo reconhecimento ao trabalho que tem feito nas redes sociais, os cantores&nbsp;<strong>M\u00e1rcio Victor<\/strong>, vocalista da Banda Psirico e&nbsp;<strong>Edson<\/strong>&nbsp;da dupla com Hudson, o qual estava acompanhado de sua esposa a apresentadora e influenciadora digital&nbsp;<strong>D\u00e9ia Cypri<\/strong>.<\/p>\n\n\n\n<p>Ainda completou a lista de premiados nomes como dos sertanejos&nbsp;<strong>Gustavo Moura e Rafael&nbsp;<\/strong>tamb\u00e9m foram indicados e ganharam na categoria \u2018Dupla Revela\u00e7\u00e3o de 2022\u2019, al\u00e9m de&nbsp;<strong>Marcos Jacober<\/strong>, conhecido nas redes pelo perfil \u2018O Ca\u00e7ador de T\u00edtulos\u2019, e tamb\u00e9m&nbsp;<strong>Elo\u00edsa Ferreira<\/strong>, que trabalha como enfermeira esteticista e chegou aos Estados Unidos h\u00e1 nove anos, e sem nenhuma forma\u00e7\u00e3o na \u00e1rea da sa\u00fade, entre outros ilustres premiados.<\/p>\n\n\n\n<p>A Empres\u00e1ria Brasileira&nbsp;<strong>Marcilia Luzbet<\/strong>, que mora em New York h\u00e1 mais de 20 Anos, \u00e9 a CEO da Luzbet Productions, empresa respons\u00e1vel por realizar shows de grandes artistas brasileiros nos Estados Unidos, assim como tamb\u00e9m a premia\u00e7\u00e3o do Portuguese Brazilian Awards.<\/p>\n\n\n\n<p>A Luzbet Productions j\u00e1 contratou e realizou shows de artistas como Alexandre Pires, Zez\u00e9 de Camargo &amp; Luciano, Alcione, Fernando e Sorocaba, Daniel, Eduardo Costa, Leonardo, Z\u00e9 Felipe, Alok, Victor &amp; L\u00e9o, Marcos &amp; Belutti, Jorge Arag\u00e3o, Alcione, Trio Parada Dura, P\u00e9ricles, Thiaguinho, \u00c9dson &amp; Hudson, Mato Grosso e Mathias, entre tantos outros.<\/p>\n\n\n\n<p><strong>Cr\u00e9dito das Fotos: Nina Farias \/ Renato Cipriano &#8211; Divulga\u00e7\u00e3o<\/strong><\/p>\n","protected":false},"excerpt":{"rendered":"<p>Em noite de gala e muito glamour, foi realizado em New York, nos Estados Unidos&#8230;<\/p>\n","protected":false},"author":19,"featured_media":10393,"comment_status":"closed","ping_status":"open","sticky":false,"template":"","format":"standard","meta":{"om_disable_all_campaigns":false,"_monsterinsights_skip_tracking":false,"_monsterinsights_sitenote_active":false,"_monsterinsights_sitenote_note":"","_monsterinsights_sitenote_category":0,"spay_email":""},"categories":[26],"tags":[],"jetpack_featured_media_url":"https:\/\/vimagazine.com.br\/wp-content\/uploads\/2023\/09\/EMPRES3.jpg","_links":{"self":[{"href":"https:\/\/vimagazine.com.br\/index.php?rest_route=\/wp\/v2\/posts\/10388"}],"collection":[{"href":"https:\/\/vimagazine.com.br\/index.php?rest_route=\/wp\/v2\/posts"}],"about":[{"href":"https:\/\/vimagazine.com.br\/index.php?rest_route=\/wp\/v2\/types\/post"}],"author":[{"embeddable":true,"href":"https:\/\/vimagazine.com.br\/index.php?rest_route=\/wp\/v2\/users\/19"}],"replies":[{"embeddable":true,"href":"https:\/\/vimagazine.com.br\/index.php?rest_route=%2Fwp%2Fv2%2Fcomments&post=10388"}],"version-history":[{"count":1,"href":"https:\/\/vimagazine.com.br\/index.php?rest_route=\/wp\/v2\/posts\/10388\/revisions"}],"predecessor-version":[{"id":10394,"href":"https:\/\/vimagazine.com.br\/index.php?rest_route=\/wp\/v2\/posts\/10388\/revisions\/10394"}],"wp:featuredmedia":[{"embeddable":true,"href":"https:\/\/vimagazine.com.br\/index.php?rest_route=\/wp\/v2\/media\/10393"}],"wp:attachment":[{"href":"https:\/\/vimagazine.com.br\/index.php?rest_route=%2Fwp%2Fv2%2Fmedia&parent=10388"}],"wp:term":[{"taxonomy":"category","embeddable":true,"href":"https:\/\/vimagazine.com.br\/index.php?rest_route=%2Fwp%2Fv2%2Fcategories&post=10388"},{"taxonomy":"post_tag","embeddable":true,"href":"https:\/\/vimagazine.com.br\/index.php?rest_route=%2Fwp%2Fv2%2Ftags&post=10388"}],"curies":[{"name":"wp","href":"https:\/\/api.w.org\/{rel}","templated":true}]}}