{"id":10398,"date":"2023-09-06T17:13:36","date_gmt":"2023-09-06T20:13:36","guid":{"rendered":"https:\/\/vimagazine.com.br\/?p=10398"},"modified":"2023-09-06T17:13:37","modified_gmt":"2023-09-06T20:13:37","slug":"garten-shopping-abre-no-feriado-e-fim-de-semana-com-diversao-para-toda-familia","status":"publish","type":"post","link":"https:\/\/vimagazine.com.br\/?p=10398","title":{"rendered":"Garten Shopping abre no feriado e fim de semana com divers\u00e3o para toda fam\u00edlia"},"content":{"rendered":"\n<p class=\"has-text-align-center\">O Garten Shopping estar\u00e1 aberto para o p\u00fablico local e tamb\u00e9m para turistas aproveitarem o feriado de Independ\u00eancia em Joinville. Na quinta-feira, 7 de setembro, a pra\u00e7a de alimenta\u00e7\u00e3o funciona normalmente das 10h \u00e0s 22h. As lojas abrem das 14h \u00e0s 20h, como op\u00e7\u00e3o facultativa conforme acordo sindical. A partir de sexta-feira, dia 8, as lojas voltam a funcionar em hor\u00e1rio normal.<\/p>\n\n\n\n<p class=\"has-text-align-center\">Na programa\u00e7\u00e3o do mall para o feriado e fim de semana a divers\u00e3o est\u00e1 garantida para toda a fam\u00edlia nos espa\u00e7os de lazer, cinema, eventos de intera\u00e7\u00e3o universit\u00e1ria e Feira de Ado\u00e7\u00e3o de Animais.<\/p>\n\n\n\n<p class=\"has-text-align-center\"><strong>Interlaje 2023 &#8211; Modalidade Fifa<\/strong><\/p>\n\n\n\n<p class=\"has-text-align-center\">Ainda durante o feriado, dia 7, amantes de videogames e o p\u00fablico interessado poder\u00e1 acompanhar o Interlaje 2023, modalidade Fifa. A competi\u00e7\u00e3o de videogame ser\u00e1 disputada por 37 jogadores de 19 atl\u00e9ticas inscritas nas categorias feminino e masculino.&nbsp; As partidas se iniciam \u00e0s 14 horas, na pra\u00e7a de alimenta\u00e7\u00e3o do Garten Shopping.&nbsp;<\/p>\n\n\n\n<p class=\"has-text-align-center\">O p\u00fablico e as torcidas poder\u00e3o acompanhar os jogos ao vivo por um painel de LED e pelos tr\u00eas monitores de TV que ficar\u00e3o na pra\u00e7a de alimenta\u00e7\u00e3o do mall, onde acontecer\u00e3o as disputas simultaneamente.\u00a0<\/p>\n\n\n\n<figure class=\"wp-block-image size-full\"><img width=\"800\" height=\"533\" src=\"https:\/\/vimagazine.com.br\/wp-content\/uploads\/2023\/09\/Divulgacao-Garten-Shopping-4.jpeg\" alt=\"\" class=\"wp-image-10400\" srcset=\"https:\/\/vimagazine.com.br\/wp-content\/uploads\/2023\/09\/Divulgacao-Garten-Shopping-4.jpeg 800w, https:\/\/vimagazine.com.br\/wp-content\/uploads\/2023\/09\/Divulgacao-Garten-Shopping-4-300x200.jpeg 300w, https:\/\/vimagazine.com.br\/wp-content\/uploads\/2023\/09\/Divulgacao-Garten-Shopping-4-768x512.jpeg 768w\" sizes=\"(max-width: 800px) 100vw, 800px\" \/><\/figure>\n\n\n\n<p class=\"has-text-align-center\">O Interlaje 2023 \u00e9 uma competi\u00e7\u00e3o universit\u00e1ria com o objetivo de desenvolver a integra\u00e7\u00e3o entre os estudantes de Joinville e Regi\u00e3o. Organizada pelo Laje, a Liga das Atl\u00e9ticas de Joinville e Regi\u00e3o, o campeonato conta com diversas modalidades, entre elas o Futsal, Handebol, V\u00f4lei, Basquete, Atletismo, Nata\u00e7\u00e3o entre outras. As competi\u00e7\u00f5es ocorrem em diversos locais da cidade. O evento iniciou dia 1\u00ba de setembro e termina no dia 16 de setembro.&nbsp;<\/p>\n\n\n\n<p class=\"has-text-align-center\"><strong>Agende-se<\/strong><\/p>\n\n\n\n<p class=\"has-text-align-center\"><strong>O qu\u00ea:<\/strong>&nbsp;Interlaje 2023 &#8211; Campeonato de Fifa<\/p>\n\n\n\n<p class=\"has-text-align-center\"><strong>Onde:<\/strong>&nbsp;Pra\u00e7a de Alimenta\u00e7\u00e3o do Garten Shopping<\/p>\n\n\n\n<p class=\"has-text-align-center\"><strong>Quando:<\/strong>&nbsp;quinta-feira, dia 7 de setembro<\/p>\n\n\n\n<p class=\"has-text-align-center\"><strong>Hor\u00e1rio:<\/strong>&nbsp;\u00e0s 14h<\/p>\n\n\n\n<p class=\"has-text-align-center\"><strong>Dino\u2019s Adventure<\/strong><\/p>\n\n\n\n<p class=\"has-text-align-center\">A divers\u00e3o para as crian\u00e7as est\u00e1 garantida no feriado e tamb\u00e9m durante todo fim de semana no Dino\u2019s Adventure. O parque jur\u00e1ssico estar\u00e1 funcionando em hor\u00e1rio normal, das 10h \u00e0s 22h, durante esta quinta-feira, 7 de setembro, e tamb\u00e9m na sexta-feira, s\u00e1bado e domingo.&nbsp;<\/p>\n\n\n\n<p class=\"has-text-align-center\">No parque as crian\u00e7as podem aproveitar a piscina de bolinha gigante, o labirinto e os escorregadores que levam a uma verdadeira aventura pelo mundo dos dinossauros. O espa\u00e7o \u00e9 monitorado e a atra\u00e7\u00e3o cobra R$50 reais por uma hora e depois R$15 a cada 15 minutos.\u00a0<\/p>\n\n\n\n<figure class=\"wp-block-image size-large\"><img width=\"1024\" height=\"682\" src=\"https:\/\/vimagazine.com.br\/wp-content\/uploads\/2023\/09\/Sabado-tem-Feira-de-Adocao-no-Garten-Shopping-1024x682.jpeg\" alt=\"\" class=\"wp-image-10401\" srcset=\"https:\/\/vimagazine.com.br\/wp-content\/uploads\/2023\/09\/Sabado-tem-Feira-de-Adocao-no-Garten-Shopping-1024x682.jpeg 1024w, https:\/\/vimagazine.com.br\/wp-content\/uploads\/2023\/09\/Sabado-tem-Feira-de-Adocao-no-Garten-Shopping-300x200.jpeg 300w, https:\/\/vimagazine.com.br\/wp-content\/uploads\/2023\/09\/Sabado-tem-Feira-de-Adocao-no-Garten-Shopping-768x512.jpeg 768w, https:\/\/vimagazine.com.br\/wp-content\/uploads\/2023\/09\/Sabado-tem-Feira-de-Adocao-no-Garten-Shopping-1536x1023.jpeg 1536w, https:\/\/vimagazine.com.br\/wp-content\/uploads\/2023\/09\/Sabado-tem-Feira-de-Adocao-no-Garten-Shopping.jpeg 1600w\" sizes=\"(max-width: 1024px) 100vw, 1024px\" \/><\/figure>\n\n\n\n<p class=\"has-text-align-center\"><strong>Filmes em cartaz no GNC Cinemas do Garten Shopping no feriado<\/strong><\/p>\n\n\n\n<p class=\"has-text-align-center\">Em cartaz no GNC Cinemas do Garten Shopping, as tartarugas ninjas garantem a anima\u00e7\u00e3o do p\u00fablico no filme \u201cAs Tartarugas Ninjas: Caos Mutante&#8221;, onde os famosos Michelangelo, Donatello, Rafael e Leonardo enfrentam uma gangue de vil\u00f5es mutantes que podem ter rela\u00e7\u00e3o com sua hist\u00f3ria e passado.&nbsp;<\/p>\n\n\n\n<p class=\"has-text-align-center\">Em \u201cGran Turismo &#8211; De Jogador a Corredor\u201d, os amantes de a\u00e7\u00e3o poder\u00e3o conhecer a emocionante hist\u00f3ria de Jann Mardenborough, um jogador que se tornou um piloto de corrida na vida real.<\/p>\n\n\n\n<p class=\"has-text-align-center\">O feriado tamb\u00e9m \u00e9 oportunidade para aqueles que ainda n\u00e3o assistiram o t\u00e3o esperado \u201cBesouro Azul\u201d, com Xolo Maridue\u00f1a e Bruna Marquezine no elenco.<\/p>\n\n\n\n<p class=\"has-text-align-center\">J\u00e1 para os f\u00e3s de Terror, o destaque fica para \u201cA Freira 2\u201d. O filme \u00e9 sequ\u00eancia de \u201cA Freira\u201d e faz parte da t\u00e3o aclamada franquia \u201cA Invoca\u00e7\u00e3o do Mal\u201d.<\/p>\n\n\n\n<p class=\"has-text-align-center\">E a anima\u00e7\u00e3o \u201cFada do Dente\u201d entret\u00e9m o p\u00fablico infantil com a hist\u00f3ria da Violetta, uma fadinha que se perde no mundo humano e que precisa voltar para o mundo das fadas. Para isso ela contar\u00e1 com a ajuda de Maxie, uma garota de 12 anos.<\/p>\n\n\n\n<p class=\"has-text-align-center\"><strong>Feira de Ado\u00e7\u00e3o de Animais<\/strong><\/p>\n\n\n\n<p class=\"has-text-align-center\">A Feira de Ado\u00e7\u00e3o de Animais \u00e9 destaque na programa\u00e7\u00e3o do s\u00e1bado, dia 9. Quem quiser acolher um novo membro canino na fam\u00edlia, o Patudos de Joinville e o Projeto Vira Lata, grupos de prote\u00e7\u00e3o animal, estar\u00e3o das 10h \u00e0s 16h com oito animais que esperam encontrar um novo lar. Todos os c\u00e3ezinhos j\u00e1 s\u00e3o castrados e vacinados.<\/p>\n\n\n\n<p class=\"has-text-align-center\">O candidato a ado\u00e7\u00e3o precisa ter mais de 18 anos, portar documento de identidade e comprovantes de resid\u00eancia. No momento tamb\u00e9m ser\u00e1 realizada uma entrevista para entender sobre os cuidados necess\u00e1rios com o novo animalzinho.&nbsp; Vale ressaltar, que al\u00e9m da compra de ra\u00e7\u00e3o, os animais precisam de atendimento veterin\u00e1rio, muita aten\u00e7\u00e3o e carinho.&nbsp;<\/p>\n\n\n\n<p class=\"has-text-align-center\">Durante a Feira tamb\u00e9m \u00e9 poss\u00edvel conhecer os projetos e&nbsp; doar ra\u00e7\u00e3o, jornais, produtos de limpeza ou at\u00e9 mesmo se tornar um volunt\u00e1rio.<\/p>\n\n\n\n<p class=\"has-text-align-center\"><strong>&nbsp;Agende-se<\/strong><\/p>\n\n\n\n<p class=\"has-text-align-center\"><strong>O qu\u00ea:<\/strong>&nbsp;Feira de ado\u00e7\u00e3o de animais<\/p>\n\n\n\n<p class=\"has-text-align-center\"><strong>Onde:<\/strong>&nbsp;Garten Shopping, em frente a Cobasi<\/p>\n\n\n\n<p class=\"has-text-align-center\"><strong>Quando:<\/strong>&nbsp;s\u00e1bado, dia 9 de setembro<\/p>\n\n\n\n<p class=\"has-text-align-center\"><strong>Hor\u00e1rio:<\/strong>&nbsp;das 10h \u00e0s 16h<\/p>\n\n\n\n<p class=\"has-text-align-center\"><strong>Quanto:&nbsp;<\/strong>entrada gratuita<\/p>\n\n\n\n<p class=\"has-text-align-center\"><strong>Hora do Conto<\/strong><\/p>\n\n\n\n<p class=\"has-text-align-center\">Tamb\u00e9m durante o s\u00e1bado, 9, a Hora do Conto leva leitura, educa\u00e7\u00e3o e divers\u00e3o para as crian\u00e7as. Com sua biblioteca m\u00e1gica, a contadora de hist\u00f3rias Caroline Spieker, interage com as crian\u00e7as estimulando a criatividade e a imagina\u00e7\u00e3o por meio das suas hist\u00f3rias envolventes. A Hora do Conto acontece na Livrarias Curitiba, \u00e0s 15h e a atra\u00e7\u00e3o \u00e9 gratuita, basta levar as crian\u00e7as para aproveitarem.<\/p>\n\n\n\n<p class=\"has-text-align-center\"><strong>&nbsp;Agende-se<\/strong><\/p>\n\n\n\n<p class=\"has-text-align-center\"><strong>O qu\u00ea:<\/strong>&nbsp;Hora do Conto &#8211; Conta\u00e7\u00e3o de Hist\u00f3rias com Caroline Spieker<\/p>\n\n\n\n<p class=\"has-text-align-center\"><strong>Onde:<\/strong>&nbsp;Livrarias Curitiba do Garten Shopping<\/p>\n\n\n\n<p class=\"has-text-align-center\"><strong>Quando:<\/strong>&nbsp;s\u00e1bado, dia 9 de setembro<\/p>\n\n\n\n<p class=\"has-text-align-center\"><strong>Hor\u00e1rio:<\/strong>&nbsp;\u00e0s 15h<\/p>\n\n\n\n<p class=\"has-text-align-center\"><strong>Quanto:\u00a0<\/strong>entrada gratuita<\/p>\n\n\n\n<p class=\"has-text-align-center\"><strong>B\u00e1rbara Siementkowski<\/strong><\/p>\n\n\n\n<p class=\"has-text-align-center\"><strong>Atendimento do Garten Shopping&nbsp;<\/strong><\/p>\n\n\n\n<p class=\"has-text-align-center\"><strong>Primeira Via Comunica\u00e7\u00e3o Integrada<\/strong><\/p>\n","protected":false},"excerpt":{"rendered":"<p>O Garten Shopping estar\u00e1 aberto para o p\u00fablico local e tamb\u00e9m para turistas aproveitarem o&#8230;<\/p>\n","protected":false},"author":3,"featured_media":10399,"comment_status":"closed","ping_status":"open","sticky":false,"template":"","format":"standard","meta":{"om_disable_all_campaigns":false,"_monsterinsights_skip_tracking":false,"_monsterinsights_sitenote_active":false,"_monsterinsights_sitenote_note":"","_monsterinsights_sitenote_category":0,"spay_email":""},"categories":[1],"tags":[],"jetpack_featured_media_url":"https:\/\/vimagazine.com.br\/wp-content\/uploads\/2023\/09\/Divulgacao-Garten-Shopping.jpeg","_links":{"self":[{"href":"https:\/\/vimagazine.com.br\/index.php?rest_route=\/wp\/v2\/posts\/10398"}],"collection":[{"href":"https:\/\/vimagazine.com.br\/index.php?rest_route=\/wp\/v2\/posts"}],"about":[{"href":"https:\/\/vimagazine.com.br\/index.php?rest_route=\/wp\/v2\/types\/post"}],"author":[{"embeddable":true,"href":"https:\/\/vimagazine.com.br\/index.php?rest_route=\/wp\/v2\/users\/3"}],"replies":[{"embeddable":true,"href":"https:\/\/vimagazine.com.br\/index.php?rest_route=%2Fwp%2Fv2%2Fcomments&post=10398"}],"version-history":[{"count":1,"href":"https:\/\/vimagazine.com.br\/index.php?rest_route=\/wp\/v2\/posts\/10398\/revisions"}],"predecessor-version":[{"id":10402,"href":"https:\/\/vimagazine.com.br\/index.php?rest_route=\/wp\/v2\/posts\/10398\/revisions\/10402"}],"wp:featuredmedia":[{"embeddable":true,"href":"https:\/\/vimagazine.com.br\/index.php?rest_route=\/wp\/v2\/media\/10399"}],"wp:attachment":[{"href":"https:\/\/vimagazine.com.br\/index.php?rest_route=%2Fwp%2Fv2%2Fmedia&parent=10398"}],"wp:term":[{"taxonomy":"category","embeddable":true,"href":"https:\/\/vimagazine.com.br\/index.php?rest_route=%2Fwp%2Fv2%2Fcategories&post=10398"},{"taxonomy":"post_tag","embeddable":true,"href":"https:\/\/vimagazine.com.br\/index.php?rest_route=%2Fwp%2Fv2%2Ftags&post=10398"}],"curies":[{"name":"wp","href":"https:\/\/api.w.org\/{rel}","templated":true}]}}