{"id":10406,"date":"2023-09-06T17:22:41","date_gmt":"2023-09-06T20:22:41","guid":{"rendered":"https:\/\/vimagazine.com.br\/?p=10406"},"modified":"2023-09-06T17:22:44","modified_gmt":"2023-09-06T20:22:44","slug":"desenredos-uma-jornada-de-emocoes-amor-e-reflexao-chega-aos-palcos","status":"publish","type":"post","link":"https:\/\/vimagazine.com.br\/?p=10406","title":{"rendered":"<strong>DESENREDOS: uma Jornada de emo\u00e7\u00f5es, amor e reflex\u00e3o chega aos palcos.<\/strong>"},"content":{"rendered":"\n<p class=\"has-text-align-center\">Prepare-se para uma experi\u00eancia teatral que vai emocionar e tocar o cora\u00e7\u00e3o de todos! Com estreia marcada para o dia nove de setembro, o Teatro Espa\u00e7o ao Cubo abre suas cortinas para receber Desenredos &#8211; um espet\u00e1culo que promete levar o p\u00fablico a uma jornada \u00fanica de amor, supera\u00e7\u00e3o e reflex\u00e3o.<\/p>\n\n\n\n<p class=\"has-text-align-center\">Em Desenredos, as complexidades dos relacionamentos humanos ganham vida de forma cativante. Sob os holofotes, sete personagens envolventes t\u00eam suas vidas entrela\u00e7adas de maneira \u00fanica, explorando temas profundos que v\u00e3o desde preconceitos e ansiedade at\u00e9 a busca por conex\u00f5es genu\u00ednas. <\/p>\n\n\n\n<p class=\"has-text-align-center\"><strong>Amor, narcisismo, ansiedade e poesia complementam esta jornada, que transportar\u00e1 o p\u00fablico para um mundo de emo\u00e7\u00f5es e questionamentos, que convidam a uma reflex\u00e3o profunda sobre n\u00f3s mesmos e as rela\u00e7\u00f5es que constru\u00edmos.<\/strong><\/p>\n\n\n\n<figure class=\"wp-block-image aligncenter size-large\"><img width=\"683\" height=\"1024\" src=\"https:\/\/vimagazine.com.br\/wp-content\/uploads\/2023\/09\/IMG_5260-683x1024.jpg\" alt=\"\" class=\"wp-image-10408\" srcset=\"https:\/\/vimagazine.com.br\/wp-content\/uploads\/2023\/09\/IMG_5260-683x1024.jpg 683w, https:\/\/vimagazine.com.br\/wp-content\/uploads\/2023\/09\/IMG_5260-200x300.jpg 200w, https:\/\/vimagazine.com.br\/wp-content\/uploads\/2023\/09\/IMG_5260-768x1152.jpg 768w, https:\/\/vimagazine.com.br\/wp-content\/uploads\/2023\/09\/IMG_5260-1024x1536.jpg 1024w, https:\/\/vimagazine.com.br\/wp-content\/uploads\/2023\/09\/IMG_5260.jpg 1280w\" sizes=\"(max-width: 683px) 100vw, 683px\" \/><\/figure>\n\n\n\n<p class=\"has-text-align-center\"><strong><em>Desenredos nos convida a olhar al\u00e9m das apar\u00eancias e explorar o intrincado tecido dos relacionamentos Humano<\/em><\/strong><\/p>\n\n\n\n<p class=\"has-text-align-center\">No cora\u00e7\u00e3o deste espet\u00e1culo est\u00e1 a busca pela identidade, pela supera\u00e7\u00e3o de traumas e pelo poder de reconstruir la\u00e7os desgastados. \u00c0 medida que a trama se desenrola, os personagens nos ensinam que todos somos um emaranhado de hist\u00f3rias e sentimentos, prontos para serem desvendados.<\/p>\n\n\n\n<p class=\"has-text-align-center\">O diretor Julio Adamanto, que est\u00e1 \u00e0 frente do texto e dire\u00e7\u00e3o fala sobre a ess\u00eancia do espet\u00e1culo: &nbsp;\u201cDesenredos \u00e9 uma montagem que tece a emo\u00e7\u00e3o com fios de poesia a cada cena, tocando a alma em um espet\u00e1culo inesquec\u00edvel\u201d.<\/p>\n\n\n\n<p class=\"has-text-align-center\">Se voc\u00ea procura uma experi\u00eancia teatral que transcenda, que toque sua alma e o fa\u00e7a pensar, &#8220;Desenredos&#8221; \u00e9 a resposta. N\u00e3o perca esta oportunidade \u00fanica de vivenciar a magia dos palcos e se conectar com personagens que refletem nossas pr\u00f3prias jornadas.<\/p>\n\n\n\n<figure class=\"wp-block-image aligncenter size-large\"><img width=\"683\" height=\"1024\" src=\"https:\/\/vimagazine.com.br\/wp-content\/uploads\/2023\/09\/IMG_5098-683x1024.jpg\" alt=\"\" class=\"wp-image-10409\" srcset=\"https:\/\/vimagazine.com.br\/wp-content\/uploads\/2023\/09\/IMG_5098-683x1024.jpg 683w, https:\/\/vimagazine.com.br\/wp-content\/uploads\/2023\/09\/IMG_5098-200x300.jpg 200w, https:\/\/vimagazine.com.br\/wp-content\/uploads\/2023\/09\/IMG_5098-768x1152.jpg 768w, https:\/\/vimagazine.com.br\/wp-content\/uploads\/2023\/09\/IMG_5098-1024x1536.jpg 1024w, https:\/\/vimagazine.com.br\/wp-content\/uploads\/2023\/09\/IMG_5098.jpg 1280w\" sizes=\"(max-width: 683px) 100vw, 683px\" \/><\/figure>\n\n\n\n<p class=\"has-text-align-center\"><strong>Servi\u00e7o<\/strong><\/p>\n\n\n\n<p class=\"has-text-align-center\">Desenredos &#8211; de 9 de setembro a 14 de outubro<\/p>\n\n\n\n<p class=\"has-text-align-center\">Hor\u00e1rio: 20h30<\/p>\n\n\n\n<p class=\"has-text-align-center\">Texto e Dire\u00e7\u00e3o: Julio Adamanto<\/p>\n\n\n\n<p class=\"has-text-align-center\">Elenco: Aline Bueno, Anna Carvalho, Caio Perez, Dan Gomez, Dayzon Nascimento, Jo\u00e3o Alves, Karla Volpato, Marlon Severo e Pedro Prado.<\/p>\n\n\n\n<p class=\"has-text-align-center\">Local: Teatro Espa\u00e7o ao Cubo<\/p>\n\n\n\n<p class=\"has-text-align-center\">Endere\u00e7o: Rua Brigadeiro Galv\u00e3o, 1010 \u2013 Barra Funda<\/p>\n\n\n\n<p class=\"has-text-align-center\">Ingressos: de R$ 30 a R$ 80<\/p>\n\n\n\n<p class=\"has-text-align-center\">Link de compra:&nbsp;<a href=\"https:\/\/bileto.sympla.com.br\/event\/84802\" target=\"_blank\" rel=\"noreferrer noopener\">https:\/\/bileto.sympla.com.br\/event\/84802<\/a><\/p>\n\n\n\n<p class=\"has-text-align-center\">Assessoria de Imprensa: Carlos Augusto Rodrigues<\/p>\n\n\n\n<figure class=\"wp-block-image size-large\"><img width=\"1024\" height=\"683\" src=\"https:\/\/vimagazine.com.br\/wp-content\/uploads\/2023\/09\/IMG_4928-1024x683.jpg\" alt=\"\" class=\"wp-image-10410\" srcset=\"https:\/\/vimagazine.com.br\/wp-content\/uploads\/2023\/09\/IMG_4928-1024x683.jpg 1024w, https:\/\/vimagazine.com.br\/wp-content\/uploads\/2023\/09\/IMG_4928-300x200.jpg 300w, https:\/\/vimagazine.com.br\/wp-content\/uploads\/2023\/09\/IMG_4928-768x512.jpg 768w, https:\/\/vimagazine.com.br\/wp-content\/uploads\/2023\/09\/IMG_4928-1536x1024.jpg 1536w, https:\/\/vimagazine.com.br\/wp-content\/uploads\/2023\/09\/IMG_4928.jpg 1920w\" sizes=\"(max-width: 1024px) 100vw, 1024px\" \/><\/figure>\n","protected":false},"excerpt":{"rendered":"<p>Prepare-se para uma experi\u00eancia teatral que vai emocionar e tocar o cora\u00e7\u00e3o de todos! Com&#8230;<\/p>\n","protected":false},"author":3,"featured_media":10407,"comment_status":"closed","ping_status":"open","sticky":false,"template":"","format":"standard","meta":{"om_disable_all_campaigns":false,"_monsterinsights_skip_tracking":false,"_monsterinsights_sitenote_active":false,"_monsterinsights_sitenote_note":"","_monsterinsights_sitenote_category":0,"spay_email":""},"categories":[1],"tags":[],"jetpack_featured_media_url":"https:\/\/vimagazine.com.br\/wp-content\/uploads\/2023\/09\/RE-e1694031578509.jpg","_links":{"self":[{"href":"https:\/\/vimagazine.com.br\/index.php?rest_route=\/wp\/v2\/posts\/10406"}],"collection":[{"href":"https:\/\/vimagazine.com.br\/index.php?rest_route=\/wp\/v2\/posts"}],"about":[{"href":"https:\/\/vimagazine.com.br\/index.php?rest_route=\/wp\/v2\/types\/post"}],"author":[{"embeddable":true,"href":"https:\/\/vimagazine.com.br\/index.php?rest_route=\/wp\/v2\/users\/3"}],"replies":[{"embeddable":true,"href":"https:\/\/vimagazine.com.br\/index.php?rest_route=%2Fwp%2Fv2%2Fcomments&post=10406"}],"version-history":[{"count":1,"href":"https:\/\/vimagazine.com.br\/index.php?rest_route=\/wp\/v2\/posts\/10406\/revisions"}],"predecessor-version":[{"id":10411,"href":"https:\/\/vimagazine.com.br\/index.php?rest_route=\/wp\/v2\/posts\/10406\/revisions\/10411"}],"wp:featuredmedia":[{"embeddable":true,"href":"https:\/\/vimagazine.com.br\/index.php?rest_route=\/wp\/v2\/media\/10407"}],"wp:attachment":[{"href":"https:\/\/vimagazine.com.br\/index.php?rest_route=%2Fwp%2Fv2%2Fmedia&parent=10406"}],"wp:term":[{"taxonomy":"category","embeddable":true,"href":"https:\/\/vimagazine.com.br\/index.php?rest_route=%2Fwp%2Fv2%2Fcategories&post=10406"},{"taxonomy":"post_tag","embeddable":true,"href":"https:\/\/vimagazine.com.br\/index.php?rest_route=%2Fwp%2Fv2%2Ftags&post=10406"}],"curies":[{"name":"wp","href":"https:\/\/api.w.org\/{rel}","templated":true}]}}