{"id":10413,"date":"2023-09-08T08:51:37","date_gmt":"2023-09-08T11:51:37","guid":{"rendered":"https:\/\/vimagazine.com.br\/?p=10413"},"modified":"2023-09-08T08:51:41","modified_gmt":"2023-09-08T11:51:41","slug":"analice-nicolau-e-a-entrevista-do-the-graden-project-nesta-sexta-feira","status":"publish","type":"post","link":"https:\/\/vimagazine.com.br\/?p=10413","title":{"rendered":"Analice Nicolau \u00e9 a entrevista do The Graden Project nesta sexta-feira"},"content":{"rendered":"\n<p><\/p>\n\n\n\n<p><em>O podcast \u00e9 veiculado ao vivo pela r\u00e1dio Nova Difusora, de Osasco, que possui a maior audi\u00eancia da Grande S\u00e3o Paulo<\/em><\/p>\n\n\n\n<p>Nesta sexta-feira, dia 8 de setembro, \u00e0s 15h, a jornalista <a href=\"https:\/\/www.instagram.com\/analicenicolau\/\"><strong>Analice Nicolau<\/strong><\/a> ser\u00e1 a entrevistada do podcast <a href=\"https:\/\/gardenproject2000.wixsite.com\/educa\"><strong>The Garden Project<\/strong><\/a>, que \u00e9 transmitido ao vivo pela <a href=\"https:\/\/www.novadifusora.com.br\/\">Nova Difusora <\/a>de Osasco, a r\u00e1dio com o maior \u00edndice de audi\u00eancia da Grande S\u00e3o Paulo.<\/p>\n\n\n\n<p>Analice ir\u00e1 falar sobre a sua trajet\u00f3ria de sucesso no Jornalismo, compartilhando os percal\u00e7os e as conquistas que teve. Al\u00e9m disso, a jornalista falar\u00e1 sobre transi\u00e7\u00e3o de carreira e como a mentoria sist\u00eamica auxiliou na sua vida e como ela faz parte de sua atua\u00e7\u00e3o profissional em sua ag\u00eancia de comunica\u00e7\u00e3o <em>full service<\/em>, <a href=\"https:\/\/linktr.ee\/an_connect\"><strong>AN Connect<\/strong><\/a>.<\/p>\n\n\n\n<p>\u201cA Analice \u00e9 um exemplo vivo de empoderamento feminino. Sua trajet\u00f3ria \u00e9 uma inspira\u00e7\u00e3o para mulheres que desejam transpor barreiras e marcar presen\u00e7a em \u00e1reas tradicionalmente dominadas por homens. Com destemor e determina\u00e7\u00e3o, ela se estabeleceu como uma das maiores jornalistas do Brasil\u201d, comentou o apresentador do programa, Fabrizio Mariuzzo.<\/p>\n\n\n\n<p><strong>The Garden Project Brasil Educa\u00e7\u00e3o<\/strong><\/p>\n\n\n\n<p>O <a href=\"https:\/\/gardenproject2000.wixsite.com\/educa\/quem-somos\">The Garden Project<\/a> \u00e9 voltado para diversidade, inclus\u00e3o e educa\u00e7\u00e3o financeira: alicerces para a constru\u00e7\u00e3o da sociedade do futuro, inserindo em cada cidad\u00e3o o papel em apoiar a transi\u00e7\u00e3o para uma sociedade mais sustent\u00e1vel, mais justa e com maior diversidade e inclus\u00e3o.&nbsp;<\/p>\n\n\n\n<p>Tanto por isso que, em seu podcast, o projeto traz pautas e conte\u00fados com base no respeito, imparcialidade, transpar\u00eancia e \u00e9tica.<\/p>\n\n\n\n<p>\u201cA diversidade \u00e9 quest\u00e3o de cidadania e educa\u00e7\u00e3o financeira \u00e9 liberta\u00e7\u00e3o. Portanto, educa\u00e7\u00e3o financeira pode, e deve, ser para todos\u201d, finaliza o apresentador.<\/p>\n\n\n\n<p>Foto: divulga\u00e7\u00e3o<\/p>\n","protected":false},"excerpt":{"rendered":"<p>O podcast \u00e9 veiculado ao vivo pela r\u00e1dio Nova Difusora, de Osasco, que possui a&#8230;<\/p>\n","protected":false},"author":2,"featured_media":10414,"comment_status":"closed","ping_status":"open","sticky":false,"template":"","format":"standard","meta":{"om_disable_all_campaigns":false,"_monsterinsights_skip_tracking":false,"_monsterinsights_sitenote_active":false,"_monsterinsights_sitenote_note":"","_monsterinsights_sitenote_category":0,"spay_email":""},"categories":[27,26],"tags":[511,732],"jetpack_featured_media_url":"https:\/\/vimagazine.com.br\/wp-content\/uploads\/2023\/09\/IMG_6764.jpg","_links":{"self":[{"href":"https:\/\/vimagazine.com.br\/index.php?rest_route=\/wp\/v2\/posts\/10413"}],"collection":[{"href":"https:\/\/vimagazine.com.br\/index.php?rest_route=\/wp\/v2\/posts"}],"about":[{"href":"https:\/\/vimagazine.com.br\/index.php?rest_route=\/wp\/v2\/types\/post"}],"author":[{"embeddable":true,"href":"https:\/\/vimagazine.com.br\/index.php?rest_route=\/wp\/v2\/users\/2"}],"replies":[{"embeddable":true,"href":"https:\/\/vimagazine.com.br\/index.php?rest_route=%2Fwp%2Fv2%2Fcomments&post=10413"}],"version-history":[{"count":1,"href":"https:\/\/vimagazine.com.br\/index.php?rest_route=\/wp\/v2\/posts\/10413\/revisions"}],"predecessor-version":[{"id":10415,"href":"https:\/\/vimagazine.com.br\/index.php?rest_route=\/wp\/v2\/posts\/10413\/revisions\/10415"}],"wp:featuredmedia":[{"embeddable":true,"href":"https:\/\/vimagazine.com.br\/index.php?rest_route=\/wp\/v2\/media\/10414"}],"wp:attachment":[{"href":"https:\/\/vimagazine.com.br\/index.php?rest_route=%2Fwp%2Fv2%2Fmedia&parent=10413"}],"wp:term":[{"taxonomy":"category","embeddable":true,"href":"https:\/\/vimagazine.com.br\/index.php?rest_route=%2Fwp%2Fv2%2Fcategories&post=10413"},{"taxonomy":"post_tag","embeddable":true,"href":"https:\/\/vimagazine.com.br\/index.php?rest_route=%2Fwp%2Fv2%2Ftags&post=10413"}],"curies":[{"name":"wp","href":"https:\/\/api.w.org\/{rel}","templated":true}]}}