{"id":10469,"date":"2023-09-14T21:54:41","date_gmt":"2023-09-15T00:54:41","guid":{"rendered":"https:\/\/vimagazine.com.br\/?p=10469"},"modified":"2023-09-14T21:54:42","modified_gmt":"2023-09-15T00:54:42","slug":"jose-augusto-se-apresenta-em-salvador","status":"publish","type":"post","link":"https:\/\/vimagazine.com.br\/?p=10469","title":{"rendered":"Jos\u00e9 Augusto se apresenta em Salvador"},"content":{"rendered":"\n<p><em>&nbsp;O show acontece no dia&nbsp;22 de setembro na Pupileira<\/em><\/p>\n\n\n\n<p>O cantor traz um repert\u00f3rio, ainda mais especial, que evidencia grandes sucessos ao longo de sua trajet\u00f3ria; num espet\u00e1culo com cl\u00e1ssicos inesquec\u00edveis de sua carreira na&nbsp;<strong>Pupileira<\/strong>&nbsp;em&nbsp;<strong>Salvador<\/strong>, no pr\u00f3ximo dia 22 de setembro.<\/p>\n\n\n\n<p><strong>Jos\u00e9 Augusto,&nbsp;<\/strong>uma das personalidades mais queridas e respeitadas da m\u00fasica rom\u00e2ntica est\u00e1 pronto para encantar o p\u00fablico, com um repert\u00f3rio cuidadosamente selecionado para essa apresenta\u00e7\u00e3o, com can\u00e7\u00f5es que marcaram gera\u00e7\u00f5es, entre elas podemos destacar m\u00fasicas que certamente far\u00e3o o cora\u00e7\u00e3o dos espectadores vibrar, entre elas:&nbsp;<strong>&#8220;Aguenta Cora\u00e7\u00e3o&#8221;, &#8220;Fui Eu&#8221;, &#8220;A Minha Hist\u00f3ria&#8221; e &#8220;Separa\u00e7\u00e3o&#8221;<\/strong>&nbsp;&#8211; esta \u00faltima, um dueto de grande sucesso com a cantora Simone e o grupo Exaltasamba.<\/p>\n\n\n\n<p>Com uma carreira repleta de sucessos e uma legi\u00e3o de f\u00e3s fi\u00e9is, o artista promete uma noite emocionante, rom\u00e2ntica e repleta de can\u00e7\u00f5es ic\u00f4nicas, al\u00e9m de sucessos consagrados que mostram v\u00e1rias fases da carreira de Jos\u00e9 Augusto, que tamb\u00e9m presentear\u00e1 o p\u00fablico com performances emocionantes de&nbsp;<strong>&#8220;Indiferen\u00e7a&#8221;, &#8220;Chuvas de Ver\u00e3o&#8221; e &#8220;Sonho por Sonho&#8221;<\/strong>. Ser\u00e1 uma oportunidade imperd\u00edvel para reviver momentos especiais e se emocionar com a voz \u00fanica desse talentoso artista.<\/p>\n\n\n\n<p><strong>\u201cEstou muito feliz por voltar a Salvador, trazendo uma noite inesquec\u00edvel e rom\u00e2ntica, repleta de can\u00e7\u00f5es que amo cantar e que marcou v\u00e1rias gera\u00e7\u00f5es\u201d.<\/strong>&nbsp;Declara o cantor Jos\u00e9 Augusto.<\/p>\n\n\n\n<p>Jos\u00e9 Augusto \u00e9 conhecido por sua habilidade \u00edmpar em transmitir emo\u00e7\u00e3o atrav\u00e9s de suas m\u00fasicas e seu carisma no palco,&nbsp; faz com que cada apresenta\u00e7\u00e3o seja memor\u00e1vel. Com mais de quatro d\u00e9cadas de carreira, o cantor continua conquistando cora\u00e7\u00f5es e encantando plateias por onde passa.&nbsp;Com a carreira marcada por v\u00e1rios sucessos, turn\u00eas internacionais e milh\u00f5es de \u00e1lbuns vendidos, vale conferir o show deste grande artista em uma noite muito especial.<\/p>\n\n\n\n<p><strong><u>Para saber mais acesse:<\/u><\/strong><\/p>\n\n\n\n<p>Site:&nbsp;<a href=\"http:\/\/www.joseaugusto.com.br\/\" target=\"_blank\" rel=\"noreferrer noopener\">www.joseaugusto.com.br<\/a><\/p>\n\n\n\n<p>Instagram &#8211;&nbsp;<a href=\"http:\/\/www.instagram.com\/joseaugustooficial\" target=\"_blank\" rel=\"noreferrer noopener\">www.instagram.com\/joseaugustooficial<\/a><\/p>\n\n\n\n<p>Youtube:&nbsp;<a href=\"http:\/\/www.youtube.com\/joseaugustooficial\" target=\"_blank\" rel=\"noreferrer noopener\">www.youtube.com\/joseaugustooficial<\/a><\/p>\n\n\n\n<p>Fonte: Fernanda Lara Rocca&nbsp;<\/p>\n\n\n\n<p><strong><u>SERVI\u00c7O<\/u><\/strong><\/p>\n\n\n\n<p>Jos\u00e9 Augusto<\/p>\n\n\n\n<p>Data: 22.09.23<\/p>\n\n\n\n<p>Local \u2013 Pupileira<\/p>\n\n\n\n<p>Hor\u00e1rio: 21h30<\/p>\n","protected":false},"excerpt":{"rendered":"<p>&nbsp;O show acontece no dia&nbsp;22 de setembro na Pupileira O cantor traz um repert\u00f3rio, ainda&#8230;<\/p>\n","protected":false},"author":19,"featured_media":10470,"comment_status":"closed","ping_status":"open","sticky":false,"template":"","format":"standard","meta":{"om_disable_all_campaigns":false,"_monsterinsights_skip_tracking":false,"_monsterinsights_sitenote_active":false,"_monsterinsights_sitenote_note":"","_monsterinsights_sitenote_category":0,"spay_email":""},"categories":[26],"tags":[],"jetpack_featured_media_url":"https:\/\/vimagazine.com.br\/wp-content\/uploads\/2023\/09\/PHOTO-2019-12-11-11-50-47_1-1.jpg","_links":{"self":[{"href":"https:\/\/vimagazine.com.br\/index.php?rest_route=\/wp\/v2\/posts\/10469"}],"collection":[{"href":"https:\/\/vimagazine.com.br\/index.php?rest_route=\/wp\/v2\/posts"}],"about":[{"href":"https:\/\/vimagazine.com.br\/index.php?rest_route=\/wp\/v2\/types\/post"}],"author":[{"embeddable":true,"href":"https:\/\/vimagazine.com.br\/index.php?rest_route=\/wp\/v2\/users\/19"}],"replies":[{"embeddable":true,"href":"https:\/\/vimagazine.com.br\/index.php?rest_route=%2Fwp%2Fv2%2Fcomments&post=10469"}],"version-history":[{"count":1,"href":"https:\/\/vimagazine.com.br\/index.php?rest_route=\/wp\/v2\/posts\/10469\/revisions"}],"predecessor-version":[{"id":10471,"href":"https:\/\/vimagazine.com.br\/index.php?rest_route=\/wp\/v2\/posts\/10469\/revisions\/10471"}],"wp:featuredmedia":[{"embeddable":true,"href":"https:\/\/vimagazine.com.br\/index.php?rest_route=\/wp\/v2\/media\/10470"}],"wp:attachment":[{"href":"https:\/\/vimagazine.com.br\/index.php?rest_route=%2Fwp%2Fv2%2Fmedia&parent=10469"}],"wp:term":[{"taxonomy":"category","embeddable":true,"href":"https:\/\/vimagazine.com.br\/index.php?rest_route=%2Fwp%2Fv2%2Fcategories&post=10469"},{"taxonomy":"post_tag","embeddable":true,"href":"https:\/\/vimagazine.com.br\/index.php?rest_route=%2Fwp%2Fv2%2Ftags&post=10469"}],"curies":[{"name":"wp","href":"https:\/\/api.w.org\/{rel}","templated":true}]}}