{"id":10478,"date":"2023-09-15T08:55:52","date_gmt":"2023-09-15T11:55:52","guid":{"rendered":"https:\/\/vimagazine.com.br\/?p=10478"},"modified":"2023-09-15T08:55:53","modified_gmt":"2023-09-15T11:55:53","slug":"circolo-italiano-acolhe-exposicao-de-imagens-da-regiao-da-toscana","status":"publish","type":"post","link":"https:\/\/vimagazine.com.br\/?p=10478","title":{"rendered":"Circolo Italiano acolhe exposi\u00e7\u00e3o de imagens da regi\u00e3o da Toscana"},"content":{"rendered":"\n<p class=\"has-text-align-center\">Fotografias do cirurgi\u00e3o pl\u00e1stico Iber\u00ea Condeixa inspiram poesias da escritora Maria Luiza Kuhn<\/p>\n\n\n\n<p class=\"has-text-align-center\">Fot\u00f3grafo autodidata desde 1972, ele prefere captar suas imagens em preto e branco, a fim de conseguir a melhor express\u00e3o dos registros que produz.<\/p>\n\n\n\n<p class=\"has-text-align-center\"> Foi com rara sensibilidade que, durante uma temporada de tr\u00eas meses vividos em Floren\u00e7a, na m\u00e1gica regi\u00e3o italiana da Toscana, reuniu um acervo, literalmente, de f\u00f4lego, que logo chamou a aten\u00e7\u00e3o de uma amiga poeta. Um passo para que da\u00ed nascesse um novo projeto: ao final desse di\u00e1logo art\u00edstico, um livro que traz um peda\u00e7o da alma de seus autores. <\/p>\n\n\n\n<p class=\"has-text-align-center\"><strong>O cirurgi\u00e3o pl\u00e1stico Iber\u00ea Pires Condeixa e a escritora Maria Luiza Kuhn retratam, em \u201cPreto &amp; Branco Colorido\u201d (Scortecci Editora), uma Toscana permeada de emo\u00e7\u00f5es.<\/strong><\/p>\n\n\n\n<figure class=\"wp-block-image aligncenter size-full\"><img width=\"690\" height=\"1024\" src=\"https:\/\/vimagazine.com.br\/wp-content\/uploads\/2023\/09\/WhatsApp-Image-2023-09-15-at-08.24.57.jpeg\" alt=\"\" class=\"wp-image-10480\" srcset=\"https:\/\/vimagazine.com.br\/wp-content\/uploads\/2023\/09\/WhatsApp-Image-2023-09-15-at-08.24.57.jpeg 690w, https:\/\/vimagazine.com.br\/wp-content\/uploads\/2023\/09\/WhatsApp-Image-2023-09-15-at-08.24.57-202x300.jpeg 202w\" sizes=\"(max-width: 690px) 100vw, 690px\" \/><\/figure>\n\n\n\n<p class=\"has-text-align-center\">Emo\u00e7\u00f5es que chegam, agora, na forma de uma exposi\u00e7\u00e3o, no espa\u00e7o cultural do Circolo Italiano de Joinville (Rua Professora Senhorinha Soares, 62, Anita Garibaldi). A mostra de 18 quadros que somam imagens e poesias ser\u00e1 aberta no dia 20 de setembro, podendo ser visitada at\u00e9 20 de outubro, sempre das 8h \u00e0s 12h e das 14h \u00e0s 18h. <\/p>\n\n\n\n<p class=\"has-text-align-center\">Sobre o livro, o m\u00e9dico \u00e9 modesto: \u201cFoi um trabalho empolgante, com resultado apreci\u00e1vel\u201d, sintetiza. \u201cAs m\u00e3os s\u00e3o o instrumento que permite ao artista captar, por meio das lentes, o preto e branco colorido da vida\u201d, define a escritora, que tamb\u00e9m \u00e9 terapeuta hol\u00edstica e palestrante. Autora dos livros \u201cLil\u00e1s\u201d, \u201cFlor de Abra\u00e7o\u201d, \u201cO Amor Compreende a Idade\u201d e \u201cCarmin \u2013 99\u201d, Maria Luiza Kuhn participou de doze antologias nacionais.<\/p>\n\n\n\n<p class=\"has-text-align-center\">M\u00e9dico especialista em cirurgia geral e cirurgia pl\u00e1stica, com forma\u00e7\u00e3o no Brasil e na Espanha, Iber\u00ea trabalha exclusivamente com fotos anal\u00f3gicas em p&amp;b. \u00c9 fundador da Associa\u00e7\u00e3o de Amigos do Museu de Arte de Joinville. Sobre o livro que deu origem \u00e0 mostra, reverencia a percep\u00e7\u00e3o da escritora: \u201cNossa querida poeta deu falas e calor \u00e0s minhas fotos, deixando-as alegremente coloridas. <\/p>\n\n\n\n<p class=\"has-text-align-center\"><strong>Com isso, elas se encheram de vida, criando a possibilidade das mais diferentes interpreta\u00e7\u00f5es\u201d.<\/strong><\/p>\n\n\n\n<p class=\"has-text-align-center\">Assessoria de imprensa Iber\u00ea Condeixa. <\/p>\n\n\n\n<p class=\"has-text-align-center\">Jornalista Ana Ribas Diefenthaeler.<\/p>\n\n\n\n<p><\/p>\n","protected":false},"excerpt":{"rendered":"<p>Fotografias do cirurgi\u00e3o pl\u00e1stico Iber\u00ea Condeixa inspiram poesias da escritora Maria Luiza Kuhn Fot\u00f3grafo autodidata&#8230;<\/p>\n","protected":false},"author":3,"featured_media":10479,"comment_status":"closed","ping_status":"open","sticky":false,"template":"","format":"standard","meta":{"om_disable_all_campaigns":false,"_monsterinsights_skip_tracking":false,"_monsterinsights_sitenote_active":false,"_monsterinsights_sitenote_note":"","_monsterinsights_sitenote_category":0,"spay_email":""},"categories":[1],"tags":[],"jetpack_featured_media_url":"https:\/\/vimagazine.com.br\/wp-content\/uploads\/2023\/09\/WhatsApp-Image-2023-09-15-at-08.25.03-e1694778746317.jpeg","_links":{"self":[{"href":"https:\/\/vimagazine.com.br\/index.php?rest_route=\/wp\/v2\/posts\/10478"}],"collection":[{"href":"https:\/\/vimagazine.com.br\/index.php?rest_route=\/wp\/v2\/posts"}],"about":[{"href":"https:\/\/vimagazine.com.br\/index.php?rest_route=\/wp\/v2\/types\/post"}],"author":[{"embeddable":true,"href":"https:\/\/vimagazine.com.br\/index.php?rest_route=\/wp\/v2\/users\/3"}],"replies":[{"embeddable":true,"href":"https:\/\/vimagazine.com.br\/index.php?rest_route=%2Fwp%2Fv2%2Fcomments&post=10478"}],"version-history":[{"count":1,"href":"https:\/\/vimagazine.com.br\/index.php?rest_route=\/wp\/v2\/posts\/10478\/revisions"}],"predecessor-version":[{"id":10481,"href":"https:\/\/vimagazine.com.br\/index.php?rest_route=\/wp\/v2\/posts\/10478\/revisions\/10481"}],"wp:featuredmedia":[{"embeddable":true,"href":"https:\/\/vimagazine.com.br\/index.php?rest_route=\/wp\/v2\/media\/10479"}],"wp:attachment":[{"href":"https:\/\/vimagazine.com.br\/index.php?rest_route=%2Fwp%2Fv2%2Fmedia&parent=10478"}],"wp:term":[{"taxonomy":"category","embeddable":true,"href":"https:\/\/vimagazine.com.br\/index.php?rest_route=%2Fwp%2Fv2%2Fcategories&post=10478"},{"taxonomy":"post_tag","embeddable":true,"href":"https:\/\/vimagazine.com.br\/index.php?rest_route=%2Fwp%2Fv2%2Ftags&post=10478"}],"curies":[{"name":"wp","href":"https:\/\/api.w.org\/{rel}","templated":true}]}}