{"id":10500,"date":"2023-09-17T13:16:39","date_gmt":"2023-09-17T16:16:39","guid":{"rendered":"https:\/\/vimagazine.com.br\/?p=10500"},"modified":"2023-09-17T13:23:11","modified_gmt":"2023-09-17T16:23:11","slug":"sebrae-realiza-press-trip-em-barra-do-turvo-na-regiao-do-vale-do-ribeira-e-fomenta-o-turismo-local","status":"publish","type":"post","link":"https:\/\/vimagazine.com.br\/?p=10500","title":{"rendered":"Sebrae realiza Press Trip em Barra do Turvo na regi\u00e3o do Vale do Ribeira e fomenta o turismo local"},"content":{"rendered":"\n<p><\/p>\n\n\n\n<p>Nos \u00faltimos dias 11,12 e 13 o Sebrae promoveu o turismo e o com\u00e9rcio de Barra do Turvo, mun\u00edcipio do Vale do Ribeira<\/p>\n\n\n\n<figure class=\"wp-block-image size-large\"><img width=\"1024\" height=\"683\" src=\"https:\/\/vimagazine.com.br\/wp-content\/uploads\/2023\/09\/7a432dcd-4b8a-47cf-b7a9-81af6fad1703-1024x683.jpg\" alt=\"\" class=\"wp-image-10501\" srcset=\"https:\/\/vimagazine.com.br\/wp-content\/uploads\/2023\/09\/7a432dcd-4b8a-47cf-b7a9-81af6fad1703-1024x683.jpg 1024w, https:\/\/vimagazine.com.br\/wp-content\/uploads\/2023\/09\/7a432dcd-4b8a-47cf-b7a9-81af6fad1703-300x200.jpg 300w, https:\/\/vimagazine.com.br\/wp-content\/uploads\/2023\/09\/7a432dcd-4b8a-47cf-b7a9-81af6fad1703-768x512.jpg 768w, https:\/\/vimagazine.com.br\/wp-content\/uploads\/2023\/09\/7a432dcd-4b8a-47cf-b7a9-81af6fad1703.jpg 1296w\" sizes=\"(max-width: 1024px) 100vw, 1024px\" \/><\/figure>\n\n\n\n<p>A unidade do Sebrae do bairro da Aclima\u00e7\u00e3o, na capital paulista, levou a equipe de imprensa, influenciadores e turism\u00f3logos, para um tour pelos principais pontos tur\u00edsticos da cidade de Barra do Turvo.<\/p>\n\n\n\n<figure class=\"wp-block-image size-large\"><img width=\"1024\" height=\"768\" src=\"https:\/\/vimagazine.com.br\/wp-content\/uploads\/2023\/09\/6eae532a-c2fc-4141-9b9b-513553d1a160-1024x768.jpg\" alt=\"\" class=\"wp-image-10502\" srcset=\"https:\/\/vimagazine.com.br\/wp-content\/uploads\/2023\/09\/6eae532a-c2fc-4141-9b9b-513553d1a160-1024x768.jpg 1024w, https:\/\/vimagazine.com.br\/wp-content\/uploads\/2023\/09\/6eae532a-c2fc-4141-9b9b-513553d1a160-300x225.jpg 300w, https:\/\/vimagazine.com.br\/wp-content\/uploads\/2023\/09\/6eae532a-c2fc-4141-9b9b-513553d1a160-768x576.jpg 768w, https:\/\/vimagazine.com.br\/wp-content\/uploads\/2023\/09\/6eae532a-c2fc-4141-9b9b-513553d1a160-1536x1152.jpg 1536w, https:\/\/vimagazine.com.br\/wp-content\/uploads\/2023\/09\/6eae532a-c2fc-4141-9b9b-513553d1a160.jpg 1600w\" sizes=\"(max-width: 1024px) 100vw, 1024px\" \/><\/figure>\n\n\n\n<p>&nbsp;&nbsp;&nbsp;&nbsp; A equipe foi coordenada pela Gestora do Sebrae centro &#8211; SP, Silvia Lacerda, e contou com a presen\u00e7a de Fernanda, Jo\u00e3o Costa, Dora, Tatiane, Camila, Adriana, Denis, Edera, Ivan. Tudo sob o acompanhamento de Alberto Leal e Ricardo William que s\u00e3o gestores da unidade do Sebrae do munic\u00edpio de Registro em Vale do Ribeira. A viagem de tr\u00eas dias a uma das cidades do interior de S\u00e3o Paulo, permitiu que todos desbravassem um pouco mais acerca da hist\u00f3ria da cidade e do povo do munic\u00edpio de Barra do Turvo.&nbsp;<\/p>\n\n\n\n<figure class=\"wp-block-image size-large\"><img width=\"1024\" height=\"683\" src=\"https:\/\/vimagazine.com.br\/wp-content\/uploads\/2023\/09\/4528088c-9397-40e0-9d29-94a3b6343b1b-1024x683.jpg\" alt=\"\" class=\"wp-image-10503\" srcset=\"https:\/\/vimagazine.com.br\/wp-content\/uploads\/2023\/09\/4528088c-9397-40e0-9d29-94a3b6343b1b-1024x683.jpg 1024w, https:\/\/vimagazine.com.br\/wp-content\/uploads\/2023\/09\/4528088c-9397-40e0-9d29-94a3b6343b1b-300x200.jpg 300w, https:\/\/vimagazine.com.br\/wp-content\/uploads\/2023\/09\/4528088c-9397-40e0-9d29-94a3b6343b1b-768x512.jpg 768w, https:\/\/vimagazine.com.br\/wp-content\/uploads\/2023\/09\/4528088c-9397-40e0-9d29-94a3b6343b1b.jpg 1296w\" sizes=\"(max-width: 1024px) 100vw, 1024px\" \/><\/figure>\n\n\n\n<p>&nbsp;O primeiro dia foi marcado por palestra, um delicioso almo\u00e7o e tirolesa no \u201c<a href=\"https:\/\/www.instagram.com\/park_pousada_bioma\/\"><strong>Park &amp; Pousada Bioma<\/strong><\/a>\u201d da senhora, Fernanda Nardino, e no final dia todos seguiram para a <a href=\"https:\/\/www.instagram.com\/pousadajoaodebarrodabarra\/\"><strong>Pousada<\/strong> <strong>Jo\u00e3o de Barro<\/strong><\/a> das senhoras, <strong>Mary Derosso<\/strong> e <strong>Regina Daros<\/strong>, em Barra do Turvo, onde ficaram hospedados na pousada e foram recepcionados pelo Prefeito, Jefferson Luiz Martins (PSDB), que agradeceu a todos pela visita e fez um breve relato dos seus trabalhos nesses \u00faltimos anos na regi\u00e3o.<\/p>\n\n\n\n<p>\u00a0 Em meio ao crescimento vertiginoso da cidade de Barra do Turvo que fica no Vale Do Ribeira, os diversos esportes radicais como: <strong>tirolesa<\/strong>, <strong>rapel<\/strong>, <strong>rafting, water trekking<\/strong> dentre outros, foi fundamental para que a equipe entendesse e pudesse avaliar o potencial de crescimento tur\u00edstico da regi\u00e3o, levando em conta a gastronomia e atendimento ao p\u00fablico dado pelo povo.\u00a0<\/p>\n\n\n\n<p>&nbsp;&nbsp;&nbsp; Barra do Turvo \u00e9 uma cidade do interior, que fica na regi\u00e3o do Vale do Ribeira e que segundo dados do IBGE\/ 2022 t\u00eam uma popula\u00e7\u00e3o de aproximadamente 7.000 habitantes, tendo sido fundada em 1852.<\/p>\n\n\n\n<p><\/p>\n\n\n\n<p>Fotos: divulga\u00e7\u00e3o<\/p>\n","protected":false},"excerpt":{"rendered":"<p>Nos \u00faltimos dias 11,12 e 13 o Sebrae promoveu o turismo e o com\u00e9rcio de&#8230;<\/p>\n","protected":false},"author":2,"featured_media":10504,"comment_status":"closed","ping_status":"open","sticky":false,"template":"","format":"standard","meta":{"om_disable_all_campaigns":false,"_monsterinsights_skip_tracking":false,"_monsterinsights_sitenote_active":false,"_monsterinsights_sitenote_note":"","_monsterinsights_sitenote_category":0,"spay_email":""},"categories":[27,26],"tags":[733,735,577,734],"jetpack_featured_media_url":"https:\/\/vimagazine.com.br\/wp-content\/uploads\/2023\/09\/2c4a7a48-6202-4a20-8420-65468630dea8.jpg","_links":{"self":[{"href":"https:\/\/vimagazine.com.br\/index.php?rest_route=\/wp\/v2\/posts\/10500"}],"collection":[{"href":"https:\/\/vimagazine.com.br\/index.php?rest_route=\/wp\/v2\/posts"}],"about":[{"href":"https:\/\/vimagazine.com.br\/index.php?rest_route=\/wp\/v2\/types\/post"}],"author":[{"embeddable":true,"href":"https:\/\/vimagazine.com.br\/index.php?rest_route=\/wp\/v2\/users\/2"}],"replies":[{"embeddable":true,"href":"https:\/\/vimagazine.com.br\/index.php?rest_route=%2Fwp%2Fv2%2Fcomments&post=10500"}],"version-history":[{"count":2,"href":"https:\/\/vimagazine.com.br\/index.php?rest_route=\/wp\/v2\/posts\/10500\/revisions"}],"predecessor-version":[{"id":10506,"href":"https:\/\/vimagazine.com.br\/index.php?rest_route=\/wp\/v2\/posts\/10500\/revisions\/10506"}],"wp:featuredmedia":[{"embeddable":true,"href":"https:\/\/vimagazine.com.br\/index.php?rest_route=\/wp\/v2\/media\/10504"}],"wp:attachment":[{"href":"https:\/\/vimagazine.com.br\/index.php?rest_route=%2Fwp%2Fv2%2Fmedia&parent=10500"}],"wp:term":[{"taxonomy":"category","embeddable":true,"href":"https:\/\/vimagazine.com.br\/index.php?rest_route=%2Fwp%2Fv2%2Fcategories&post=10500"},{"taxonomy":"post_tag","embeddable":true,"href":"https:\/\/vimagazine.com.br\/index.php?rest_route=%2Fwp%2Fv2%2Ftags&post=10500"}],"curies":[{"name":"wp","href":"https:\/\/api.w.org\/{rel}","templated":true}]}}