{"id":10527,"date":"2023-09-18T15:05:27","date_gmt":"2023-09-18T18:05:27","guid":{"rendered":"https:\/\/vimagazine.com.br\/?p=10527"},"modified":"2023-09-18T15:37:05","modified_gmt":"2023-09-18T18:37:05","slug":"claudia-metne-prestigia-o-desfile-da-colecao-de-sapatos-primavera-2023-da-quinta-valentina","status":"publish","type":"post","link":"https:\/\/vimagazine.com.br\/?p=10527","title":{"rendered":"Claudia M\u00e9tne prestigia o desfile da cole\u00e7\u00e3o de sapatos Primavera\/Ver\u00e3o 2024 da Quinta Valentina\u00a0"},"content":{"rendered":"\n<figure class=\"wp-block-image aligncenter size-large is-resized\"><img src=\"https:\/\/vimagazine.com.br\/wp-content\/uploads\/2023\/09\/WhatsApp-Image-2023-09-18-at-09.24.46-768x1024.jpeg\" alt=\"\" class=\"wp-image-10528\" width=\"479\" height=\"638\" srcset=\"https:\/\/vimagazine.com.br\/wp-content\/uploads\/2023\/09\/WhatsApp-Image-2023-09-18-at-09.24.46-768x1024.jpeg 768w, https:\/\/vimagazine.com.br\/wp-content\/uploads\/2023\/09\/WhatsApp-Image-2023-09-18-at-09.24.46-225x300.jpeg 225w, https:\/\/vimagazine.com.br\/wp-content\/uploads\/2023\/09\/WhatsApp-Image-2023-09-18-at-09.24.46-1152x1536.jpeg 1152w, https:\/\/vimagazine.com.br\/wp-content\/uploads\/2023\/09\/WhatsApp-Image-2023-09-18-at-09.24.46-1024x1365.jpeg 1024w, https:\/\/vimagazine.com.br\/wp-content\/uploads\/2023\/09\/WhatsApp-Image-2023-09-18-at-09.24.46.jpeg 1200w\" sizes=\"(max-width: 479px) 100vw, 479px\" \/><\/figure>\n\n\n\n<figure class=\"wp-block-image aligncenter size-large is-resized\"><img src=\"https:\/\/vimagazine.com.br\/wp-content\/uploads\/2023\/09\/WhatsApp-Image-2023-09-14-at-16.07.26-784x1024.jpeg\" alt=\"\" class=\"wp-image-10529\" width=\"386\" height=\"504\" srcset=\"https:\/\/vimagazine.com.br\/wp-content\/uploads\/2023\/09\/WhatsApp-Image-2023-09-14-at-16.07.26-784x1024.jpeg 784w, https:\/\/vimagazine.com.br\/wp-content\/uploads\/2023\/09\/WhatsApp-Image-2023-09-14-at-16.07.26-230x300.jpeg 230w, https:\/\/vimagazine.com.br\/wp-content\/uploads\/2023\/09\/WhatsApp-Image-2023-09-14-at-16.07.26-768x1003.jpeg 768w, https:\/\/vimagazine.com.br\/wp-content\/uploads\/2023\/09\/WhatsApp-Image-2023-09-14-at-16.07.26.jpeg 980w\" sizes=\"(max-width: 386px) 100vw, 386px\" \/><\/figure>\n\n\n\n<p>Claudia M\u00e9tne prestigia o desfile da cole\u00e7\u00e3o de sapatos Primavera 2023 da Quinta Valentina &nbsp;&nbsp;&nbsp;<\/p>\n\n\n\n<p>Em S\u00e3o Paulo, foi realizado o evento de lan\u00e7amento da Cole\u00e7\u00e3o Primavera <strong>ISLA <\/strong>da renomada grife <strong>Quinta Valentina<\/strong>, onde a moda se entrela\u00e7a com o conforto dos p\u00e9s.&nbsp;&nbsp;<\/p>\n\n\n\n<p>A influencer <strong>Claudia M\u00e9tne<\/strong> abriu o desfile, apresentando as tend\u00eancias em cal\u00e7ados e sand\u00e1lias que prometem brilhar intensamente nesta temporada, embelezando os p\u00e9s das mulheres elegantes.&nbsp;&nbsp;<\/p>\n\n\n\n<p>A empreendedora <strong>Alessandra Giovanetti <\/strong>orquestrou um encontro exclusivo voltado para mulheres, enfocando a sua miss\u00e3o de crescer com estilo e eleg\u00e2ncia por meio desta cole\u00e7\u00e3o que antecede a temporada de ver\u00e3o, trazendo propostas verdadeiramente inovadoras.&nbsp;&nbsp;<\/p>\n\n\n\n<p>O evento contou com a presen\u00e7a de mulheres provenientes de diversos segmentos, unidas pelo amor aos cal\u00e7ados de qualidade, que, ali\u00e1s, s\u00e3o parte intr\u00ednseca da ess\u00eancia feminina.&nbsp;<\/p>\n\n\n\n<p>Servi\u00e7o: Quinta Valentina&nbsp;<\/p>\n\n\n\n<p>Rua Cl\u00f3vis de Oliveira, 397&nbsp;<\/p>\n\n\n\n<p>Jardim Guedala&nbsp;<\/p>\n\n\n\n<p>S\u00e3o Paulo&nbsp;<\/p>\n\n\n\n<p>@quintavalentina.alessandra\/&nbsp;<\/p>\n","protected":false},"excerpt":{"rendered":"<p>Claudia M\u00e9tne prestigia o desfile da cole\u00e7\u00e3o de sapatos Primavera 2023 da Quinta Valentina &nbsp;&nbsp;&nbsp;&#8230;<\/p>\n","protected":false},"author":19,"featured_media":10531,"comment_status":"closed","ping_status":"open","sticky":false,"template":"","format":"standard","meta":{"om_disable_all_campaigns":false,"_monsterinsights_skip_tracking":false,"_monsterinsights_sitenote_active":false,"_monsterinsights_sitenote_note":"","_monsterinsights_sitenote_category":0,"spay_email":""},"categories":[26],"tags":[],"jetpack_featured_media_url":"https:\/\/vimagazine.com.br\/wp-content\/uploads\/2023\/09\/WhatsApp-Image-2023-09-14-at-16.10.43-1.jpeg","_links":{"self":[{"href":"https:\/\/vimagazine.com.br\/index.php?rest_route=\/wp\/v2\/posts\/10527"}],"collection":[{"href":"https:\/\/vimagazine.com.br\/index.php?rest_route=\/wp\/v2\/posts"}],"about":[{"href":"https:\/\/vimagazine.com.br\/index.php?rest_route=\/wp\/v2\/types\/post"}],"author":[{"embeddable":true,"href":"https:\/\/vimagazine.com.br\/index.php?rest_route=\/wp\/v2\/users\/19"}],"replies":[{"embeddable":true,"href":"https:\/\/vimagazine.com.br\/index.php?rest_route=%2Fwp%2Fv2%2Fcomments&post=10527"}],"version-history":[{"count":3,"href":"https:\/\/vimagazine.com.br\/index.php?rest_route=\/wp\/v2\/posts\/10527\/revisions"}],"predecessor-version":[{"id":10535,"href":"https:\/\/vimagazine.com.br\/index.php?rest_route=\/wp\/v2\/posts\/10527\/revisions\/10535"}],"wp:featuredmedia":[{"embeddable":true,"href":"https:\/\/vimagazine.com.br\/index.php?rest_route=\/wp\/v2\/media\/10531"}],"wp:attachment":[{"href":"https:\/\/vimagazine.com.br\/index.php?rest_route=%2Fwp%2Fv2%2Fmedia&parent=10527"}],"wp:term":[{"taxonomy":"category","embeddable":true,"href":"https:\/\/vimagazine.com.br\/index.php?rest_route=%2Fwp%2Fv2%2Fcategories&post=10527"},{"taxonomy":"post_tag","embeddable":true,"href":"https:\/\/vimagazine.com.br\/index.php?rest_route=%2Fwp%2Fv2%2Ftags&post=10527"}],"curies":[{"name":"wp","href":"https:\/\/api.w.org\/{rel}","templated":true}]}}