{"id":10551,"date":"2023-09-20T13:51:33","date_gmt":"2023-09-20T16:51:33","guid":{"rendered":"https:\/\/vimagazine.com.br\/?p=10551"},"modified":"2023-09-20T13:51:36","modified_gmt":"2023-09-20T16:51:36","slug":"infanta-elena-de-borbon-membro-da-familia-real-espanhola-visita-projeto-comunidade-em-movimento","status":"publish","type":"post","link":"https:\/\/vimagazine.com.br\/?p=10551","title":{"rendered":"Infanta Elena De Borb\u00f3n, membro da fam\u00edlia real espanhola, visita projeto Comunidade em Movimento"},"content":{"rendered":"\n<p><\/p>\n\n\n\n<p class=\"has-text-align-center\"><em>At\u00e9 quinta-feira (21), a diretora de projetos da Fundaci\u00f3n MAPFRE acompanhar\u00e1 projetos sociais apoiados pela institui\u00e7\u00e3o, em S\u00e3o Paulo<\/em><\/p>\n\n\n\n<figure class=\"wp-block-image size-full\"><img width=\"1024\" height=\"683\" src=\"https:\/\/vimagazine.com.br\/wp-content\/uploads\/2023\/09\/0e4c5f92-1b38-4913-a89a-ad71737edcf7.jpg\" alt=\"\" class=\"wp-image-10552\" srcset=\"https:\/\/vimagazine.com.br\/wp-content\/uploads\/2023\/09\/0e4c5f92-1b38-4913-a89a-ad71737edcf7.jpg 1024w, https:\/\/vimagazine.com.br\/wp-content\/uploads\/2023\/09\/0e4c5f92-1b38-4913-a89a-ad71737edcf7-300x200.jpg 300w, https:\/\/vimagazine.com.br\/wp-content\/uploads\/2023\/09\/0e4c5f92-1b38-4913-a89a-ad71737edcf7-768x512.jpg 768w\" sizes=\"(max-width: 1024px) 100vw, 1024px\" \/><\/figure>\n\n\n\n<p>Nesta ter\u00e7a-feira (19), a Infanta Elena De Borb\u00f3n, irm\u00e3 do atual rei Filipe VI da Espanha, visitou o projeto Comunidade em Movimento, localizado em S\u00e3o Paulo. Desenvolvida pela Funda\u00e7\u00e3o Julita, em parceria com a Fundaci\u00f3n MAPFRE, a iniciativa promove o acesso ao esporte, lazer e ao ensino superior para jovens do Jardim S\u00e3o Lu\u00eds e bairros vizinhos da Zona Sul.<\/p>\n\n\n\n<figure class=\"wp-block-image size-large\"><img width=\"1024\" height=\"682\" src=\"https:\/\/vimagazine.com.br\/wp-content\/uploads\/2023\/09\/f0626df8-a640-4abd-be46-d55f639ff655-1024x682.jpg\" alt=\"\" class=\"wp-image-10553\" srcset=\"https:\/\/vimagazine.com.br\/wp-content\/uploads\/2023\/09\/f0626df8-a640-4abd-be46-d55f639ff655-1024x682.jpg 1024w, https:\/\/vimagazine.com.br\/wp-content\/uploads\/2023\/09\/f0626df8-a640-4abd-be46-d55f639ff655-300x200.jpg 300w, https:\/\/vimagazine.com.br\/wp-content\/uploads\/2023\/09\/f0626df8-a640-4abd-be46-d55f639ff655-768x511.jpg 768w, https:\/\/vimagazine.com.br\/wp-content\/uploads\/2023\/09\/f0626df8-a640-4abd-be46-d55f639ff655.jpg 1280w\" sizes=\"(max-width: 1024px) 100vw, 1024px\" \/><\/figure>\n\n\n\n<p>\u201cAuxiliando no desenvolvimento do projeto de vida desses jovens, percebemos que muitos deles desejam ingressar na universidade, mas n\u00e3o possuem recurso financeiro. O Comunidade em Movimento nasce para ajud\u00e1-los a realizar esse sonho\u201d, afirmou a coordenadora do Centro de Educa\u00e7\u00e3o pelo Esporte da Funda\u00e7\u00e3o Julita, Regiany Maciel, durante a visita. Al\u00e9m de conhecer os benefici\u00e1rios do projeto, a convidada tamb\u00e9m teve a oportunidade de vivenciar o ambiente onde as atividades oferecidas pela iniciativa s\u00e3o realizadas.<\/p>\n\n\n\n<p>&nbsp;<br>O projeto Comunidade em Movimento j\u00e1 viabilizou a entrada de 37&nbsp; jovens na universidade, sendo a maioria deles na \u00e1rea de Educa\u00e7\u00e3o F\u00edsica. Durante o acompanhamento universit\u00e1rio, a Funda\u00e7\u00e3o Julita tamb\u00e9m se dedica a auxiliar os jovens na constru\u00e7\u00e3o de seus projetos de vida, oferecendo a oportunidade de se envolverem em programas da organiza\u00e7\u00e3o, participar de encontros de mentoria, realizar planejamentos e capacita\u00e7\u00f5es espec\u00edficas, como em educa\u00e7\u00e3o popular.<br>&nbsp;<br>Desde o in\u00edcio, em 2017, o projeto incentiva que a forma\u00e7\u00e3o universit\u00e1ria traga retornos \u00e0 regi\u00e3o onde vivem os participantes. Ao todo, no \u00faltimo ano, mais de 4 mil moradores do Jardim S\u00e3o Lu\u00eds foram beneficiados por meio de atividades esportivas e recreativas, reocupando espa\u00e7os do bairro antes ociosos, como pra\u00e7as, parquinhos e quadras. Essa rela\u00e7\u00e3o permite que os jovens do Comunidade em Movimento se tornem refer\u00eancias positivas para crian\u00e7as e adolescentes da regi\u00e3o.&nbsp;<\/p>\n\n\n\n<p>&nbsp;<br>\u201cAl\u00e9m de ajudar a democratizar o acesso \u00e0 educa\u00e7\u00e3o, o programa oferece apoio para que esses jovens possam dialogar com seu territ\u00f3rio, em busca de impactos positivos. Ningu\u00e9m melhor do que eles, que nasceram e que conhecem a regi\u00e3o, para pensarem em problemas e solu\u00e7\u00e3o para o jardim S\u00e3o Lu\u00eds\u201d, defende F\u00e1tima Lima, representante da Fundaci\u00f3n MAPFRE no Brasil.&nbsp; At\u00e9 quinta-feira (21), Elena de Borb\u00f3n acompanhar\u00e1 os projetos sociais apoiados pela institui\u00e7\u00e3o no pa\u00eds.<\/p>\n\n\n\n<p><strong>Confira a agenda de visitas<\/strong><\/p>\n\n\n\n<p>20\/09: Visita ao Projeto Escola Socioesportiva Real Madrid, com a presen\u00e7a do ex-jogador do clube Real Madrid, Santiago Solari.<\/p>\n\n\n\n<p>20\/09: Visita ao Programa Na Pista Certa, em, S\u00e3o Caetano do Sul &#8211; SP.<\/p>\n\n\n\n<p>21\/08: Visita \u00e0 Liga Solid\u00e1ria.<\/p>\n\n\n\n<p><strong>Sobre a Fundaci\u00f3n MAPFRE<\/strong><\/p>\n\n\n\n<p>A Fundaci\u00f3n MAPFRE \u00e9 uma institui\u00e7\u00e3o sem fins lucrativos, que promove e apoia iniciativas em cinco \u00e1reas: Preven\u00e7\u00e3o e Seguran\u00e7a Vi\u00e1ria; Promo\u00e7\u00e3o da Sa\u00fade; Seguro e Previd\u00eancia Social; A\u00e7\u00e3o Social; e Cultura. Com sede na Espanha e presen\u00e7a em diversos pa\u00edses da Europa e Am\u00e9rica Latina, a Fundaci\u00f3n MAPFRE completou 31 anos de atua\u00e7\u00e3o no Brasil em 2023, beneficiando milh\u00f5es de pessoas com os diversos programas desenvolvidos em todo o pa\u00eds nesse per\u00edodo. Desde ent\u00e3o, trabalha para melhorar a qualidade de vida das pessoas e contribuir para o progresso social, garantindo a forma\u00e7\u00e3o do cidad\u00e3o e a conscientiza\u00e7\u00e3o da sociedade.<\/p>\n\n\n\n<p><\/p>\n","protected":false},"excerpt":{"rendered":"<p>At\u00e9 quinta-feira (21), a diretora de projetos da Fundaci\u00f3n MAPFRE acompanhar\u00e1 projetos sociais apoiados pela&#8230;<\/p>\n","protected":false},"author":2,"featured_media":10554,"comment_status":"closed","ping_status":"open","sticky":false,"template":"","format":"standard","meta":{"om_disable_all_campaigns":false,"_monsterinsights_skip_tracking":false,"_monsterinsights_sitenote_active":false,"_monsterinsights_sitenote_note":"","_monsterinsights_sitenote_category":0,"spay_email":""},"categories":[27,26,1],"tags":[699,738,676],"jetpack_featured_media_url":"https:\/\/vimagazine.com.br\/wp-content\/uploads\/2023\/09\/50bcdff5-038d-4056-b290-d88ac443d882.jpg","_links":{"self":[{"href":"https:\/\/vimagazine.com.br\/index.php?rest_route=\/wp\/v2\/posts\/10551"}],"collection":[{"href":"https:\/\/vimagazine.com.br\/index.php?rest_route=\/wp\/v2\/posts"}],"about":[{"href":"https:\/\/vimagazine.com.br\/index.php?rest_route=\/wp\/v2\/types\/post"}],"author":[{"embeddable":true,"href":"https:\/\/vimagazine.com.br\/index.php?rest_route=\/wp\/v2\/users\/2"}],"replies":[{"embeddable":true,"href":"https:\/\/vimagazine.com.br\/index.php?rest_route=%2Fwp%2Fv2%2Fcomments&post=10551"}],"version-history":[{"count":1,"href":"https:\/\/vimagazine.com.br\/index.php?rest_route=\/wp\/v2\/posts\/10551\/revisions"}],"predecessor-version":[{"id":10555,"href":"https:\/\/vimagazine.com.br\/index.php?rest_route=\/wp\/v2\/posts\/10551\/revisions\/10555"}],"wp:featuredmedia":[{"embeddable":true,"href":"https:\/\/vimagazine.com.br\/index.php?rest_route=\/wp\/v2\/media\/10554"}],"wp:attachment":[{"href":"https:\/\/vimagazine.com.br\/index.php?rest_route=%2Fwp%2Fv2%2Fmedia&parent=10551"}],"wp:term":[{"taxonomy":"category","embeddable":true,"href":"https:\/\/vimagazine.com.br\/index.php?rest_route=%2Fwp%2Fv2%2Fcategories&post=10551"},{"taxonomy":"post_tag","embeddable":true,"href":"https:\/\/vimagazine.com.br\/index.php?rest_route=%2Fwp%2Fv2%2Ftags&post=10551"}],"curies":[{"name":"wp","href":"https:\/\/api.w.org\/{rel}","templated":true}]}}