{"id":10574,"date":"2023-09-21T15:41:20","date_gmt":"2023-09-21T18:41:20","guid":{"rendered":"https:\/\/vimagazine.com.br\/?p=10574"},"modified":"2023-09-21T15:41:21","modified_gmt":"2023-09-21T18:41:21","slug":"ana-bittar-expoe-na-art-lab-galleryr","status":"publish","type":"post","link":"https:\/\/vimagazine.com.br\/?p=10574","title":{"rendered":"Ana Bittar exp\u00f5e na ART Lab Galleryr"},"content":{"rendered":"\n<figure class=\"wp-block-image aligncenter size-large is-resized\"><img src=\"https:\/\/vimagazine.com.br\/wp-content\/uploads\/2023\/09\/IMG-20230912-WA0006-1024x1024.jpg\" alt=\"\" class=\"wp-image-10575\" width=\"467\" height=\"467\" srcset=\"https:\/\/vimagazine.com.br\/wp-content\/uploads\/2023\/09\/IMG-20230912-WA0006-1024x1024.jpg 1024w, https:\/\/vimagazine.com.br\/wp-content\/uploads\/2023\/09\/IMG-20230912-WA0006-300x300.jpg 300w, https:\/\/vimagazine.com.br\/wp-content\/uploads\/2023\/09\/IMG-20230912-WA0006-150x150.jpg 150w, https:\/\/vimagazine.com.br\/wp-content\/uploads\/2023\/09\/IMG-20230912-WA0006-768x768.jpg 768w, https:\/\/vimagazine.com.br\/wp-content\/uploads\/2023\/09\/IMG-20230912-WA0006.jpg 1075w\" sizes=\"(max-width: 467px) 100vw, 467px\" \/><\/figure>\n\n\n\n<figure class=\"wp-block-image aligncenter size-large is-resized\"><img src=\"https:\/\/vimagazine.com.br\/wp-content\/uploads\/2023\/09\/IMG-20230810-WA0008-576x1024.jpg\" alt=\"\" class=\"wp-image-10576\" width=\"379\" height=\"673\" srcset=\"https:\/\/vimagazine.com.br\/wp-content\/uploads\/2023\/09\/IMG-20230810-WA0008-576x1024.jpg 576w, https:\/\/vimagazine.com.br\/wp-content\/uploads\/2023\/09\/IMG-20230810-WA0008-169x300.jpg 169w, https:\/\/vimagazine.com.br\/wp-content\/uploads\/2023\/09\/IMG-20230810-WA0008-768x1366.jpg 768w, https:\/\/vimagazine.com.br\/wp-content\/uploads\/2023\/09\/IMG-20230810-WA0008-864x1536.jpg 864w, https:\/\/vimagazine.com.br\/wp-content\/uploads\/2023\/09\/IMG-20230810-WA0008.jpg 899w\" sizes=\"(max-width: 379px) 100vw, 379px\" \/><\/figure>\n\n\n\n<p>Ana Bittar exp\u00f5e na ART Lab Gallery<\/p>\n\n\n\n<p>A artista pl\u00e1stica Ana Bittar est\u00e1 participando da exposi\u00e7\u00e3o coletiva Circuito Contempor\u00e2neo na ART Lab Gallery localizada no Shopping Cidade Jardim.<\/p>\n\n\n\n<p>A exposi\u00e7\u00e3o \u00e9 uma coletiva de obras dos artistas e designers representados e convidados pela galeria.<\/p>\n\n\n\n<p>O tema e aberto e re\u00fane a identidade e express\u00e3o art\u00edstica de cada participante em t\u00e9cnicas e suportes diversos como a pintura, fotografia, desenho, escultura.<\/p>\n\n\n\n<p>Ana apresentou a obra Oriente da S\u00e9rie Geometric.&nbsp;<\/p>\n\n\n\n<p>A exposi\u00e7\u00e3o fica at\u00e9 22 de setembro.<\/p>\n","protected":false},"excerpt":{"rendered":"<p>Ana Bittar exp\u00f5e na ART Lab Gallery A artista pl\u00e1stica Ana Bittar est\u00e1 participando da&#8230;<\/p>\n","protected":false},"author":19,"featured_media":10577,"comment_status":"closed","ping_status":"open","sticky":false,"template":"","format":"standard","meta":{"om_disable_all_campaigns":false,"_monsterinsights_skip_tracking":false,"_monsterinsights_sitenote_active":false,"_monsterinsights_sitenote_note":"","_monsterinsights_sitenote_category":0,"spay_email":""},"categories":[26],"tags":[],"jetpack_featured_media_url":"https:\/\/vimagazine.com.br\/wp-content\/uploads\/2023\/09\/IMG_20230715_135527_500.jpg","_links":{"self":[{"href":"https:\/\/vimagazine.com.br\/index.php?rest_route=\/wp\/v2\/posts\/10574"}],"collection":[{"href":"https:\/\/vimagazine.com.br\/index.php?rest_route=\/wp\/v2\/posts"}],"about":[{"href":"https:\/\/vimagazine.com.br\/index.php?rest_route=\/wp\/v2\/types\/post"}],"author":[{"embeddable":true,"href":"https:\/\/vimagazine.com.br\/index.php?rest_route=\/wp\/v2\/users\/19"}],"replies":[{"embeddable":true,"href":"https:\/\/vimagazine.com.br\/index.php?rest_route=%2Fwp%2Fv2%2Fcomments&post=10574"}],"version-history":[{"count":1,"href":"https:\/\/vimagazine.com.br\/index.php?rest_route=\/wp\/v2\/posts\/10574\/revisions"}],"predecessor-version":[{"id":10578,"href":"https:\/\/vimagazine.com.br\/index.php?rest_route=\/wp\/v2\/posts\/10574\/revisions\/10578"}],"wp:featuredmedia":[{"embeddable":true,"href":"https:\/\/vimagazine.com.br\/index.php?rest_route=\/wp\/v2\/media\/10577"}],"wp:attachment":[{"href":"https:\/\/vimagazine.com.br\/index.php?rest_route=%2Fwp%2Fv2%2Fmedia&parent=10574"}],"wp:term":[{"taxonomy":"category","embeddable":true,"href":"https:\/\/vimagazine.com.br\/index.php?rest_route=%2Fwp%2Fv2%2Fcategories&post=10574"},{"taxonomy":"post_tag","embeddable":true,"href":"https:\/\/vimagazine.com.br\/index.php?rest_route=%2Fwp%2Fv2%2Ftags&post=10574"}],"curies":[{"name":"wp","href":"https:\/\/api.w.org\/{rel}","templated":true}]}}