{"id":10579,"date":"2023-09-23T13:36:58","date_gmt":"2023-09-23T16:36:58","guid":{"rendered":"https:\/\/vimagazine.com.br\/?p=10579"},"modified":"2023-09-23T13:36:59","modified_gmt":"2023-09-23T16:36:59","slug":"camila-menoni-esta-no-miss-sao-paulo-de-las-americas-2023-representando-sao-paulo","status":"publish","type":"post","link":"https:\/\/vimagazine.com.br\/?p=10579","title":{"rendered":"Camila Menoni est\u00e1 no Miss S\u00e3o Paulo de Las Am\u00e9ricas 2023 representando S\u00e3o Paulo"},"content":{"rendered":"\n<p><\/p>\n\n\n\n<p><strong>&nbsp;&nbsp; Camila Menoni<\/strong> \u00e9 Atriz, Bailarina, formada em Educa\u00e7\u00e3o F\u00edsica, trabalha nos palcos e com televis\u00e3o h\u00e1 15 anos em S\u00e3o Paulo e no Rio de Janeiro. A nova candidata no concurso de Beleza Miss S\u00e3o Paulo de Las Am\u00e9ricas 2023, \u00e9 da cidade de Ibitinga, interior de S\u00e3o Paulo, trabalha como modelo profissional desde os 14 anos de idade e est\u00e1 lan\u00e7ando a sua marca de beleza, \u201c<strong>MENONY BEAUTY<\/strong>\u201d.<\/p>\n\n\n\n<p>&nbsp;&nbsp; Para falar sobre a sua carreira, inf\u00e2ncia, da sua dedica\u00e7\u00e3o a defesa e prote\u00e7\u00e3o dos animais, que eu convidei para um bate-papo descontra\u00eddo, a modelo e atriz, Menoni.<\/p>\n\n\n\n<p><strong><em>Como surgiu a sua vontade em ser modelo, atriz e se formar em educa\u00e7\u00e3o f\u00edsica?<\/em><\/strong><\/p>\n\n\n\n<p><strong>R:<\/strong>&nbsp; A vontade de ser atriz surgiu da oportunidade que tive de ir para Lima no Peru, trabalhar com dan\u00e7a e televis\u00e3o. Trabalho como modelo desde crian\u00e7a, sempre amei, iniciei minha carreira como modelo profissional aos 14 anos. Esse per\u00edodo no exterior durou quase um ano. No Peru trabalhei na TV Am\u00e9rica, onde me apaixonei por novela, cinema e teatro. Cursei Educa\u00e7\u00e3o F\u00edsica, quando ainda era bem nova e morava no interior. No entanto, sempre gostei da dan\u00e7a.<\/p>\n\n\n\n<p>&nbsp; &#8211;&nbsp; Em 2013 retornei a S\u00e3o Paulo e comecei a estudar teatro. Fiz 15 anos de teatro, TV, cinema, sapateado, sempre fui apaixonada por arte. Morava em S\u00e3o Paulo e fiquei um tempo no Rio de Janeiro estudando tamb\u00e9m.<\/p>\n\n\n\n<p><strong><em>Qual dessas atividades voc\u00ea mais ama?<\/em><\/strong><\/p>\n\n\n\n<p>&nbsp;<strong>R:<\/strong>&nbsp;&nbsp; Amo mais, com certeza, atua\u00e7\u00e3o. J\u00e1 gravei alguns curtas e filmes, participa\u00e7\u00e3o em novela, ent\u00e3o com certeza amo estar no palco e na frente das c\u00e2meras.<\/p>\n\n\n\n<p><strong><em>Como foi a sua inf\u00e2ncia?<\/em><\/strong><\/p>\n\n\n\n<p>&nbsp;<strong>R:<\/strong>&nbsp; Minha inf\u00e2ncia foi muito boa, muitos amigos, divertida, muitos vizinhos, crian\u00e7as como eu, s\u00f3 recorda\u00e7\u00f5es boas. Amava jogar bola.<\/p>\n\n\n\n<p><strong><em>Quando e como voc\u00ea percebeu que tinha talento como empreendedora? Qual ou quais os segmentos nos quais voc\u00ea tem investido?<\/em><\/strong><\/p>\n\n\n\n<p>&nbsp;<strong>R:<\/strong>&nbsp;&nbsp; J\u00e1 trabalho com publicidade h\u00e1 uns 15 anos. Como percebi que vendo muito produtos de beleza para terceiros, pensei: por que n\u00e3o ter meu pr\u00f3prio neg\u00f3cio? Rs. Foi a\u00ed que decidi ter minha pr\u00f3pria linha de beleza, meu nome, registrada, e do jeitinho que eu gosto.<\/p>\n\n\n\n<p>Invisto bastante tamb\u00e9m na Dan\u00e7a do Ventre, sou focada nela, que \u00e9 uma das minhas paix\u00f5es.<\/p>\n\n\n\n<p><strong><em>Voc\u00ea tem um projeto social. Qual \u00e9? Quais os objetivos desse projeto e desde quando ele existe?<\/em><\/strong><\/p>\n\n\n\n<p>&nbsp;&nbsp; <strong>R:<\/strong>&nbsp; Meu projeto social tem mais de 8 anos, realizo a\u00e7\u00f5es sociais nesse per\u00edodo voltadas para a causa animal. Ajudo com ado\u00e7\u00e3o, resgate e com trabalhos volunt\u00e1rios alimentando e cuidando dos bichinhos abandonados na rua. Vale frisar, que n\u00e3o pe\u00e7o dinheiro nem ajuda, fa\u00e7o isso de cora\u00e7\u00e3o mesmo.<\/p>\n\n\n\n<p><strong><em>Como e quando nasceu o seu interesse pelas causas sociais?<\/em><\/strong><\/p>\n\n\n\n<p><strong>&nbsp; R:<\/strong>&nbsp; Meu interesse nasceu desde crian\u00e7a, pois nunca aceitei ver um bichinho nas ruas, abandonado, isso me cortava o cora\u00e7\u00e3o e da\u00ed eu dava um jeitinho de tirar ele de l\u00e1.<\/p>\n\n\n\n<p><strong><em>Quais as suas redes sociais?<\/em><\/strong><\/p>\n\n\n\n<p><strong>R:<\/strong>&nbsp;&nbsp; Instagram: <a href=\"https:\/\/www.instagram.com\/ca_menoni\/\">@ca_menoni<\/a> .&nbsp; Trata-se da rede social que mais uso no momento.<\/p>\n\n\n\n<p>Foto: Eddy Marchi<\/p>\n","protected":false},"excerpt":{"rendered":"<p>&nbsp;&nbsp; Camila Menoni \u00e9 Atriz, Bailarina, formada em Educa\u00e7\u00e3o F\u00edsica, trabalha nos palcos e com&#8230;<\/p>\n","protected":false},"author":2,"featured_media":10580,"comment_status":"closed","ping_status":"open","sticky":false,"template":"","format":"standard","meta":{"om_disable_all_campaigns":false,"_monsterinsights_skip_tracking":false,"_monsterinsights_sitenote_active":false,"_monsterinsights_sitenote_note":"","_monsterinsights_sitenote_category":0,"spay_email":""},"categories":[26,31,1],"tags":[348,739,172,704],"jetpack_featured_media_url":"https:\/\/vimagazine.com.br\/wp-content\/uploads\/2023\/09\/aba16c1e-902b-4379-a9f2-7b51fa396c0d.jpg","_links":{"self":[{"href":"https:\/\/vimagazine.com.br\/index.php?rest_route=\/wp\/v2\/posts\/10579"}],"collection":[{"href":"https:\/\/vimagazine.com.br\/index.php?rest_route=\/wp\/v2\/posts"}],"about":[{"href":"https:\/\/vimagazine.com.br\/index.php?rest_route=\/wp\/v2\/types\/post"}],"author":[{"embeddable":true,"href":"https:\/\/vimagazine.com.br\/index.php?rest_route=\/wp\/v2\/users\/2"}],"replies":[{"embeddable":true,"href":"https:\/\/vimagazine.com.br\/index.php?rest_route=%2Fwp%2Fv2%2Fcomments&post=10579"}],"version-history":[{"count":1,"href":"https:\/\/vimagazine.com.br\/index.php?rest_route=\/wp\/v2\/posts\/10579\/revisions"}],"predecessor-version":[{"id":10581,"href":"https:\/\/vimagazine.com.br\/index.php?rest_route=\/wp\/v2\/posts\/10579\/revisions\/10581"}],"wp:featuredmedia":[{"embeddable":true,"href":"https:\/\/vimagazine.com.br\/index.php?rest_route=\/wp\/v2\/media\/10580"}],"wp:attachment":[{"href":"https:\/\/vimagazine.com.br\/index.php?rest_route=%2Fwp%2Fv2%2Fmedia&parent=10579"}],"wp:term":[{"taxonomy":"category","embeddable":true,"href":"https:\/\/vimagazine.com.br\/index.php?rest_route=%2Fwp%2Fv2%2Fcategories&post=10579"},{"taxonomy":"post_tag","embeddable":true,"href":"https:\/\/vimagazine.com.br\/index.php?rest_route=%2Fwp%2Fv2%2Ftags&post=10579"}],"curies":[{"name":"wp","href":"https:\/\/api.w.org\/{rel}","templated":true}]}}