{"id":10611,"date":"2023-09-28T11:02:56","date_gmt":"2023-09-28T14:02:56","guid":{"rendered":"https:\/\/vimagazine.com.br\/?p=10611"},"modified":"2023-09-28T11:03:00","modified_gmt":"2023-09-28T14:03:00","slug":"a-fazenda-15-visao-de-jogo-se-constroi-com-observacao-diz-kamila-simioni","status":"publish","type":"post","link":"https:\/\/vimagazine.com.br\/?p=10611","title":{"rendered":"A Fazenda 15: &#8220;Vis\u00e3o de Jogo se constr\u00f3i com observa\u00e7\u00e3o&#8221;, diz Kamila Simioni"},"content":{"rendered":"\n<p>Vimos nesta primeira semana de exibi\u00e7\u00e3o do reality A Fazenda 15, que a empres\u00e1ria e influencer&nbsp;<strong>Kamila Simioni<\/strong>&nbsp;\u00e9 uma jogadora perspicaz, que observa a estrat\u00e9gia, comportamento e posicionamento de seus advers\u00e1rios. Pudemos observar uma jogadora que elabora discursos aqueles que est\u00e3o com ela e principalmente tomando a postura de uma jogadora neutra, que comenta o jogo de todos com aqueles que se permitem aproximar dela.<\/p>\n\n\n\n<p>Jogadora declaradamente calma, que n\u00e3o levanta bandeiras e nem se intromete no jogo dos demais pe\u00f5es, onde Simioni tem se demonstrado ser daquelas competidoras que s\u00f3 se permite ser provocada por jogadores com quase ou mesmo n\u00edvel estrat\u00e9gico de seu posicionamento dentro do reality rural da Record TV.<\/p>\n\n\n\n<p>Est\u00e1 bem n\u00edtido que Simioni n\u00e3o entrou para ser pequena no jogo, e sim para ser grande, onde primeiro precisa conhecer o cen\u00e1rio e principalmente seus concorrentes. Nestes primeiros dias conseguimos visualizar uma Kamila que observa, comenta e analisa a participa\u00e7\u00e3o de todos, estando bem longe de ser uma jogadora planta, como costumam se analisar os participantes de realitys.<\/p>\n\n\n\n<p>E logo de cara ela fez quest\u00e3o de deixar bem claro para todos que &#8220;Chegou no Jogo&#8221;. E para quem conhece Simioni sabe muito bem que por ser uma mulher forte e determinada, que ainda tem muito para entregar e entreter o p\u00fablico telespectador.<\/p>\n\n\n\n<p><strong>Cr\u00e9dito das Fotos: Marcelo Vin\u00edcius &#8211; Emo\u00e7\u00f5es Creative \/ Divulga\u00e7\u00e3o<\/strong><\/p>\n","protected":false},"excerpt":{"rendered":"<p>Vimos nesta primeira semana de exibi\u00e7\u00e3o do reality A Fazenda 15, que a empres\u00e1ria e&#8230;<\/p>\n","protected":false},"author":19,"featured_media":10612,"comment_status":"closed","ping_status":"open","sticky":false,"template":"","format":"standard","meta":{"om_disable_all_campaigns":false,"_monsterinsights_skip_tracking":false,"_monsterinsights_sitenote_active":false,"_monsterinsights_sitenote_note":"","_monsterinsights_sitenote_category":0,"spay_email":""},"categories":[26],"tags":[],"jetpack_featured_media_url":"https:\/\/vimagazine.com.br\/wp-content\/uploads\/2023\/09\/Kamila-Simioni-Credito-da-Foto-Marcelo-Vinicius-Emocoes-Creative-03.jpg","_links":{"self":[{"href":"https:\/\/vimagazine.com.br\/index.php?rest_route=\/wp\/v2\/posts\/10611"}],"collection":[{"href":"https:\/\/vimagazine.com.br\/index.php?rest_route=\/wp\/v2\/posts"}],"about":[{"href":"https:\/\/vimagazine.com.br\/index.php?rest_route=\/wp\/v2\/types\/post"}],"author":[{"embeddable":true,"href":"https:\/\/vimagazine.com.br\/index.php?rest_route=\/wp\/v2\/users\/19"}],"replies":[{"embeddable":true,"href":"https:\/\/vimagazine.com.br\/index.php?rest_route=%2Fwp%2Fv2%2Fcomments&post=10611"}],"version-history":[{"count":1,"href":"https:\/\/vimagazine.com.br\/index.php?rest_route=\/wp\/v2\/posts\/10611\/revisions"}],"predecessor-version":[{"id":10613,"href":"https:\/\/vimagazine.com.br\/index.php?rest_route=\/wp\/v2\/posts\/10611\/revisions\/10613"}],"wp:featuredmedia":[{"embeddable":true,"href":"https:\/\/vimagazine.com.br\/index.php?rest_route=\/wp\/v2\/media\/10612"}],"wp:attachment":[{"href":"https:\/\/vimagazine.com.br\/index.php?rest_route=%2Fwp%2Fv2%2Fmedia&parent=10611"}],"wp:term":[{"taxonomy":"category","embeddable":true,"href":"https:\/\/vimagazine.com.br\/index.php?rest_route=%2Fwp%2Fv2%2Fcategories&post=10611"},{"taxonomy":"post_tag","embeddable":true,"href":"https:\/\/vimagazine.com.br\/index.php?rest_route=%2Fwp%2Fv2%2Ftags&post=10611"}],"curies":[{"name":"wp","href":"https:\/\/api.w.org\/{rel}","templated":true}]}}