{"id":10624,"date":"2023-09-29T09:43:32","date_gmt":"2023-09-29T12:43:32","guid":{"rendered":"https:\/\/vimagazine.com.br\/?p=10624"},"modified":"2023-09-29T09:43:36","modified_gmt":"2023-09-29T12:43:36","slug":"como-se-destacar-no-mercado-de-trabalho-e-tema-de-palestra-na-expoprofissoes%ef%bf%bcmentor-individual-em-oratoria-e-media-training-marcos-pereira-fala-no-dia-4-de-outubro","status":"publish","type":"post","link":"https:\/\/vimagazine.com.br\/?p=10624","title":{"rendered":"Como se destacar no mercado de trabalho \u00e9 tema de palestra na ExpoProfiss\u00f5es\ufffcMentor individual em orat\u00f3ria e media training, Marcos Pereira, fala no dia 4 de outubro"},"content":{"rendered":"\n<p class=\"has-text-align-center\">A programa\u00e7\u00e3o da 1\u00aa ExpoProfiss\u00f5es traz pain\u00e9is e palestras sobre os mais variados desafios do mercado de trabalho e futuro profissional, como, por exemplo, o uso das redes sociais. <\/p>\n\n\n\n<p class=\"has-text-align-center\">E \u00e9 sobre isso que o jornalista, especialista em comunica\u00e7\u00e3o com mais de 23 anos de experi\u00eancia e mentor individual em orat\u00f3ria e media training, Marcos Pereira fala no dia 4 de outubro. \u201cLinkedin: como usar a ferramenta para se destacar no mercado de trabalho\u201d, est\u00e1 marcada para \u00e0s 20h, e tem entrada gratuita.<\/p>\n\n\n\n<p class=\"has-text-align-center\">&#8220;<em>O Linkedin \u00e9 a maior rede profissional do mundo com quase 860 milh\u00f5es de usu\u00e1rios em 200 pa\u00edses. Ignorar esta janela de in\u00fameras oportunidades \u00e9 fechar portas para o desenvolvimento e crescimento da carreira<\/em>&#8220;, diz Pereira.<\/p>\n\n\n\n<p class=\"has-text-align-center\">Na palestra, o especialista explica como esta rede \u00e9 capaz de projetar o profissional por meio da autoridade moral, posicionamento de marca e conex\u00f5es assertivas. &#8220;<em>Essas s\u00e3o habilidades essenciais para quem pretende sair do \u2018oceano vermelho\u2019, e navegar no \u2018oceano azul&#8217;. <\/em><\/p>\n\n\n\n<p class=\"has-text-align-center\"><strong><em>Na palestra darei dicas para quem quer fazer do Linkedin o seu \u2018pote de ouro&#8221;,\u00a0<\/em>destaca o jornalista<\/strong><em>.\u00a0<\/em><\/p>\n\n\n\n<p class=\"has-text-align-center\"><strong>Escritora Martha Medeiros fala dia 5<\/strong><\/p>\n\n\n\n<p class=\"has-text-align-center\">O grande nome confirmado para essa primeira edi\u00e7\u00e3o \u00e9 a escritora ga\u00facha Martha Medeiros. Autora de mais de 30 livros, Martha participa do talk show \u201cConversa na Sala\u201d. <\/p>\n\n\n\n<p class=\"has-text-align-center\">No encontro ela abordar\u00e1 sobre literatura, rela\u00e7\u00f5es humanas, tecnologia, arte.\u00a0<em>\u201cS\u00e3o assuntos que costumo trazer nas minhas cr\u00f4nicas e acredito que ser\u00e1 uma troca bem significativa\u201d<\/em>,\u00a0completa a escritora. O talk show \u201cConversa na Sala\u201d ser\u00e1 realizado dia 5 de outubro, \u00e0s 19h.\u00a0<\/p>\n\n\n\n<p class=\"has-text-align-center\">A programa\u00e7\u00e3o completa do evento est\u00e1 dispon\u00edvel no instagram @expoprofissoes.&nbsp;<\/p>\n\n\n\n<p class=\"has-text-align-center\"><strong>Servi\u00e7o<\/strong><br>O qu\u00ea: 1\u00aa ExpoProfiss\u00f5es &#8211; Carreira e Livros<br>Quando: de 4 a 8 de outubro<br>Hor\u00e1rio: das 9h \u00e0s 21 de quarta a sexta; e das 9h \u00e0s 20h no s\u00e1bado e domingo.<br>Onde: Alfredo Salfer, anexo ao Centreventos Cau Hansen<br>Quanto: gratuito<br><strong><br><\/strong><strong>Assessoria de Imprensa<\/strong><strong><br><\/strong><strong>Tai Rodrigues Comunica\u00e7\u00e3o e Conte\u00fado<\/strong><strong><br><\/strong><strong>(47) 98864.3373 |&nbsp;<\/strong><a href=\"mailto:tai@tairodrigues.com\" target=\"_blank\" rel=\"noreferrer noopener\"><strong>tai@tairodrigues.com<\/strong><\/a><strong>&nbsp;| @taicomunica<\/strong><br><strong>Atendimento \u00e0 imprensa: Fernanda Ourique e Bia Bittelbrunn<\/strong><\/p>\n","protected":false},"excerpt":{"rendered":"<p>A programa\u00e7\u00e3o da 1\u00aa ExpoProfiss\u00f5es traz pain\u00e9is e palestras sobre os mais variados desafios do&#8230;<\/p>\n","protected":false},"author":3,"featured_media":10625,"comment_status":"closed","ping_status":"open","sticky":false,"template":"","format":"standard","meta":{"om_disable_all_campaigns":false,"_monsterinsights_skip_tracking":false,"_monsterinsights_sitenote_active":false,"_monsterinsights_sitenote_note":"","_monsterinsights_sitenote_category":0,"spay_email":""},"categories":[1],"tags":[],"jetpack_featured_media_url":"https:\/\/vimagazine.com.br\/wp-content\/uploads\/2023\/09\/Marcos-Pereira.jpg","_links":{"self":[{"href":"https:\/\/vimagazine.com.br\/index.php?rest_route=\/wp\/v2\/posts\/10624"}],"collection":[{"href":"https:\/\/vimagazine.com.br\/index.php?rest_route=\/wp\/v2\/posts"}],"about":[{"href":"https:\/\/vimagazine.com.br\/index.php?rest_route=\/wp\/v2\/types\/post"}],"author":[{"embeddable":true,"href":"https:\/\/vimagazine.com.br\/index.php?rest_route=\/wp\/v2\/users\/3"}],"replies":[{"embeddable":true,"href":"https:\/\/vimagazine.com.br\/index.php?rest_route=%2Fwp%2Fv2%2Fcomments&post=10624"}],"version-history":[{"count":1,"href":"https:\/\/vimagazine.com.br\/index.php?rest_route=\/wp\/v2\/posts\/10624\/revisions"}],"predecessor-version":[{"id":10626,"href":"https:\/\/vimagazine.com.br\/index.php?rest_route=\/wp\/v2\/posts\/10624\/revisions\/10626"}],"wp:featuredmedia":[{"embeddable":true,"href":"https:\/\/vimagazine.com.br\/index.php?rest_route=\/wp\/v2\/media\/10625"}],"wp:attachment":[{"href":"https:\/\/vimagazine.com.br\/index.php?rest_route=%2Fwp%2Fv2%2Fmedia&parent=10624"}],"wp:term":[{"taxonomy":"category","embeddable":true,"href":"https:\/\/vimagazine.com.br\/index.php?rest_route=%2Fwp%2Fv2%2Fcategories&post=10624"},{"taxonomy":"post_tag","embeddable":true,"href":"https:\/\/vimagazine.com.br\/index.php?rest_route=%2Fwp%2Fv2%2Ftags&post=10624"}],"curies":[{"name":"wp","href":"https:\/\/api.w.org\/{rel}","templated":true}]}}