{"id":10628,"date":"2023-09-29T21:32:35","date_gmt":"2023-09-30T00:32:35","guid":{"rendered":"https:\/\/vimagazine.com.br\/?p=10628"},"modified":"2023-09-29T21:32:35","modified_gmt":"2023-09-30T00:32:35","slug":"empresario-marcelo-riformato-patrocina-coroa-em-homenagem-a-primeira-miss-universo-brasileira","status":"publish","type":"post","link":"https:\/\/vimagazine.com.br\/?p=10628","title":{"rendered":"Empres\u00e1rio Marcelo Riformato patrocina coroa em homenagem \u00e0 primeira Miss Universo brasileira"},"content":{"rendered":"\n<p>O Grupo Misses do Brasil\u00a0liderado por\u00a0quatro misses e amigas\u00a0preparou para este ano uma linda homenagem \u00e0 primeira brasileira\u00a0eleita a Miss Universo em 1963, I\u00eada Maria Vargas,\u00a0que\u00a0s\u00f3 tinha 18 anos\u00a0quando\u00a0recebeu o t\u00edtulo .<\/p>\n\n\n\n<figure class=\"wp-block-image size-full\"><img width=\"904\" height=\"654\" src=\"https:\/\/vimagazine.com.br\/wp-content\/uploads\/2023\/09\/e97ced59-8f64-40c8-8b01-d0c178bb2b31.jpeg\" alt=\"\" class=\"wp-image-10630\" srcset=\"https:\/\/vimagazine.com.br\/wp-content\/uploads\/2023\/09\/e97ced59-8f64-40c8-8b01-d0c178bb2b31.jpeg 904w, https:\/\/vimagazine.com.br\/wp-content\/uploads\/2023\/09\/e97ced59-8f64-40c8-8b01-d0c178bb2b31-300x217.jpeg 300w, https:\/\/vimagazine.com.br\/wp-content\/uploads\/2023\/09\/e97ced59-8f64-40c8-8b01-d0c178bb2b31-768x556.jpeg 768w\" sizes=\"(max-width: 904px) 100vw, 904px\" \/><\/figure>\n\n\n\n<p>Patr\u00edcia&nbsp;Godoi, Miss Brasil-1991,Fl\u00e1via Cavalcante, Miss Brasil-1989<\/p>\n\n\n\n<p>Deise Nunes, Miss Brasil 1986 e&nbsp;Ceres Ribeiro, Miss Rio Grande do Sul-1989,&nbsp;as fundadoras do grupo Misses do Brasil,&nbsp;estiveram \u00e0 frente da organiza\u00e7\u00e3o de mais um encontro,&nbsp;que desta vez preparou uma extensa agenda de eventos&nbsp;para celebrar&nbsp;os&nbsp;sessenta anos de reinado de I\u00eada Maria Vargas e tamb\u00e9m&nbsp;os&nbsp;30 anos de&nbsp;reinado como&nbsp;Miss&nbsp;Brasil da bela Leila Shuster.<\/p>\n\n\n\n<p>A Homenagem&nbsp;<\/p>\n\n\n\n<p>O evento aconteceu no\u00a0Space Adventure Nasana cidade de\u00a0Canela no\u00a0dia 16 de setembro.<\/p>\n\n\n\n<figure class=\"wp-block-image size-full\"><img width=\"982\" height=\"711\" src=\"https:\/\/vimagazine.com.br\/wp-content\/uploads\/2023\/09\/64730371-8575-4f00-b501-722add794d66.jpeg\" alt=\"\" class=\"wp-image-10631\" srcset=\"https:\/\/vimagazine.com.br\/wp-content\/uploads\/2023\/09\/64730371-8575-4f00-b501-722add794d66.jpeg 982w, https:\/\/vimagazine.com.br\/wp-content\/uploads\/2023\/09\/64730371-8575-4f00-b501-722add794d66-300x217.jpeg 300w, https:\/\/vimagazine.com.br\/wp-content\/uploads\/2023\/09\/64730371-8575-4f00-b501-722add794d66-768x556.jpeg 768w\" sizes=\"(max-width: 982px) 100vw, 982px\" \/><\/figure>\n\n\n\n<p>I\u00eada Maria Vargas foi coroada em cerim\u00f4nia cl\u00e1ssica do mundo miss,&nbsp;que faz parte de uma tradi\u00e7\u00e3o que entroniza a vencedora&nbsp;do t\u00edtulo nos &nbsp;concursos de beleza.<\/p>\n\n\n\n<p>O grupo Misses do &nbsp;Brasil contou com o patroc\u00ednio do empres\u00e1rio&nbsp;<\/p>\n\n\n\n<p>Marcelo Riformato,&nbsp;da Construtora Riformato, que tamb\u00e9m&nbsp;vem a ser o&nbsp;Ceo do Concurso Miss Brasil Terra.<\/p>\n\n\n\n<p>\u00ab&nbsp;Foi&nbsp;uma honra participar desta homenagem t\u00e3o linda \u00e0 nossa primeira Miss Universo&nbsp;brasileira. Por ocasi\u00e3o de sua coroa\u00e7\u00e3o&nbsp;a miss vencedora n\u00e3o ficava com a coroa. Naquela \u00e9poca a coroa era passada de miss a miss, ano ap\u00f3s ano, conforme iam sendo eleitas novas misses. Por isto&nbsp;foi uma honrapatrocinar esta coroa&nbsp;em homenagem \u00e0 I\u00eada&nbsp;\u00bb. Falou Riformato&nbsp;<\/p>\n\n\n\n<p>Marcelo&nbsp;marcou presen\u00e7a no evento e&nbsp;presenteou I\u00eada Maria Vargas com&nbsp;a&nbsp;r\u00e9plica da coroa original de 1963.<\/p>\n\n\n\n<p>\u00ab&nbsp;Temos como objetivo aproximar e unir misses de diversos Concursos, de v\u00e1rias gera\u00e7\u00f5es, vindas de diferentes regi\u00f5es do Brasil. Profissionais que atuam em muitas \u00e1reas e que t\u00eam em comum a viv\u00eancia no universo Miss.<\/p>\n\n\n\n<p>A amizade \u00e9 o fio condutor de uma hist\u00f3ria permeada por recorda\u00e7\u00f5es, A\u00e7\u00f5es Solid\u00e1rias e Campanhas que colaboram com a sociedade.&nbsp;Por ocasi\u00e3o deste encontro no Rio Grande do Sul,&nbsp;nosso grupo contribuiu com produtos&nbsp;de higiene&nbsp;para os desabrigados do Vale do Taquari&nbsp;\u00bb contou Fl\u00e1via Cavalcante.<\/p>\n\n\n\n<p>\u201cEstou\u00a0extremamente feliz com essa homenagem dos meus 60 anos de reinado. Ser lembrada com tanto carinho e amor \u00e9 muito gratificante! Que honra! S\u00f3 tenho a agradecer!&#8221;, disse\u00a0I\u00eada Maria que\u00a0atualmente est\u00e1 com 78 anos\u201d.<\/p>\n","protected":false},"excerpt":{"rendered":"<p>O Grupo Misses do Brasil\u00a0liderado por\u00a0quatro misses e amigas\u00a0preparou para este ano uma linda homenagem&#8230;<\/p>\n","protected":false},"author":18,"featured_media":10629,"comment_status":"closed","ping_status":"open","sticky":false,"template":"","format":"standard","meta":{"om_disable_all_campaigns":false,"_monsterinsights_skip_tracking":false,"_monsterinsights_sitenote_active":false,"_monsterinsights_sitenote_note":"","_monsterinsights_sitenote_category":0,"spay_email":""},"categories":[26],"tags":[106],"jetpack_featured_media_url":"https:\/\/vimagazine.com.br\/wp-content\/uploads\/2023\/09\/7b415958-e002-4835-864c-1a8c0f8f2992.jpeg","_links":{"self":[{"href":"https:\/\/vimagazine.com.br\/index.php?rest_route=\/wp\/v2\/posts\/10628"}],"collection":[{"href":"https:\/\/vimagazine.com.br\/index.php?rest_route=\/wp\/v2\/posts"}],"about":[{"href":"https:\/\/vimagazine.com.br\/index.php?rest_route=\/wp\/v2\/types\/post"}],"author":[{"embeddable":true,"href":"https:\/\/vimagazine.com.br\/index.php?rest_route=\/wp\/v2\/users\/18"}],"replies":[{"embeddable":true,"href":"https:\/\/vimagazine.com.br\/index.php?rest_route=%2Fwp%2Fv2%2Fcomments&post=10628"}],"version-history":[{"count":1,"href":"https:\/\/vimagazine.com.br\/index.php?rest_route=\/wp\/v2\/posts\/10628\/revisions"}],"predecessor-version":[{"id":10632,"href":"https:\/\/vimagazine.com.br\/index.php?rest_route=\/wp\/v2\/posts\/10628\/revisions\/10632"}],"wp:featuredmedia":[{"embeddable":true,"href":"https:\/\/vimagazine.com.br\/index.php?rest_route=\/wp\/v2\/media\/10629"}],"wp:attachment":[{"href":"https:\/\/vimagazine.com.br\/index.php?rest_route=%2Fwp%2Fv2%2Fmedia&parent=10628"}],"wp:term":[{"taxonomy":"category","embeddable":true,"href":"https:\/\/vimagazine.com.br\/index.php?rest_route=%2Fwp%2Fv2%2Fcategories&post=10628"},{"taxonomy":"post_tag","embeddable":true,"href":"https:\/\/vimagazine.com.br\/index.php?rest_route=%2Fwp%2Fv2%2Ftags&post=10628"}],"curies":[{"name":"wp","href":"https:\/\/api.w.org\/{rel}","templated":true}]}}