{"id":10633,"date":"2023-09-29T21:39:33","date_gmt":"2023-09-30T00:39:33","guid":{"rendered":"https:\/\/vimagazine.com.br\/?p=10633"},"modified":"2023-09-29T21:39:33","modified_gmt":"2023-09-30T00:39:33","slug":"racismo-migracao-e-democracia-dialogo-internacional-revela-desafios-e-oportunidades","status":"publish","type":"post","link":"https:\/\/vimagazine.com.br\/?p=10633","title":{"rendered":"Racismo, Migra\u00e7\u00e3o e Democracia: Di\u00e1logo internacional revela desafios e oportunidades"},"content":{"rendered":"\n<p>Representantes do governo e da sociedade civil debatem pol\u00edticas migrat\u00f3rias e combate ao racismo<\/p>\n\n\n\n<figure class=\"wp-block-image size-large\"><img width=\"1024\" height=\"680\" src=\"https:\/\/vimagazine.com.br\/wp-content\/uploads\/2023\/09\/11f0f31a-425b-4a20-896f-914e454aee63-1024x680.jpeg\" alt=\"\" class=\"wp-image-10635\" srcset=\"https:\/\/vimagazine.com.br\/wp-content\/uploads\/2023\/09\/11f0f31a-425b-4a20-896f-914e454aee63-1024x680.jpeg 1024w, https:\/\/vimagazine.com.br\/wp-content\/uploads\/2023\/09\/11f0f31a-425b-4a20-896f-914e454aee63-300x199.jpeg 300w, https:\/\/vimagazine.com.br\/wp-content\/uploads\/2023\/09\/11f0f31a-425b-4a20-896f-914e454aee63-768x510.jpeg 768w, https:\/\/vimagazine.com.br\/wp-content\/uploads\/2023\/09\/11f0f31a-425b-4a20-896f-914e454aee63.jpeg 1280w\" sizes=\"(max-width: 1024px) 100vw, 1024px\" \/><\/figure>\n\n\n\n<p>A cidade do Rio de Janeiro sediou o primeiro \u201cDi\u00e1logos Mudando Narrativas sobre Migra\u00e7\u00e3o\u201d. O evento internacional, realizado no \u00faltimo s\u00e1bado (23), reuniu cerca de 200 pessoas no Museu do Amanh\u00e3. Pesquisadores de 12 pa\u00edses, incluindo Brasil e Haiti, juntamente com representantes da sociedade civil, institui\u00e7\u00f5es p\u00fablicas e organiza\u00e7\u00f5es do terceiro setor, estiveram presentes. O evento contou com a apresenta\u00e7\u00e3o do coral haitiano Vozes Sem Fronteiras. No encerramento, um cortejo art\u00edstico partiu do lobby at\u00e9 a \u00e1rea externa do museu, em dire\u00e7\u00e3o \u00e0 Pra\u00e7a Mau\u00e1, sob a dire\u00e7\u00e3o do core\u00f3grafo e dan\u00e7arino Johayne Hildefonso.<\/p>\n\n\n\n<p>Foram discutidas quest\u00f5es relacionadas \u00e0s pol\u00edticas p\u00fablicas, redu\u00e7\u00e3o das desigualdades e desenvolvimento. A\u00e9m de chamar a aten\u00e7\u00e3o para as rotas migrat\u00f3rias entre pa\u00edses de seis corredores migrat\u00f3rios do eixo Sul-Sul. Esses corredores s\u00e3o respons\u00e1veis por um ter\u00e7o de todo o movimento migrat\u00f3rio no mundo, atingindo 70%. Os corredores mencionados s\u00e3o: Burkina Faso-Costa do Marfim, Eti\u00f3pia-\u00c1frica do Sul, China-Gana, Egito-Jord\u00e2nia, Nepal-Mal\u00e1sia e Haiti-Brasil.<\/p>\n\n\n\n<figure class=\"wp-block-image size-large\"><img width=\"1024\" height=\"680\" src=\"https:\/\/vimagazine.com.br\/wp-content\/uploads\/2023\/09\/2b475ba1-02a0-4a8b-9046-85bddd82c8b5-1024x680.jpeg\" alt=\"\" class=\"wp-image-10636\" srcset=\"https:\/\/vimagazine.com.br\/wp-content\/uploads\/2023\/09\/2b475ba1-02a0-4a8b-9046-85bddd82c8b5-1024x680.jpeg 1024w, https:\/\/vimagazine.com.br\/wp-content\/uploads\/2023\/09\/2b475ba1-02a0-4a8b-9046-85bddd82c8b5-300x199.jpeg 300w, https:\/\/vimagazine.com.br\/wp-content\/uploads\/2023\/09\/2b475ba1-02a0-4a8b-9046-85bddd82c8b5-768x510.jpeg 768w, https:\/\/vimagazine.com.br\/wp-content\/uploads\/2023\/09\/2b475ba1-02a0-4a8b-9046-85bddd82c8b5.jpeg 1280w\" sizes=\"(max-width: 1024px) 100vw, 1024px\" \/><\/figure>\n\n\n\n<p>O di\u00e1logo \u00e9 uma iniciativa da Universidade Internacional das Periferias (UNIperiferias) em parceria com o MIDEQ (Desenvolvimento e Igualdade atrav\u00e9s da Migra\u00e7\u00e3o) e a People\u2019s Palace Projects do Brasil (PPP do Brasil). O evento contou com a presen\u00e7a do coordenador de pol\u00edticas transversais, Paulo Pacheco, representando o Minist\u00e9rio da Igualdade Racial, e o coordenador geral de imigra\u00e7\u00e3o laboral do Minist\u00e9rio da Justi\u00e7a, Jonatas Pabis. Eles participaram das mesas principais, uma delas mediada por Raul Santiago, empreendedor e ativista.<\/p>\n\n\n\n<figure class=\"wp-block-image size-large\"><img width=\"1024\" height=\"680\" src=\"https:\/\/vimagazine.com.br\/wp-content\/uploads\/2023\/09\/45bd9daa-d064-4b41-890b-bd7876ba37ea-1024x680.jpeg\" alt=\"\" class=\"wp-image-10638\" srcset=\"https:\/\/vimagazine.com.br\/wp-content\/uploads\/2023\/09\/45bd9daa-d064-4b41-890b-bd7876ba37ea-1024x680.jpeg 1024w, https:\/\/vimagazine.com.br\/wp-content\/uploads\/2023\/09\/45bd9daa-d064-4b41-890b-bd7876ba37ea-300x199.jpeg 300w, https:\/\/vimagazine.com.br\/wp-content\/uploads\/2023\/09\/45bd9daa-d064-4b41-890b-bd7876ba37ea-768x510.jpeg 768w, https:\/\/vimagazine.com.br\/wp-content\/uploads\/2023\/09\/45bd9daa-d064-4b41-890b-bd7876ba37ea.jpeg 1280w\" sizes=\"(max-width: 1024px) 100vw, 1024px\" \/><\/figure>\n\n\n\n<p>Di\u00e1logo sobre novas pol\u00edticas<\/p>\n\n\n\n<p>Na mesa \u201cRa\u00e7a, Migra\u00e7\u00e3o e Democracia\u201d, Paulo Pacheco afirmou que o governo pretende priorizar a discuss\u00e3o migrat\u00f3ria. &#8220;\u00c9 relevante mencionar que estou representando o Minist\u00e9rio da Igualdade Racial. Nossa miss\u00e3o do Minist\u00e9rio \u00e9 reestabelecer di\u00e1logos e abordar quest\u00f5es que, nos \u00faltimos anos, estagnaram ou retrocederam. Uma das prioridades \u00e9 a focaliza\u00e7\u00e3o e racionaliza\u00e7\u00e3o de todas as pol\u00edticas para sua efetiva implementa\u00e7\u00e3o. Todos estamos cientes dos desafios que enfrentaremos neste ano&#8221;, disse o coordenador de Pol\u00edticas Transversais na Diretoria de Pol\u00edticas de Combate ao Racismo.<\/p>\n\n\n\n<p>Jailson de Souza e Silva, fundador da UNIperiferias, explicou a rela\u00e7\u00e3o entre racismo, migra\u00e7\u00e3o e democracia. &#8220;Precisamos compreender profundamente as bases que sustentam a perspectiva da democracia no mundo e como ocorre a reprodu\u00e7\u00e3o da desigualdade que impede a viv\u00eancia efetiva da democracia formal. O racismo \u00e9 o fator primordial que molda a distribui\u00e7\u00e3o de riquezas no Brasil desde a coloniza\u00e7\u00e3o. No contexto da migra\u00e7\u00e3o, o racismo tamb\u00e9m desempenha um papel significativo.&#8221;<\/p>\n\n\n\n<p>Evento fruto de pesquisa sobre migra\u00e7\u00e3o<\/p>\n\n\n\n<p>A Di\u00e1logo faz de uma pesquisa com os 12 , em cada um deles, uma organiza\u00e7\u00e3o foi escolhida pelo MIDEQ para produzir dados a fim de compreender melhor o fen\u00f4meno da migra\u00e7\u00e3o. Uniperiferias, sediada na Mar\u00e9, \u00e9 a institui\u00e7\u00e3o parceira no Brasil. A pesquisa destaca o significativo fluxo n\u00e3o apenas de pessoas, mas tamb\u00e9m de recursos entre pa\u00edses do Sul Global. Enquanto a maior parte das pesquisas acad\u00eamicas sobre o tema tem uma vis\u00e3o euroc\u00eantrica e concentra-se nos fluxos do Norte para o Sul.<\/p>\n\n\n\n<p>Para Jailson, quando se trata da migra\u00e7\u00e3o africana e haitiana no Brasil, esses grupos enfrentam processo discriminat\u00f3rio. &#8220;O problema reside na forma cruel e discriminat\u00f3ria como tratamos os imigrantes negros em compara\u00e7\u00e3o com os imigrantes brancos. Nosso desafio, como sociedade civil, \u00e9 pressionar cada vez mais o Estado para superar essa l\u00f3gica e estabelecer novas bases para nossa democracia.&#8221;<\/p>\n\n\n\n<p>Segundo o diretor da UNIperiferias, Felipe Moulin, o fluxo migrat\u00f3rio Haiti-Brasil \u00e9 representativo porque conecta dois pa\u00edses estruturados sob regime escravagista. &#8220;Isso ocorre porque ele conecta dois pa\u00edses: o primeiro a abolir a escravid\u00e3o na Am\u00e9rica e o \u00faltimo a faz\u00ea-lo. Na \u00e9poca da revolu\u00e7\u00e3o haitiana em 1808, houve um grande esfor\u00e7o, em 1904, para que essa not\u00edcia n\u00e3o cruzasse as fronteiras. As pessoas n\u00e3o queriam que a ideia haitiana, de que as pessoas negras poderiam ter liberdade, chegasse ao Brasil.&#8221;<\/p>\n\n\n\n<figure class=\"wp-block-image size-large\"><img width=\"1024\" height=\"680\" src=\"https:\/\/vimagazine.com.br\/wp-content\/uploads\/2023\/09\/aed0e543-041f-462e-9c79-619ff9023b1d-1024x680.jpeg\" alt=\"\" class=\"wp-image-10637\" srcset=\"https:\/\/vimagazine.com.br\/wp-content\/uploads\/2023\/09\/aed0e543-041f-462e-9c79-619ff9023b1d-1024x680.jpeg 1024w, https:\/\/vimagazine.com.br\/wp-content\/uploads\/2023\/09\/aed0e543-041f-462e-9c79-619ff9023b1d-300x199.jpeg 300w, https:\/\/vimagazine.com.br\/wp-content\/uploads\/2023\/09\/aed0e543-041f-462e-9c79-619ff9023b1d-768x510.jpeg 768w, https:\/\/vimagazine.com.br\/wp-content\/uploads\/2023\/09\/aed0e543-041f-462e-9c79-619ff9023b1d.jpeg 1280w\" sizes=\"(max-width: 1024px) 100vw, 1024px\" \/><\/figure>\n\n\n\n<p>Moulin destacou que &#8220;O Haiti se tornou refer\u00eancia ao conquistar sua independ\u00eancia, afirmando que qualquer pessoa negra do mundo que quisesse ir para o Haiti seria bem-vinda assim que colocasse os p\u00e9s no pa\u00eds. N\u00e3o foi com essa mesma generosidade que o Brasil acolheu a popula\u00e7\u00e3o haitiana.&#8221;<\/p>\n","protected":false},"excerpt":{"rendered":"<p>Representantes do governo e da sociedade civil debatem pol\u00edticas migrat\u00f3rias e combate ao racismo A&#8230;<\/p>\n","protected":false},"author":18,"featured_media":10634,"comment_status":"closed","ping_status":"open","sticky":false,"template":"","format":"standard","meta":{"om_disable_all_campaigns":false,"_monsterinsights_skip_tracking":false,"_monsterinsights_sitenote_active":false,"_monsterinsights_sitenote_note":"","_monsterinsights_sitenote_category":0,"spay_email":""},"categories":[27],"tags":[349],"jetpack_featured_media_url":"https:\/\/vimagazine.com.br\/wp-content\/uploads\/2023\/09\/fce1f7bf-d2e9-40ae-9953-c957ff4a4c3c.jpeg","_links":{"self":[{"href":"https:\/\/vimagazine.com.br\/index.php?rest_route=\/wp\/v2\/posts\/10633"}],"collection":[{"href":"https:\/\/vimagazine.com.br\/index.php?rest_route=\/wp\/v2\/posts"}],"about":[{"href":"https:\/\/vimagazine.com.br\/index.php?rest_route=\/wp\/v2\/types\/post"}],"author":[{"embeddable":true,"href":"https:\/\/vimagazine.com.br\/index.php?rest_route=\/wp\/v2\/users\/18"}],"replies":[{"embeddable":true,"href":"https:\/\/vimagazine.com.br\/index.php?rest_route=%2Fwp%2Fv2%2Fcomments&post=10633"}],"version-history":[{"count":1,"href":"https:\/\/vimagazine.com.br\/index.php?rest_route=\/wp\/v2\/posts\/10633\/revisions"}],"predecessor-version":[{"id":10639,"href":"https:\/\/vimagazine.com.br\/index.php?rest_route=\/wp\/v2\/posts\/10633\/revisions\/10639"}],"wp:featuredmedia":[{"embeddable":true,"href":"https:\/\/vimagazine.com.br\/index.php?rest_route=\/wp\/v2\/media\/10634"}],"wp:attachment":[{"href":"https:\/\/vimagazine.com.br\/index.php?rest_route=%2Fwp%2Fv2%2Fmedia&parent=10633"}],"wp:term":[{"taxonomy":"category","embeddable":true,"href":"https:\/\/vimagazine.com.br\/index.php?rest_route=%2Fwp%2Fv2%2Fcategories&post=10633"},{"taxonomy":"post_tag","embeddable":true,"href":"https:\/\/vimagazine.com.br\/index.php?rest_route=%2Fwp%2Fv2%2Ftags&post=10633"}],"curies":[{"name":"wp","href":"https:\/\/api.w.org\/{rel}","templated":true}]}}