{"id":10642,"date":"2023-09-30T11:45:25","date_gmt":"2023-09-30T14:45:25","guid":{"rendered":"https:\/\/vimagazine.com.br\/?p=10642"},"modified":"2023-09-30T11:45:29","modified_gmt":"2023-09-30T14:45:29","slug":"cabelos-grisalhos","status":"publish","type":"post","link":"https:\/\/vimagazine.com.br\/?p=10642","title":{"rendered":"CABELOS GRISALHOS\u00a0"},"content":{"rendered":"\n<p><\/p>\n\n\n\n<p class=\"has-medium-font-size\">Nos \u00faltimos anos mulheres do mundo inteiro t\u00eam quebrado a ditadura imposta sobre cabelos brancos. As madeixas brancas, exibidas em mulheres deslumbrantes e empoderadas, mostrou que a forte tend\u00eancia do natural conquistou tamb\u00e9m a op\u00e7\u00e3o de fios acinzentados.<\/p>\n\n\n\n<p class=\"has-medium-font-size\">Jane Fonda apareceu gloriosa na entrega do Oscar e arrebatou seguidoras mundo afora.&nbsp;<\/p>\n\n\n\n<p class=\"has-medium-font-size\">A super modelo Maye Musk assumiu seu prateado e foi considerada a mais fashion do mundo da moda. Seu estilo tem inspirado mulheres a serem incr\u00edveis em qualquer idade.&nbsp;<\/p>\n\n\n\n<p class=\"has-medium-font-size\">N\u00e3o tem como falar em cabelos grisalhos sem mencionar a atriz Meryl Streep que, em o Diabo Veste Prada, tornou-se um \u00edcone com sua imagem memor\u00e1vel.&nbsp;&nbsp; &nbsp;&nbsp;&nbsp;&nbsp;&nbsp;&nbsp;&nbsp;&nbsp;&nbsp;&nbsp;&nbsp;&nbsp;&nbsp;&nbsp;&nbsp;&nbsp;&nbsp;&nbsp;&nbsp;&nbsp;<\/p>\n\n\n\n<p class=\"has-medium-font-size\">No Brasil, pode-se citar muitas celebridades que adotaram a moda com glamour, dentre elas, atrizes como Gl\u00f3ria Pires, Samara Felippo, Preta Gil e Carla Vilhena.&nbsp; <a>&nbsp;&nbsp;&nbsp;&nbsp;&nbsp;&nbsp;&nbsp;&nbsp;&nbsp;&nbsp;&nbsp;&nbsp;&nbsp;&nbsp;&nbsp;&nbsp;&nbsp;&nbsp;&nbsp;&nbsp;&nbsp;&nbsp;&nbsp;&nbsp;&nbsp;&nbsp;&nbsp;&nbsp;&nbsp;&nbsp;&nbsp;&nbsp;&nbsp;&nbsp;&nbsp;&nbsp;<\/a><\/p>\n\n\n\n<p class=\"has-medium-font-size\">No entanto, optar em assumir as madeixas brancas com o objetivo de fugir da rotina de manuten\u00e7\u00e3o, \u00e9 um equ\u00edvoco. Os fios sem melanina requerem uma hidrata\u00e7\u00e3o constante, cortes impec\u00e1veis e hidrata\u00e7\u00e3o s\u00e3o fundamentais para tirar o ar de desleixo.<\/p>\n\n\n\n<p class=\"has-medium-font-size\">Assumir os fios brancos mostra autenticidade e muita personalidade. Que tal entrar na tend\u00eancia?<\/p>\n\n\n\n<p><\/p>\n\n\n\n<figure class=\"wp-container-2 wp-block-gallery-1 wp-block-gallery has-nested-images columns-3 is-cropped\">\n<figure class=\"wp-block-image size-large\"><img width=\"394\" height=\"295\" data-id=\"10650\"  src=\"https:\/\/vimagazine.com.br\/wp-content\/uploads\/2023\/09\/Tina_02.jpg\" alt=\"\" class=\"wp-image-10650\" srcset=\"https:\/\/vimagazine.com.br\/wp-content\/uploads\/2023\/09\/Tina_02.jpg 394w, https:\/\/vimagazine.com.br\/wp-content\/uploads\/2023\/09\/Tina_02-300x225.jpg 300w\" sizes=\"(max-width: 394px) 100vw, 394px\" \/><\/figure>\n\n\n\n<figure class=\"wp-block-image size-large\"><img width=\"320\" height=\"374\" data-id=\"10651\"  src=\"https:\/\/vimagazine.com.br\/wp-content\/uploads\/2023\/09\/06.jpg\" alt=\"\" class=\"wp-image-10651\" srcset=\"https:\/\/vimagazine.com.br\/wp-content\/uploads\/2023\/09\/06.jpg 320w, https:\/\/vimagazine.com.br\/wp-content\/uploads\/2023\/09\/06-257x300.jpg 257w\" sizes=\"(max-width: 320px) 100vw, 320px\" \/><\/figure>\n\n\n\n<figure class=\"wp-block-image size-large\"><img width=\"580\" height=\"872\" data-id=\"10649\"  src=\"https:\/\/vimagazine.com.br\/wp-content\/uploads\/2023\/09\/25742045.jpg\" alt=\"\" class=\"wp-image-10649\" srcset=\"https:\/\/vimagazine.com.br\/wp-content\/uploads\/2023\/09\/25742045.jpg 580w, https:\/\/vimagazine.com.br\/wp-content\/uploads\/2023\/09\/25742045-200x300.jpg 200w\" sizes=\"(max-width: 580px) 100vw, 580px\" \/><\/figure>\n\n\n\n<figure class=\"wp-block-image size-large\"><img width=\"1920\" height=\"1280\" data-id=\"10648\"  src=\"https:\/\/vimagazine.com.br\/wp-content\/uploads\/2023\/09\/trat_julianacoutinho_1852.webp\" alt=\"\" class=\"wp-image-10648\" srcset=\"https:\/\/vimagazine.com.br\/wp-content\/uploads\/2023\/09\/trat_julianacoutinho_1852.webp 1920w, https:\/\/vimagazine.com.br\/wp-content\/uploads\/2023\/09\/trat_julianacoutinho_1852-300x200.webp 300w, https:\/\/vimagazine.com.br\/wp-content\/uploads\/2023\/09\/trat_julianacoutinho_1852-1024x683.webp 1024w, https:\/\/vimagazine.com.br\/wp-content\/uploads\/2023\/09\/trat_julianacoutinho_1852-768x512.webp 768w, https:\/\/vimagazine.com.br\/wp-content\/uploads\/2023\/09\/trat_julianacoutinho_1852-1536x1024.webp 1536w\" sizes=\"(max-width: 1920px) 100vw, 1920px\" \/><\/figure>\n\n\n\n<figure class=\"wp-block-image size-large\"><img width=\"900\" height=\"506\" data-id=\"10647\"  src=\"https:\/\/vimagazine.com.br\/wp-content\/uploads\/2023\/09\/gloria-pires-protagoniza-filme-a-suspeita-e-diz-que-deve-voltar-as-novelas-em-2023-1654698149485_v2_900x506.jpg\" alt=\"\" class=\"wp-image-10647\" srcset=\"https:\/\/vimagazine.com.br\/wp-content\/uploads\/2023\/09\/gloria-pires-protagoniza-filme-a-suspeita-e-diz-que-deve-voltar-as-novelas-em-2023-1654698149485_v2_900x506.jpg 900w, https:\/\/vimagazine.com.br\/wp-content\/uploads\/2023\/09\/gloria-pires-protagoniza-filme-a-suspeita-e-diz-que-deve-voltar-as-novelas-em-2023-1654698149485_v2_900x506-300x169.jpg 300w, https:\/\/vimagazine.com.br\/wp-content\/uploads\/2023\/09\/gloria-pires-protagoniza-filme-a-suspeita-e-diz-que-deve-voltar-as-novelas-em-2023-1654698149485_v2_900x506-768x432.jpg 768w\" sizes=\"(max-width: 900px) 100vw, 900px\" \/><\/figure>\n\n\n\n<figure class=\"wp-block-image size-large\"><img width=\"1080\" height=\"1350\" data-id=\"10646\"  src=\"https:\/\/vimagazine.com.br\/wp-content\/uploads\/2023\/09\/Preta-Gil_reproducao_Instagram.webp\" alt=\"\" class=\"wp-image-10646\" srcset=\"https:\/\/vimagazine.com.br\/wp-content\/uploads\/2023\/09\/Preta-Gil_reproducao_Instagram.webp 1080w, https:\/\/vimagazine.com.br\/wp-content\/uploads\/2023\/09\/Preta-Gil_reproducao_Instagram-240x300.webp 240w, https:\/\/vimagazine.com.br\/wp-content\/uploads\/2023\/09\/Preta-Gil_reproducao_Instagram-819x1024.webp 819w, https:\/\/vimagazine.com.br\/wp-content\/uploads\/2023\/09\/Preta-Gil_reproducao_Instagram-768x960.webp 768w, https:\/\/vimagazine.com.br\/wp-content\/uploads\/2023\/09\/Preta-Gil_reproducao_Instagram-1024x1280.webp 1024w\" sizes=\"(max-width: 1080px) 100vw, 1080px\" \/><\/figure>\n<\/figure>\n\n\n\n<p class=\"has-small-font-size\">Imagens: Reprodu\u00e7\u00e3o\/Divulga\u00e7\u00e3o<\/p>\n","protected":false},"excerpt":{"rendered":"<p>Nos \u00faltimos anos mulheres do mundo inteiro t\u00eam quebrado a ditadura imposta sobre cabelos brancos&#8230;.<\/p>\n","protected":false},"author":35,"featured_media":10644,"comment_status":"closed","ping_status":"open","sticky":false,"template":"","format":"standard","meta":{"om_disable_all_campaigns":false,"_monsterinsights_skip_tracking":false,"_monsterinsights_sitenote_active":false,"_monsterinsights_sitenote_note":"","_monsterinsights_sitenote_category":0,"spay_email":""},"categories":[27],"tags":[],"jetpack_featured_media_url":"https:\/\/vimagazine.com.br\/wp-content\/uploads\/2023\/09\/jane-fonda-kevin-winter.webp","_links":{"self":[{"href":"https:\/\/vimagazine.com.br\/index.php?rest_route=\/wp\/v2\/posts\/10642"}],"collection":[{"href":"https:\/\/vimagazine.com.br\/index.php?rest_route=\/wp\/v2\/posts"}],"about":[{"href":"https:\/\/vimagazine.com.br\/index.php?rest_route=\/wp\/v2\/types\/post"}],"author":[{"embeddable":true,"href":"https:\/\/vimagazine.com.br\/index.php?rest_route=\/wp\/v2\/users\/35"}],"replies":[{"embeddable":true,"href":"https:\/\/vimagazine.com.br\/index.php?rest_route=%2Fwp%2Fv2%2Fcomments&post=10642"}],"version-history":[{"count":1,"href":"https:\/\/vimagazine.com.br\/index.php?rest_route=\/wp\/v2\/posts\/10642\/revisions"}],"predecessor-version":[{"id":10652,"href":"https:\/\/vimagazine.com.br\/index.php?rest_route=\/wp\/v2\/posts\/10642\/revisions\/10652"}],"wp:featuredmedia":[{"embeddable":true,"href":"https:\/\/vimagazine.com.br\/index.php?rest_route=\/wp\/v2\/media\/10644"}],"wp:attachment":[{"href":"https:\/\/vimagazine.com.br\/index.php?rest_route=%2Fwp%2Fv2%2Fmedia&parent=10642"}],"wp:term":[{"taxonomy":"category","embeddable":true,"href":"https:\/\/vimagazine.com.br\/index.php?rest_route=%2Fwp%2Fv2%2Fcategories&post=10642"},{"taxonomy":"post_tag","embeddable":true,"href":"https:\/\/vimagazine.com.br\/index.php?rest_route=%2Fwp%2Fv2%2Ftags&post=10642"}],"curies":[{"name":"wp","href":"https:\/\/api.w.org\/{rel}","templated":true}]}}