{"id":10653,"date":"2023-10-01T12:08:35","date_gmt":"2023-10-01T15:08:35","guid":{"rendered":"https:\/\/vimagazine.com.br\/?p=10653"},"modified":"2023-10-01T12:08:37","modified_gmt":"2023-10-01T15:08:37","slug":"palestra-tecnica-sobre-sistemas-estruturais-e-destaque-em-evento-de-construcao","status":"publish","type":"post","link":"https:\/\/vimagazine.com.br\/?p=10653","title":{"rendered":"Palestra t\u00e9cnica sobre sistemas estruturais \u00e9 destaque em evento de constru\u00e7\u00e3o"},"content":{"rendered":"\n<p class=\"has-text-align-center\">Iniciativa \u00e9 da Vers\u00e1til Andaimes e Escoramentos, l\u00edder no mercado regional<\/p>\n\n\n\n<p class=\"has-text-align-center\">Os n\u00fameros positivos da constru\u00e7\u00e3o civil \u2013 que registrou o oitavo per\u00edodo de crescimento consecutivo, no segundo trimestre deste ano \u2013 animam a rede de fornecedores, de pequenos a grandes neg\u00f3cios.<\/p>\n\n\n\n<p class=\"has-text-align-center\">L\u00edder no mercado regional de equipamentos para constru\u00e7\u00e3o, fundada em 1987, a Vers\u00e1til Andaimes e Escoramentos, de Colombo (PR), busca ampliar a presen\u00e7a em Joinville e regi\u00e3o, principal polo econ\u00f4mico do estado.<\/p>\n\n\n\n<p class=\"has-text-align-center\">Nos dias 3 e 4 de outubro, a empresa participa do 1\u00ba Construir SC, evento idealizado pelo N\u00facleo de Constru\u00e7\u00e3o Civil da Associa\u00e7\u00e3o Empresarial de Joinville (Acij), como espa\u00e7o para a apresenta\u00e7\u00e3o de tend\u00eancias e produtos, e para fortalecer as conex\u00f5es da cadeia de suprimentos. <\/p>\n\n\n\n<p class=\"has-text-align-center\">Segundo os organizadores, o encontro \u00e9 dirigido a gestores de incorporadoras e construtoras, projetistas, engenheiros, arquitetos e profissionais, com o prop\u00f3sito de oferecer conte\u00fado de qualidade e inspirar quem busca solu\u00e7\u00f5es para aumentar a produtividade e a efici\u00eancia do setor de constru\u00e7\u00e3o civil em Joinville.<\/p>\n\n\n\n<p class=\"has-text-align-center\">Em um dos destaques da programa\u00e7\u00e3o, o engenheiro civil Eduardo Reis, especialista e mestre em estruturas, apresenta palestra t\u00e9cnica sobre as vantagens dos sistemas estruturais de lajes em obras de constru\u00e7\u00e3o. <\/p>\n\n\n\n<p class=\"has-text-align-center\">Nome de refer\u00eancia no mercado, Eduardo atende grandes empresas no desenvolvimento de projetos estruturais, e, no 1\u00ba Construir SC, vai compartilhar conhecimento com os profissionais da \u00e1rea, a convite da Vers\u00e1til. Os engenheiros civis Rachel Loyola e Matheus Cardoso, da equipe da Vers\u00e1til, dividem a titularidade da palestra com Eduardo.<\/p>\n\n\n\n<p class=\"has-text-align-center\">\u201cA participa\u00e7\u00e3o em eventos t\u00e9cnicos oferece oportunidades de aprendizado cont\u00ednuo e atualiza\u00e7\u00e3o em rela\u00e7\u00e3o \u00e0s melhores pr\u00e1ticas e inova\u00e7\u00f5es do setor\u201d, ressalta Adriano Greca, diretor operacional da empresa, observando que a ind\u00fastria da constru\u00e7\u00e3o \u00e9 uma das principais geradoras de emprego em Santa Catarina.<\/p>\n\n\n\n<p class=\"has-text-align-center\">Inscri\u00e7\u00f5es e mais informa\u00e7\u00f5es: bit.ly\/construir_sc.<\/p>\n\n\n\n<p class=\"has-text-align-center\">Assessoria de imprensa Vers\u00e1til em Santa Catarina: <\/p>\n\n\n\n<p class=\"has-text-align-center\">Mercado de Comunica\u00e7\u00e3o. <\/p>\n\n\n\n<p class=\"has-text-align-center\">Jornalista respons\u00e1vel: Guilherme Diefenthaeler <\/p>\n\n\n\n<p class=\"has-text-align-center\">(reg. prof. 6207\/RS).<\/p>\n","protected":false},"excerpt":{"rendered":"<p>Iniciativa \u00e9 da Vers\u00e1til Andaimes e Escoramentos, l\u00edder no mercado regional Os n\u00fameros positivos da&#8230;<\/p>\n","protected":false},"author":3,"featured_media":10654,"comment_status":"closed","ping_status":"open","sticky":false,"template":"","format":"standard","meta":{"om_disable_all_campaigns":false,"_monsterinsights_skip_tracking":false,"_monsterinsights_sitenote_active":false,"_monsterinsights_sitenote_note":"","_monsterinsights_sitenote_category":0,"spay_email":""},"categories":[1],"tags":[],"jetpack_featured_media_url":"https:\/\/vimagazine.com.br\/wp-content\/uploads\/2023\/10\/WhatsApp-Image-2023-09-29-at-15.16.40.jpeg","_links":{"self":[{"href":"https:\/\/vimagazine.com.br\/index.php?rest_route=\/wp\/v2\/posts\/10653"}],"collection":[{"href":"https:\/\/vimagazine.com.br\/index.php?rest_route=\/wp\/v2\/posts"}],"about":[{"href":"https:\/\/vimagazine.com.br\/index.php?rest_route=\/wp\/v2\/types\/post"}],"author":[{"embeddable":true,"href":"https:\/\/vimagazine.com.br\/index.php?rest_route=\/wp\/v2\/users\/3"}],"replies":[{"embeddable":true,"href":"https:\/\/vimagazine.com.br\/index.php?rest_route=%2Fwp%2Fv2%2Fcomments&post=10653"}],"version-history":[{"count":1,"href":"https:\/\/vimagazine.com.br\/index.php?rest_route=\/wp\/v2\/posts\/10653\/revisions"}],"predecessor-version":[{"id":10655,"href":"https:\/\/vimagazine.com.br\/index.php?rest_route=\/wp\/v2\/posts\/10653\/revisions\/10655"}],"wp:featuredmedia":[{"embeddable":true,"href":"https:\/\/vimagazine.com.br\/index.php?rest_route=\/wp\/v2\/media\/10654"}],"wp:attachment":[{"href":"https:\/\/vimagazine.com.br\/index.php?rest_route=%2Fwp%2Fv2%2Fmedia&parent=10653"}],"wp:term":[{"taxonomy":"category","embeddable":true,"href":"https:\/\/vimagazine.com.br\/index.php?rest_route=%2Fwp%2Fv2%2Fcategories&post=10653"},{"taxonomy":"post_tag","embeddable":true,"href":"https:\/\/vimagazine.com.br\/index.php?rest_route=%2Fwp%2Fv2%2Ftags&post=10653"}],"curies":[{"name":"wp","href":"https:\/\/api.w.org\/{rel}","templated":true}]}}