{"id":10656,"date":"2023-10-02T10:33:53","date_gmt":"2023-10-02T13:33:53","guid":{"rendered":"https:\/\/vimagazine.com.br\/?p=10656"},"modified":"2023-10-02T10:34:59","modified_gmt":"2023-10-02T13:34:59","slug":"bruno-cardoso-grava-comercial-e-arrasa-na-performance","status":"publish","type":"post","link":"https:\/\/vimagazine.com.br\/?p=10656","title":{"rendered":"Bruno Cardoso grava comercial e arrasa na performance."},"content":{"rendered":"\n<p><\/p>\n\n\n\n<p><\/p>\n\n\n\n<p>Novo gal\u00e3? Sim! Agora o ator e apresentador Bruno Cardoso \u00e9 garoto propaganda de uma marca de cosm\u00e9ticos voltada para o p\u00fablico masculino.<\/p>\n\n\n\n<p>Na cena do comercial, ele aparece tomando banho e logo ap\u00f3s passando um creme no rosto.<\/p>\n\n\n\n<p>Atualmente como garoto propaganda, ele destaca que os homens est\u00e3o mais vaidosos com os cuidados al\u00e9m da barba, cabelo e bigode.<\/p>\n\n\n\n<p>Bruno \u00e9 cantor, ator, apresentador do Programa \u201cSempre Melhor\u201d da rede mais Fam\u00edlia e jurado do Programa Canta Comigo na Record.<\/p>\n\n\n\n<p><\/p>\n\n\n\n<figure class=\"wp-block-image size-large\"><img width=\"837\" height=\"1024\" src=\"https:\/\/vimagazine.com.br\/wp-content\/uploads\/2023\/10\/WhatsApp-Image-2023-09-25-at-11.44.33-837x1024.jpeg\" alt=\"\" class=\"wp-image-10658\" srcset=\"https:\/\/vimagazine.com.br\/wp-content\/uploads\/2023\/10\/WhatsApp-Image-2023-09-25-at-11.44.33-837x1024.jpeg 837w, https:\/\/vimagazine.com.br\/wp-content\/uploads\/2023\/10\/WhatsApp-Image-2023-09-25-at-11.44.33-245x300.jpeg 245w, https:\/\/vimagazine.com.br\/wp-content\/uploads\/2023\/10\/WhatsApp-Image-2023-09-25-at-11.44.33-768x940.jpeg 768w, https:\/\/vimagazine.com.br\/wp-content\/uploads\/2023\/10\/WhatsApp-Image-2023-09-25-at-11.44.33-1024x1253.jpeg 1024w, https:\/\/vimagazine.com.br\/wp-content\/uploads\/2023\/10\/WhatsApp-Image-2023-09-25-at-11.44.33.jpeg 1170w\" sizes=\"(max-width: 837px) 100vw, 837px\" \/><\/figure>\n","protected":false},"excerpt":{"rendered":"<p>Novo gal\u00e3? Sim! Agora o ator e apresentador Bruno Cardoso \u00e9 garoto propaganda de uma&#8230;<\/p>\n","protected":false},"author":1,"featured_media":10660,"comment_status":"closed","ping_status":"open","sticky":false,"template":"","format":"standard","meta":{"om_disable_all_campaigns":false,"_monsterinsights_skip_tracking":false,"_monsterinsights_sitenote_active":false,"_monsterinsights_sitenote_note":"","_monsterinsights_sitenote_category":0,"spay_email":""},"categories":[27],"tags":[],"jetpack_featured_media_url":"https:\/\/vimagazine.com.br\/wp-content\/uploads\/2023\/10\/WhatsApp-Image-2023-09-25-at-11.45.13-1.jpeg","_links":{"self":[{"href":"https:\/\/vimagazine.com.br\/index.php?rest_route=\/wp\/v2\/posts\/10656"}],"collection":[{"href":"https:\/\/vimagazine.com.br\/index.php?rest_route=\/wp\/v2\/posts"}],"about":[{"href":"https:\/\/vimagazine.com.br\/index.php?rest_route=\/wp\/v2\/types\/post"}],"author":[{"embeddable":true,"href":"https:\/\/vimagazine.com.br\/index.php?rest_route=\/wp\/v2\/users\/1"}],"replies":[{"embeddable":true,"href":"https:\/\/vimagazine.com.br\/index.php?rest_route=%2Fwp%2Fv2%2Fcomments&post=10656"}],"version-history":[{"count":1,"href":"https:\/\/vimagazine.com.br\/index.php?rest_route=\/wp\/v2\/posts\/10656\/revisions"}],"predecessor-version":[{"id":10659,"href":"https:\/\/vimagazine.com.br\/index.php?rest_route=\/wp\/v2\/posts\/10656\/revisions\/10659"}],"wp:featuredmedia":[{"embeddable":true,"href":"https:\/\/vimagazine.com.br\/index.php?rest_route=\/wp\/v2\/media\/10660"}],"wp:attachment":[{"href":"https:\/\/vimagazine.com.br\/index.php?rest_route=%2Fwp%2Fv2%2Fmedia&parent=10656"}],"wp:term":[{"taxonomy":"category","embeddable":true,"href":"https:\/\/vimagazine.com.br\/index.php?rest_route=%2Fwp%2Fv2%2Fcategories&post=10656"},{"taxonomy":"post_tag","embeddable":true,"href":"https:\/\/vimagazine.com.br\/index.php?rest_route=%2Fwp%2Fv2%2Ftags&post=10656"}],"curies":[{"name":"wp","href":"https:\/\/api.w.org\/{rel}","templated":true}]}}