{"id":10661,"date":"2023-10-02T10:57:26","date_gmt":"2023-10-02T13:57:26","guid":{"rendered":"https:\/\/vimagazine.com.br\/?p=10661"},"modified":"2023-10-02T10:57:27","modified_gmt":"2023-10-02T13:57:27","slug":"bruno-poczinek-o-policial-que-conquistou-o-pais-com-sua-beleza-celebra-nova-fase-profissional","status":"publish","type":"post","link":"https:\/\/vimagazine.com.br\/?p=10661","title":{"rendered":"Bruno Poczinek &#8211; O policial que conquistou o pa\u00eds com sua beleza celebra nova fase profissional."},"content":{"rendered":"\n<p><\/p>\n\n\n\n<p><\/p>\n\n\n\n<p>Conhecido como o primeiro policial que conquistou proje\u00e7\u00e3o nacional como Mister Brasil e na ind\u00fastria publicit\u00e1ria no pa\u00eds, este catarinense de 1,93m , Bruno Poczinek al\u00e9m de ser reconhecido como um dos homens mais lindos no Brasil, \u00e9 tamb\u00e9m elogiado por sua dedica\u00e7\u00e3o e profissionalismo.<\/p>\n\n\n\n<p>O muso, desde 2017 vem colhendo frutos por sua beleza, tornando-se embaixador do conceituado Miss e Mister Brasil oficial, alavancando sua carreira tanto no Brasil quanto no exterior, chegando ao Mister Grand Internacional.<\/p>\n\n\n\n<figure class=\"wp-block-image aligncenter size-large\"><img width=\"682\" height=\"1024\" src=\"https:\/\/vimagazine.com.br\/wp-content\/uploads\/2023\/10\/Bruno-682x1024.jpg\" alt=\"\" class=\"wp-image-10663\" srcset=\"https:\/\/vimagazine.com.br\/wp-content\/uploads\/2023\/10\/Bruno-682x1024.jpg 682w, https:\/\/vimagazine.com.br\/wp-content\/uploads\/2023\/10\/Bruno-200x300.jpg 200w, https:\/\/vimagazine.com.br\/wp-content\/uploads\/2023\/10\/Bruno-768x1153.jpg 768w, https:\/\/vimagazine.com.br\/wp-content\/uploads\/2023\/10\/Bruno-1023x1536.jpg 1023w, https:\/\/vimagazine.com.br\/wp-content\/uploads\/2023\/10\/Bruno-1024x1537.jpg 1024w, https:\/\/vimagazine.com.br\/wp-content\/uploads\/2023\/10\/Bruno.jpg 1066w\" sizes=\"(max-width: 682px) 100vw, 682px\" \/><\/figure>\n\n\n\n<p><\/p>\n\n\n\n<p><strong>DISCIPLINADO E PROFISSIONAL<\/strong><\/p>\n\n\n\n<p>H\u00e1 quem pense que vida de muso e homem mais lindo do pa\u00eds, j\u00e1 seriam suficientes para que Bruno tivesse uma rotina tranquila, mas para ele, definitivamente n\u00e3o!<\/p>\n\n\n\n<p>Incans\u00e1vel e obstinado, o modelo desenvolve uma rotina di\u00e1ria de treinos, alimenta\u00e7\u00e3o saud\u00e1vel, consultas m\u00e9dicas, leitura e ainda conciliando com sua rotina policial, profiss\u00e3o essa, que exerce com muita paix\u00e3o e dedica\u00e7\u00e3o h\u00e1 mais de 1 d\u00e9cada.<\/p>\n\n\n\n<p>Toda essa rotina incans\u00e1vel e de toda prepara\u00e7\u00e3o para seus novos projetos, o catarinense compartilha com seus mais de 150 mil seguidores diariamente, sendo uma inspira\u00e7\u00e3o para a nova gera\u00e7\u00e3o de modelos que se inspiram em sua carreira e estilo de vida.<\/p>\n\n\n\n<p><\/p>\n\n\n\n<p><strong>NOVA FASE<\/strong><\/p>\n\n\n\n<p>Ainda colhendo os frutos da proje\u00e7\u00e3o do Miss e Mister Brasil , ao qual Bruno tem eterna gratid\u00e3o, o muso se prepara para um novo avan\u00e7o em sua carreira, e tem investido pesado para este novo projeto que segundo ele, ter\u00e1 uma nova vers\u00e3o de sua carreira, explorando novos horizontes de atua\u00e7\u00e3o, n\u00e3o s\u00f3 como modelo mas tamb\u00e9m como influencer e se consolidando no mercado art\u00edstico.<\/p>\n\n\n\n<p>O modelo se mostra muito feliz e otimista com essa nova fase em sua vida e carreira, sem poder dar muitas informa\u00e7\u00f5es ainda, em contato com sua assessoria, fomos informados sem muitos detalhes, que veremos o modelo catarinense em acens\u00e3o profissional nos pr\u00f3ximos meses e principalmente em 2024, que ser\u00e1 o seu ano!<\/p>\n\n\n\n<p><em>&#8220;Primeiramente quero agradecer a todo este apoio e carinho que venho recebido todos estes anos, principalmente \u00e1 fam\u00edlia Miss e Mister Brasil a quem sou eternamente grato por fazer parte desta fam\u00edlia. Atualmente tenho me dedicado a projetos sociais e mundo da moda, mesmo com toda proje\u00e7\u00e3o que tive em minha carreira, isso n\u00e3o me deixa acomodado, muito pelo contr\u00e1rio. Tenho buscado aprender ainda mais, me preparar dobrado, sempre focado e principalmente alinhado corpo, mente e espiritual, colocando Deus sempre \u00e0 frente e principalmente agora, nessa minha nova fase profissional, estou muito feliz e assim que minha assessoria permitir, compartilho tudo com a imprensa! Mas posso dizer : Vem muita coisa boa por a\u00ed, aguardem! &#8220;<\/em><\/p>\n\n\n\n<p>Saibam mais sobre o modelo Bruno Poczinek e fiquem por dentro de tudo que acontece em sua carreira e sua nova fase no Instagram: @brunopoczinek<\/p>\n\n\n\n<figure class=\"wp-block-image aligncenter size-large is-resized\"><img src=\"https:\/\/vimagazine.com.br\/wp-content\/uploads\/2023\/10\/WhatsApp-Image-2023-10-02-at-10.41.11-472x1024.jpeg\" alt=\"\" class=\"wp-image-10664\" width=\"315\" height=\"683\" srcset=\"https:\/\/vimagazine.com.br\/wp-content\/uploads\/2023\/10\/WhatsApp-Image-2023-10-02-at-10.41.11-472x1024.jpeg 472w, https:\/\/vimagazine.com.br\/wp-content\/uploads\/2023\/10\/WhatsApp-Image-2023-10-02-at-10.41.11-138x300.jpeg 138w, https:\/\/vimagazine.com.br\/wp-content\/uploads\/2023\/10\/WhatsApp-Image-2023-10-02-at-10.41.11-708x1536.jpeg 708w, https:\/\/vimagazine.com.br\/wp-content\/uploads\/2023\/10\/WhatsApp-Image-2023-10-02-at-10.41.11.jpeg 738w\" sizes=\"(max-width: 315px) 100vw, 315px\" \/><\/figure>\n\n\n\n<p><strong>Foto: Ricardo Souza<\/strong><\/p>\n\n\n\n<p><strong>Fonte: Assessoria Silvio Pompeu<\/strong><\/p>\n","protected":false},"excerpt":{"rendered":"<p>Conhecido como o primeiro policial que conquistou proje\u00e7\u00e3o nacional como Mister Brasil e na ind\u00fastria&#8230;<\/p>\n","protected":false},"author":1,"featured_media":10662,"comment_status":"closed","ping_status":"open","sticky":false,"template":"","format":"standard","meta":{"om_disable_all_campaigns":false,"_monsterinsights_skip_tracking":false,"_monsterinsights_sitenote_active":false,"_monsterinsights_sitenote_note":"","_monsterinsights_sitenote_category":0,"spay_email":""},"categories":[1],"tags":[],"jetpack_featured_media_url":"https:\/\/vimagazine.com.br\/wp-content\/uploads\/2023\/10\/AA.jpeg","_links":{"self":[{"href":"https:\/\/vimagazine.com.br\/index.php?rest_route=\/wp\/v2\/posts\/10661"}],"collection":[{"href":"https:\/\/vimagazine.com.br\/index.php?rest_route=\/wp\/v2\/posts"}],"about":[{"href":"https:\/\/vimagazine.com.br\/index.php?rest_route=\/wp\/v2\/types\/post"}],"author":[{"embeddable":true,"href":"https:\/\/vimagazine.com.br\/index.php?rest_route=\/wp\/v2\/users\/1"}],"replies":[{"embeddable":true,"href":"https:\/\/vimagazine.com.br\/index.php?rest_route=%2Fwp%2Fv2%2Fcomments&post=10661"}],"version-history":[{"count":1,"href":"https:\/\/vimagazine.com.br\/index.php?rest_route=\/wp\/v2\/posts\/10661\/revisions"}],"predecessor-version":[{"id":10665,"href":"https:\/\/vimagazine.com.br\/index.php?rest_route=\/wp\/v2\/posts\/10661\/revisions\/10665"}],"wp:featuredmedia":[{"embeddable":true,"href":"https:\/\/vimagazine.com.br\/index.php?rest_route=\/wp\/v2\/media\/10662"}],"wp:attachment":[{"href":"https:\/\/vimagazine.com.br\/index.php?rest_route=%2Fwp%2Fv2%2Fmedia&parent=10661"}],"wp:term":[{"taxonomy":"category","embeddable":true,"href":"https:\/\/vimagazine.com.br\/index.php?rest_route=%2Fwp%2Fv2%2Fcategories&post=10661"},{"taxonomy":"post_tag","embeddable":true,"href":"https:\/\/vimagazine.com.br\/index.php?rest_route=%2Fwp%2Fv2%2Ftags&post=10661"}],"curies":[{"name":"wp","href":"https:\/\/api.w.org\/{rel}","templated":true}]}}