{"id":10666,"date":"2023-10-02T15:18:42","date_gmt":"2023-10-02T18:18:42","guid":{"rendered":"https:\/\/vimagazine.com.br\/?p=10666"},"modified":"2023-10-02T15:18:43","modified_gmt":"2023-10-02T18:18:43","slug":"ana-bittar-prestigia-exposicao-de-oscar-niemeyer","status":"publish","type":"post","link":"https:\/\/vimagazine.com.br\/?p=10666","title":{"rendered":"Ana Bittar prestigia exposi\u00e7\u00e3o de Oscar Niemeyer\u00a0"},"content":{"rendered":"\n<figure class=\"wp-block-image aligncenter size-large is-resized\"><img src=\"https:\/\/vimagazine.com.br\/wp-content\/uploads\/2023\/10\/IMG_20230917_132702-1-768x1024.jpg\" alt=\"\" class=\"wp-image-10667\" width=\"485\" height=\"647\" srcset=\"https:\/\/vimagazine.com.br\/wp-content\/uploads\/2023\/10\/IMG_20230917_132702-1-768x1024.jpg 768w, https:\/\/vimagazine.com.br\/wp-content\/uploads\/2023\/10\/IMG_20230917_132702-1-225x300.jpg 225w, https:\/\/vimagazine.com.br\/wp-content\/uploads\/2023\/10\/IMG_20230917_132702-1.jpg 900w\" sizes=\"(max-width: 485px) 100vw, 485px\" \/><\/figure>\n\n\n\n<p>A artista pl\u00e1stica e jornalista Ana Bittar prestigiou a exposi\u00e7\u00e3o &#8220;Oscar Niemeyer &#8211; Linhas e Luzes&#8221; com seu esposo, o engenheiro Rog\u00e9rio Romanek. A mostra, que est\u00e1 em cartaz no Shopping Bourbon, em S\u00e3o Paulo, \u00e9 uma experi\u00eancia imersiva que apresenta a carreira e vida do grande arquiteto brasileiro.<\/p>\n\n\n\n<p>Com recursos tecnol\u00f3gicos, desenhos e esculturas em neon e t\u00e9cnicas de light painting, a exposi\u00e7\u00e3o proporciona uma intera\u00e7\u00e3o proporcionada por luzes, formas, linhas e cores. Ana Bittar ficou encantada com a mostra e recomenda \u00e0 todos.<\/p>\n\n\n\n<p>&#8220;A exposi\u00e7\u00e3o \u00e9 uma verdadeira viagem pela obra de Oscar Niemeyer. \u00c9 uma experi\u00eancia \u00fanica e imperd\u00edvel para quem quer conhecer mais sobre esse grande arquiteto&#8221;, disse Ana.<\/p>\n\n\n\n<p>A exposi\u00e7\u00e3o fica em cartaz at\u00e9 o dia 30 de outubro. Os ingressos podem ser adquiridos no site da Funda\u00e7\u00e3o Oscar Niemeyer<\/p>\n\n\n\n<p>Ana Bittar acredita que a exposi\u00e7\u00e3o &#8220;Oscar Niemeyer &#8211; Linhas e Luzes&#8221; \u00e9 uma oportunidade \u00fanica para conhecer a obra desse grande arquiteto e entender sua import\u00e2ncia para a arquitetura mundial.<\/p>\n","protected":false},"excerpt":{"rendered":"<p>A artista pl\u00e1stica e jornalista Ana Bittar prestigiou a exposi\u00e7\u00e3o &#8220;Oscar Niemeyer &#8211; Linhas e&#8230;<\/p>\n","protected":false},"author":19,"featured_media":10668,"comment_status":"closed","ping_status":"open","sticky":false,"template":"","format":"standard","meta":{"om_disable_all_campaigns":false,"_monsterinsights_skip_tracking":false,"_monsterinsights_sitenote_active":false,"_monsterinsights_sitenote_note":"","_monsterinsights_sitenote_category":0,"spay_email":""},"categories":[26],"tags":[],"jetpack_featured_media_url":"https:\/\/vimagazine.com.br\/wp-content\/uploads\/2023\/10\/IMG_20230917_125610.jpg","_links":{"self":[{"href":"https:\/\/vimagazine.com.br\/index.php?rest_route=\/wp\/v2\/posts\/10666"}],"collection":[{"href":"https:\/\/vimagazine.com.br\/index.php?rest_route=\/wp\/v2\/posts"}],"about":[{"href":"https:\/\/vimagazine.com.br\/index.php?rest_route=\/wp\/v2\/types\/post"}],"author":[{"embeddable":true,"href":"https:\/\/vimagazine.com.br\/index.php?rest_route=\/wp\/v2\/users\/19"}],"replies":[{"embeddable":true,"href":"https:\/\/vimagazine.com.br\/index.php?rest_route=%2Fwp%2Fv2%2Fcomments&post=10666"}],"version-history":[{"count":1,"href":"https:\/\/vimagazine.com.br\/index.php?rest_route=\/wp\/v2\/posts\/10666\/revisions"}],"predecessor-version":[{"id":10669,"href":"https:\/\/vimagazine.com.br\/index.php?rest_route=\/wp\/v2\/posts\/10666\/revisions\/10669"}],"wp:featuredmedia":[{"embeddable":true,"href":"https:\/\/vimagazine.com.br\/index.php?rest_route=\/wp\/v2\/media\/10668"}],"wp:attachment":[{"href":"https:\/\/vimagazine.com.br\/index.php?rest_route=%2Fwp%2Fv2%2Fmedia&parent=10666"}],"wp:term":[{"taxonomy":"category","embeddable":true,"href":"https:\/\/vimagazine.com.br\/index.php?rest_route=%2Fwp%2Fv2%2Fcategories&post=10666"},{"taxonomy":"post_tag","embeddable":true,"href":"https:\/\/vimagazine.com.br\/index.php?rest_route=%2Fwp%2Fv2%2Ftags&post=10666"}],"curies":[{"name":"wp","href":"https:\/\/api.w.org\/{rel}","templated":true}]}}