{"id":10742,"date":"2023-10-10T13:00:11","date_gmt":"2023-10-10T16:00:11","guid":{"rendered":"https:\/\/vimagazine.com.br\/?p=10742"},"modified":"2023-10-10T13:00:12","modified_gmt":"2023-10-10T16:00:12","slug":"teresa-kodama-participa-de-exposicao-internacional-em-madri-espanha","status":"publish","type":"post","link":"https:\/\/vimagazine.com.br\/?p=10742","title":{"rendered":"Teresa Kodama participa de Exposi\u00e7\u00e3o Internacional em Madri, Espanha\u00a0"},"content":{"rendered":"\n<figure class=\"wp-block-image aligncenter size-full is-resized\"><img src=\"https:\/\/vimagazine.com.br\/wp-content\/uploads\/2023\/10\/IMG-20231003-WA0054.jpg\" alt=\"\" class=\"wp-image-10743\" width=\"539\" height=\"360\" srcset=\"https:\/\/vimagazine.com.br\/wp-content\/uploads\/2023\/10\/IMG-20231003-WA0054.jpg 960w, https:\/\/vimagazine.com.br\/wp-content\/uploads\/2023\/10\/IMG-20231003-WA0054-300x201.jpg 300w, https:\/\/vimagazine.com.br\/wp-content\/uploads\/2023\/10\/IMG-20231003-WA0054-768x514.jpg 768w\" sizes=\"(max-width: 539px) 100vw, 539px\" \/><\/figure>\n\n\n\n<p>A Artista Pl\u00e1stica Teresa Kodama participa da Exposi\u00e7\u00e3o intitulada &#8220;Elas, Delas, Por Elas&#8221;, a For\u00e7a Feminina na Arte Brasileira, com Artistas renomadas, tendo como Curadoras Fl\u00e1via Coelho e Carmen Pousada, da Inn&nbsp;Gallery&nbsp;Arte e Design.&nbsp;&nbsp;<\/p>\n\n\n\n<p>A Vernissage se realizou em 05 de outubro de 2023, \u00e0s 19 horas, na Av. de La Mem\u00f3ria 3 &#8211; Casa do Brasil, Centro Cultural Madrid.&nbsp;&nbsp;<\/p>\n\n\n\n<p>A Exposi\u00e7\u00e3o permanecer\u00e1 no per\u00edodo de 05 de outubro a 05 de novembro de 2023.&nbsp;&nbsp;<\/p>\n\n\n\n<p>Teresa est\u00e1 com duas obras intituladas &#8220;Linda Mulher&#8221; e&nbsp;&#8220;Retrato de Mulher&#8221;.&nbsp;&nbsp;<\/p>\n\n\n\n<p>A felicidade de Teresa Kodama \u00e9 imensa, pois est\u00e1 expondo as suas obras na Europa, demonstrando a For\u00e7a da Mulher nas Artes Pl\u00e1sticas.&nbsp;&nbsp;<\/p>\n\n\n\n<p>Agradecimentos as Curadoras Fl\u00e1via Coelho e a Carmen&nbsp;Pousada pela&nbsp;oportunidade em apresentar as minhas obras na Casa do Brasil, Centro Cultural Madrid.&nbsp;&nbsp;<\/p>\n\n\n\n<p>Visitem a Exposi\u00e7\u00e3o e se&nbsp;sitam&nbsp;envolvidos com as obras das renomadas Artistas&nbsp;<\/p>\n","protected":false},"excerpt":{"rendered":"<p>A Artista Pl\u00e1stica Teresa Kodama participa da Exposi\u00e7\u00e3o intitulada &#8220;Elas, Delas, Por Elas&#8221;, a For\u00e7a&#8230;<\/p>\n","protected":false},"author":19,"featured_media":10744,"comment_status":"closed","ping_status":"open","sticky":false,"template":"","format":"standard","meta":{"om_disable_all_campaigns":false,"_monsterinsights_skip_tracking":false,"_monsterinsights_sitenote_active":false,"_monsterinsights_sitenote_note":"","_monsterinsights_sitenote_category":0,"spay_email":""},"categories":[26],"tags":[],"jetpack_featured_media_url":"https:\/\/vimagazine.com.br\/wp-content\/uploads\/2023\/10\/Screenshot_20231008_210227_Gmail.jpg","_links":{"self":[{"href":"https:\/\/vimagazine.com.br\/index.php?rest_route=\/wp\/v2\/posts\/10742"}],"collection":[{"href":"https:\/\/vimagazine.com.br\/index.php?rest_route=\/wp\/v2\/posts"}],"about":[{"href":"https:\/\/vimagazine.com.br\/index.php?rest_route=\/wp\/v2\/types\/post"}],"author":[{"embeddable":true,"href":"https:\/\/vimagazine.com.br\/index.php?rest_route=\/wp\/v2\/users\/19"}],"replies":[{"embeddable":true,"href":"https:\/\/vimagazine.com.br\/index.php?rest_route=%2Fwp%2Fv2%2Fcomments&post=10742"}],"version-history":[{"count":1,"href":"https:\/\/vimagazine.com.br\/index.php?rest_route=\/wp\/v2\/posts\/10742\/revisions"}],"predecessor-version":[{"id":10745,"href":"https:\/\/vimagazine.com.br\/index.php?rest_route=\/wp\/v2\/posts\/10742\/revisions\/10745"}],"wp:featuredmedia":[{"embeddable":true,"href":"https:\/\/vimagazine.com.br\/index.php?rest_route=\/wp\/v2\/media\/10744"}],"wp:attachment":[{"href":"https:\/\/vimagazine.com.br\/index.php?rest_route=%2Fwp%2Fv2%2Fmedia&parent=10742"}],"wp:term":[{"taxonomy":"category","embeddable":true,"href":"https:\/\/vimagazine.com.br\/index.php?rest_route=%2Fwp%2Fv2%2Fcategories&post=10742"},{"taxonomy":"post_tag","embeddable":true,"href":"https:\/\/vimagazine.com.br\/index.php?rest_route=%2Fwp%2Fv2%2Ftags&post=10742"}],"curies":[{"name":"wp","href":"https:\/\/api.w.org\/{rel}","templated":true}]}}