{"id":10780,"date":"2023-10-12T08:44:19","date_gmt":"2023-10-12T11:44:19","guid":{"rendered":"https:\/\/vimagazine.com.br\/?p=10780"},"modified":"2023-10-12T08:44:19","modified_gmt":"2023-10-12T11:44:19","slug":"escritora-suzy-hekamiah-participa-do-salao-do-livro-de-framinghan","status":"publish","type":"post","link":"https:\/\/vimagazine.com.br\/?p=10780","title":{"rendered":"Escritora Suzy Hekamiah participa do sal\u00e3o do livro de Framinghan"},"content":{"rendered":"\n<p>No pr\u00f3ximo dia 26 de outubro a escritora Suzy Hekamiah vai palestrar sobre literatura e representa\u00e7\u00e3o cultural feminina.<\/p>\n\n\n\n<p>Suzy tem ganhado grande destaque internacional em feiras de livros do mundo todo por conta de seu brilhante trabalho focado na literatura fantasiosa.<\/p>\n\n\n\n<figure class=\"wp-block-image size-full\"><img width=\"576\" height=\"1024\" src=\"https:\/\/vimagazine.com.br\/wp-content\/uploads\/2023\/10\/7af07151-218d-4480-a1c0-df95f34eb3f2.jpeg\" alt=\"\" class=\"wp-image-10783\" srcset=\"https:\/\/vimagazine.com.br\/wp-content\/uploads\/2023\/10\/7af07151-218d-4480-a1c0-df95f34eb3f2.jpeg 576w, https:\/\/vimagazine.com.br\/wp-content\/uploads\/2023\/10\/7af07151-218d-4480-a1c0-df95f34eb3f2-169x300.jpeg 169w\" sizes=\"(max-width: 576px) 100vw, 576px\" \/><\/figure>\n\n\n\n<p>Caxiense e radicada em Los Angeles Suzy se dedica \u00e0 literatura desde a inf\u00e2ncia quando escreveu seu primeiro livro C\u00f3digo dos Mares- Os contos do tempo.<\/p>\n\n\n\n<figure class=\"wp-block-image size-full is-resized\"><img src=\"https:\/\/vimagazine.com.br\/wp-content\/uploads\/2023\/10\/cd81e5e8-33b0-4398-bde3-1406be2e5ba5.jpeg\" alt=\"\" class=\"wp-image-10782\" width=\"475\" height=\"844\" srcset=\"https:\/\/vimagazine.com.br\/wp-content\/uploads\/2023\/10\/cd81e5e8-33b0-4398-bde3-1406be2e5ba5.jpeg 576w, https:\/\/vimagazine.com.br\/wp-content\/uploads\/2023\/10\/cd81e5e8-33b0-4398-bde3-1406be2e5ba5-169x300.jpeg 169w\" sizes=\"(max-width: 475px) 100vw, 475px\" \/><\/figure>\n\n\n\n<p>\u00ab&nbsp;Acredito que vai ser incr\u00edvel esse evento. Eu tenho preparado esta palestra sobre a Representa\u00e7\u00e3o Feminina na Literatura h\u00e1 algum tempo. S\u00e3o tantas formas e contextos hist\u00f3ricos que unem diferentes mulheres, em v\u00e1rias gera\u00e7\u00f5es, com o mesmo prop\u00f3sito de ter sua voz ouvida, ou melhor lida, atrav\u00e9s da Arte. Quero representar isso; como a Arte e a Educa\u00e7\u00e3o \u00e9 uma das maiores for\u00e7as que temos que fortalecem umas \u00e0s outras.&#8221; Finalizou a autora<\/p>\n\n\n\n<figure class=\"wp-block-image size-full\"><img width=\"576\" height=\"1024\" src=\"https:\/\/vimagazine.com.br\/wp-content\/uploads\/2023\/10\/704f12d9-0288-43c2-a3dd-0cded6d46350.jpeg\" alt=\"\" class=\"wp-image-10784\" srcset=\"https:\/\/vimagazine.com.br\/wp-content\/uploads\/2023\/10\/704f12d9-0288-43c2-a3dd-0cded6d46350.jpeg 576w, https:\/\/vimagazine.com.br\/wp-content\/uploads\/2023\/10\/704f12d9-0288-43c2-a3dd-0cded6d46350-169x300.jpeg 169w\" sizes=\"(max-width: 576px) 100vw, 576px\" \/><\/figure>\n","protected":false},"excerpt":{"rendered":"<p>No pr\u00f3ximo dia 26 de outubro a escritora Suzy Hekamiah vai palestrar sobre literatura e&#8230;<\/p>\n","protected":false},"author":18,"featured_media":10781,"comment_status":"closed","ping_status":"open","sticky":false,"template":"","format":"standard","meta":{"om_disable_all_campaigns":false,"_monsterinsights_skip_tracking":false,"_monsterinsights_sitenote_active":false,"_monsterinsights_sitenote_note":"","_monsterinsights_sitenote_category":0,"spay_email":""},"categories":[126],"tags":[],"jetpack_featured_media_url":"https:\/\/vimagazine.com.br\/wp-content\/uploads\/2023\/10\/6e700a48-b440-46f6-b135-dbcbe3f07304.jpeg","_links":{"self":[{"href":"https:\/\/vimagazine.com.br\/index.php?rest_route=\/wp\/v2\/posts\/10780"}],"collection":[{"href":"https:\/\/vimagazine.com.br\/index.php?rest_route=\/wp\/v2\/posts"}],"about":[{"href":"https:\/\/vimagazine.com.br\/index.php?rest_route=\/wp\/v2\/types\/post"}],"author":[{"embeddable":true,"href":"https:\/\/vimagazine.com.br\/index.php?rest_route=\/wp\/v2\/users\/18"}],"replies":[{"embeddable":true,"href":"https:\/\/vimagazine.com.br\/index.php?rest_route=%2Fwp%2Fv2%2Fcomments&post=10780"}],"version-history":[{"count":1,"href":"https:\/\/vimagazine.com.br\/index.php?rest_route=\/wp\/v2\/posts\/10780\/revisions"}],"predecessor-version":[{"id":10785,"href":"https:\/\/vimagazine.com.br\/index.php?rest_route=\/wp\/v2\/posts\/10780\/revisions\/10785"}],"wp:featuredmedia":[{"embeddable":true,"href":"https:\/\/vimagazine.com.br\/index.php?rest_route=\/wp\/v2\/media\/10781"}],"wp:attachment":[{"href":"https:\/\/vimagazine.com.br\/index.php?rest_route=%2Fwp%2Fv2%2Fmedia&parent=10780"}],"wp:term":[{"taxonomy":"category","embeddable":true,"href":"https:\/\/vimagazine.com.br\/index.php?rest_route=%2Fwp%2Fv2%2Fcategories&post=10780"},{"taxonomy":"post_tag","embeddable":true,"href":"https:\/\/vimagazine.com.br\/index.php?rest_route=%2Fwp%2Fv2%2Ftags&post=10780"}],"curies":[{"name":"wp","href":"https:\/\/api.w.org\/{rel}","templated":true}]}}