{"id":10786,"date":"2023-10-12T09:49:31","date_gmt":"2023-10-12T12:49:31","guid":{"rendered":"https:\/\/vimagazine.com.br\/?p=10786"},"modified":"2023-10-12T09:49:33","modified_gmt":"2023-10-12T12:49:33","slug":"nucleo-cervejeiro-da-ajorpeme-estara-presente-na-festa-das-tradicoes","status":"publish","type":"post","link":"https:\/\/vimagazine.com.br\/?p=10786","title":{"rendered":"N\u00facleo Cervejeiro da Ajorpeme estar\u00e1 presente na Festa das Tradi\u00e7\u00f5es"},"content":{"rendered":"\n<p class=\"has-text-align-center\">O chope servido na Festa das Tradi\u00e7\u00f5es de Joinville, que come\u00e7a hoje (11) e prossegue at\u00e9 domingo (15), ser\u00e1 fornecido pelas empresas do N\u00facleo Cervejeiro Caminho dos Pr\u00edncipes da Ajorpeme. <\/p>\n\n\n\n<p class=\"has-text-align-center\">Al\u00e9m da comercializa\u00e7\u00e3o de chope no Expocentro Edmundo Doubrawa, o grupo far\u00e1 oficinas para tratar da cultura cervejeira.<\/p>\n\n\n\n<p class=\"has-text-align-center\"> O N\u00facleo tamb\u00e9m ser\u00e1 respons\u00e1vel pelas competi\u00e7\u00f5es como chope equilibrista, em d\u00fazia, em metro e em litro.<\/p>\n\n\n\n<p class=\"has-text-align-center\"> Al\u00e9m do tradicional pilsen, as empresas ter\u00e3o \u00e0 disposi\u00e7\u00e3o dos amantes de chope mais de 100 estilos como vienna lager, dortmunder, m\u00e4rzen-oktoberfest, Ipa e chope de vinho. Todos s\u00e3o produzidos em Joinville e regi\u00e3o.<\/p>\n\n\n\n<p class=\"has-text-align-center\">Para o presidente do N\u00facleo Cervejeiro, Sandro Jardim, a participa\u00e7\u00e3o do grupo na Festa das Tradi\u00e7\u00f5es celebra a cultura cervejeira ocorre na Semana Municipal da Cerveja Artesanal, comemorada na segunda semana do m\u00eas de outubro. <\/p>\n\n\n\n<p class=\"has-text-align-center\">&#8220;O N\u00facleo visa manter viva a cultura cervejeira e tamb\u00e9m a comercializa\u00e7\u00e3o. A Festa das Tradi\u00e7\u00f5es ser\u00e1 uma vitrine para o N\u00facleo apresentar o produto que produzimos e comercializamos&#8221;, revela Jardim.<\/p>\n\n\n\n<p class=\"has-text-align-center\">Durante a oficina &#8220;Tradi\u00e7\u00e3o e Cultura Cervejeira de Joinville e Regi\u00e3o&#8221;, os nucleados ir\u00e3o fazer oficina gratuita de brassagem, que \u00e9 a produ\u00e7\u00e3o de cerveja artesanal ao vivo, com exposi\u00e7\u00e3o dos insumos necess\u00e1rios para fazer a bebida em casa. <\/p>\n\n\n\n<p class=\"has-text-align-center\">A outra oficina tamb\u00e9m ter\u00e1 brassagem e contar\u00e1 com a participa\u00e7\u00e3o de cervejeiros da Associa\u00e7\u00e3o dos Cervejeiros Artesanais de Santa Catarina (Acerva-SC) e plantadores de l\u00fapulo.<\/p>\n\n\n\n<p class=\"has-text-align-center\"> A entrada, estacionamento e atra\u00e7\u00f5es da Festa das Tradi\u00e7\u00f5es de Joinville s\u00e3o gratuitas.<\/p>\n\n\n\n<p class=\"has-text-align-center\"><strong>PROGRAMA\u00c7\u00c3O DA PARTICIPA\u00c7\u00c3O DO N\u00daCLEO CERVEJEIRO<\/strong><\/p>\n\n\n\n<p class=\"has-text-align-center\">11\/10<\/p>\n\n\n\n<p class=\"has-text-align-center\">20h15 &#8211; concurso de chope em litro<\/p>\n\n\n\n<p class=\"has-text-align-center\">12\/10<\/p>\n\n\n\n<p class=\"has-text-align-center\">11h30 &#8211; concurso de chope equilibrista<\/p>\n\n\n\n<p class=\"has-text-align-center\">12h30 &#8211; concurso de chope em d\u00fazia<\/p>\n\n\n\n<p class=\"has-text-align-center\">15h45 &#8211; concurso de chope em metro<\/p>\n\n\n\n<p class=\"has-text-align-center\">13\/10<\/p>\n\n\n\n<p class=\"has-text-align-center\">19h30 &#8211; oficina &#8220;Tradi\u00e7\u00e3o e Cultura Cervejeira de Joinville e Regi\u00e3o&#8221; com brassagem (produ\u00e7\u00e3o) de cerveja artesanal<\/p>\n\n\n\n<p class=\"has-text-align-center\">20h30 &#8211; concurso de chope em metro<\/p>\n\n\n\n<p class=\"has-text-align-center\">14\/10<\/p>\n\n\n\n<p class=\"has-text-align-center\">11h &#8211; concurso de chope em d\u00fazia<\/p>\n\n\n\n<p class=\"has-text-align-center\">11h45 &#8211; concurso de chope equilibrista<\/p>\n\n\n\n<p class=\"has-text-align-center\">15h45 &#8211; concurso de chope em metro<\/p>\n\n\n\n<p class=\"has-text-align-center\">15\/10<\/p>\n\n\n\n<p class=\"has-text-align-center\">10h30 &#8211; oficina de brassagem (produ\u00e7\u00e3o) de cerveja artesanal \/ participa\u00e7\u00e3o de cervejeiros da Acerva e plantadores de l\u00fapulo<\/p>\n\n\n\n<p class=\"has-text-align-center\">11h30 &#8211; concurso de chope equilibrista<\/p>\n\n\n\n<p class=\"has-text-align-center\">12h30 &#8211; concurso de chope em d\u00fazia<\/p>\n\n\n\n<p class=\"has-text-align-center\">15h45 &#8211; concurso de chope em metro<\/p>\n\n\n\n<p class=\"has-text-align-center\"><strong>CERVEJARIAS PARTICIPANTES<\/strong><\/p>\n\n\n\n<p class=\"has-text-align-center\">Rheinbier<\/p>\n\n\n\n<p class=\"has-text-align-center\">Monte Crist\u00e3<\/p>\n\n\n\n<p class=\"has-text-align-center\">Bierval<\/p>\n\n\n\n<p class=\"has-text-align-center\">Rasante<\/p>\n\n\n\n<p class=\"has-text-align-center\">Duas Marias<\/p>\n\n\n\n<p class=\"has-text-align-center\">Mille Bier<\/p>\n\n\n\n<p class=\"has-text-align-center\">Haensch<\/p>\n\n\n\n<p class=\"has-text-align-center\">Fonte: Poliana Santos<\/p>\n","protected":false},"excerpt":{"rendered":"<p>O chope servido na Festa das Tradi\u00e7\u00f5es de Joinville, que come\u00e7a hoje (11) e prossegue&#8230;<\/p>\n","protected":false},"author":3,"featured_media":10787,"comment_status":"closed","ping_status":"open","sticky":false,"template":"","format":"standard","meta":{"om_disable_all_campaigns":false,"_monsterinsights_skip_tracking":false,"_monsterinsights_sitenote_active":false,"_monsterinsights_sitenote_note":"","_monsterinsights_sitenote_category":0,"spay_email":""},"categories":[1],"tags":[],"jetpack_featured_media_url":"https:\/\/vimagazine.com.br\/wp-content\/uploads\/2023\/10\/ConcursoFestaDasTradicoes.jpg","_links":{"self":[{"href":"https:\/\/vimagazine.com.br\/index.php?rest_route=\/wp\/v2\/posts\/10786"}],"collection":[{"href":"https:\/\/vimagazine.com.br\/index.php?rest_route=\/wp\/v2\/posts"}],"about":[{"href":"https:\/\/vimagazine.com.br\/index.php?rest_route=\/wp\/v2\/types\/post"}],"author":[{"embeddable":true,"href":"https:\/\/vimagazine.com.br\/index.php?rest_route=\/wp\/v2\/users\/3"}],"replies":[{"embeddable":true,"href":"https:\/\/vimagazine.com.br\/index.php?rest_route=%2Fwp%2Fv2%2Fcomments&post=10786"}],"version-history":[{"count":1,"href":"https:\/\/vimagazine.com.br\/index.php?rest_route=\/wp\/v2\/posts\/10786\/revisions"}],"predecessor-version":[{"id":10788,"href":"https:\/\/vimagazine.com.br\/index.php?rest_route=\/wp\/v2\/posts\/10786\/revisions\/10788"}],"wp:featuredmedia":[{"embeddable":true,"href":"https:\/\/vimagazine.com.br\/index.php?rest_route=\/wp\/v2\/media\/10787"}],"wp:attachment":[{"href":"https:\/\/vimagazine.com.br\/index.php?rest_route=%2Fwp%2Fv2%2Fmedia&parent=10786"}],"wp:term":[{"taxonomy":"category","embeddable":true,"href":"https:\/\/vimagazine.com.br\/index.php?rest_route=%2Fwp%2Fv2%2Fcategories&post=10786"},{"taxonomy":"post_tag","embeddable":true,"href":"https:\/\/vimagazine.com.br\/index.php?rest_route=%2Fwp%2Fv2%2Ftags&post=10786"}],"curies":[{"name":"wp","href":"https:\/\/api.w.org\/{rel}","templated":true}]}}